{"id":10153,"date":"2015-10-27T18:50:47","date_gmt":"2015-10-27T17:50:47","guid":{"rendered":"http:\/\/www.infosadowne.boo.pl\/?p=10153"},"modified":"2015-10-27T18:50:47","modified_gmt":"2015-10-27T17:50:47","slug":"muzeum-lata-tworzenia","status":"publish","type":"post","link":"http:\/\/info.sadowne.pl\/?p=10153","title":{"rendered":"Muzeum &#8211; lata tworzenia"},"content":{"rendered":"<p style=\"text-align: justify;\"><strong><a href=\"http:\/\/www.info.sadowne.pl\/wp-content\/uploads\/2015\/10\/2015.10.27.1.jpg\" target=\"_blank\"><img loading=\"lazy\" decoding=\"async\" class=\"alignleft wp-image-10154 size-thumbnail\" src=\"http:\/\/www.info.sadowne.pl\/wp-content\/uploads\/2015\/10\/2015.10.27.1-180x130.jpg\" alt=\"2015.10.27.1\" width=\"180\" height=\"130\" \/><\/a>Osoby, kt\u00f3re mia\u0142y okazj\u0119 zobaczy\u0107 zbiory Izby Pami\u0119ci Narodowej, we wpisach do ksi\u0119gi gratulowa\u0142y jej organizatorowi, <\/strong><!--more--><\/p>\n<p style=\"text-align: justify;\"><strong>wyra\u017ca\u0142y podziw, a w wielu przypadkach by\u0142y to r\u00f3wnie\u017c podzi\u0119kowania. <\/strong><\/p>\n<p style=\"text-align: justify;\">G\u0142\u00f3wnie dzi\u0119kowano za to, \u017ce kto\u015b ocali\u0142 te wszystkie wa\u017cne i mniej wa\u017cne pami\u0105tki od zapomnienia. Podziwiano trud i w\u0142asny wysi\u0142ek Bogus\u0142awa Kicia oraz jego pomocnik\u00f3w.<\/p>\n<p style=\"text-align: justify;\"><a href=\"http:\/\/www.info.sadowne.pl\/wp-content\/uploads\/2015\/10\/2015.10.27.2.jpg\" target=\"_blank\"><img loading=\"lazy\" decoding=\"async\" class=\"alignright wp-image-10155 size-thumbnail\" src=\"http:\/\/www.info.sadowne.pl\/wp-content\/uploads\/2015\/10\/2015.10.27.2-180x130.jpg\" alt=\"2015.10.27.2\" width=\"180\" height=\"130\" srcset=\"http:\/\/info.sadowne.pl\/wp-content\/uploads\/2015\/10\/2015.10.27.2-180x130.jpg 180w, http:\/\/info.sadowne.pl\/wp-content\/uploads\/2015\/10\/2015.10.27.2-300x218.jpg 300w, http:\/\/info.sadowne.pl\/wp-content\/uploads\/2015\/10\/2015.10.27.2.jpg 800w\" sizes=\"auto, (max-width: 180px) 100vw, 180px\" \/><\/a>Pierwszego honorowego wpisu do Z\u0142otej Ksi\u0119gi dokona\u0142 sam organizator Izby Pami\u0119ci: \u201eJestem szcz\u0119\u015bliwy, \u017ce uda\u0142o mi si\u0119 zgromadzi\u0107 wiele wspania\u0142ych eksponat\u00f3w tworz\u0105c Izb\u0119 Pami\u0119ci Narodowej w szkole, w kt\u00f3rej pracuj\u0119. Obrazuje ona postaw\u0119 i dzia\u0142alno\u015b\u0107 patriotyczn\u0105 ludzi zwi\u0105zanych z naszym sadowie\u0144skim \u015brodowiskiem\u201d.<\/p>\n<p style=\"text-align: justify;\">Niew\u0105tpliwy sukces Izby Pami\u0119ci nie by\u0142 uwie\u0144czeniem marze\u0144 Bogus\u0142awa Kicia. Ca\u0142y czas mia\u0142 jeszcze drugie pragnienie \u2013 stworzy\u0107 ekspozycj\u0119 na du\u017co szersz\u0105 skal\u0119\u2026<\/p>\n<p style=\"text-align: justify;\"><a href=\"http:\/\/www.info.sadowne.pl\/wp-content\/uploads\/2015\/10\/2015.10.27.3.jpg\" target=\"_blank\"><img loading=\"lazy\" decoding=\"async\" class=\"alignleft wp-image-10156 size-thumbnail\" src=\"http:\/\/www.info.sadowne.pl\/wp-content\/uploads\/2015\/10\/2015.10.27.3-180x130.jpg\" alt=\"2015.10.27.3\" width=\"180\" height=\"130\" \/><\/a>\u2026Pocz\u0105tkowo zbieranie materia\u0142\u00f3w ogranicza\u0142 do zbierania dokument\u00f3w obrazuj\u0105cych dzia\u0142alno\u015b\u0107 szkolnictwa, dzia\u0142alno\u015b\u0107 administracyjn\u0105 so\u0142ectw, gminy, powiatu. Wa\u017cn\u0105 pozycj\u0119 stanowi\u0142y dokumenty m\u00f3wi\u0105ce o stosunkach dworu do ch\u0142op\u00f3w pa\u0144szczy\u017anianych. Nast\u0119pna faza zainteresowa\u0144 to rodowody wsi gminy Sadowne, \u017cycie codzienne, praca i kultura ich mieszka\u0144c\u00f3w. W bardzo kr\u00f3tkim czasie uda\u0142o si\u0119 nazbiera\u0107 tak du\u017co eksponat\u00f3w, \u017ce mo\u017cna by\u0142o realnie pomy\u015ble\u0107 o zorganizowaniu sali ekspozycyjnej i o bliskim otwarciu muzeum.<\/p>\n<p style=\"text-align: justify;\"><a href=\"http:\/\/www.info.sadowne.pl\/wp-content\/uploads\/2015\/10\/2015.10.27.4.jpg\" target=\"_blank\"><img loading=\"lazy\" decoding=\"async\" class=\"alignright wp-image-10157 size-thumbnail\" src=\"http:\/\/www.info.sadowne.pl\/wp-content\/uploads\/2015\/10\/2015.10.27.4-180x130.jpg\" alt=\"2015.10.27.4\" width=\"180\" height=\"130\" \/><\/a>Zakres tematyki zbieractwa rozszerzy\u0142 si\u0119 z chwil\u0105 zaistnienia w szkole w Sadownem warunk\u00f3w lokalowych do przechowywania i eksponowania zbior\u00f3w. Powsta\u0142 pomys\u0142 umieszczenia ich w oddzielnym budynku. By\u0142 to parterowy, drewniany budynek, w kt\u00f3rym znajdowa\u0142o si\u0119 osiem pomieszcze\u0144 zaadoptowanych na cele muzeum. Zosta\u0142 on zbudowany przez Niemc\u00f3w podczas okupacji, a m\u0142odzie\u017cy miejscowego liceum s\u0142u\u017cy\u0142 do ko\u0144ca 1965 r. jako internat. Natomiast do po\u0142owy lat siedemdziesi\u0105tych by\u0142 u\u017cytkowany jako mieszkania dla nauczycieli. Po wybudowaniu Domu Nauczyciela (przy ul. Grunwaldzkiej), bursa zosta\u0142a oddana do u\u017cytku dyrektora Kicia. Kilkuletnie, uci\u0105\u017cliwe i zupe\u0142nie bezinteresowne prace sadowie\u0144skich kolekcjoner\u00f3w zosta\u0142y uwie\u0144czone sukcesem.<\/p>\n<p style=\"text-align: justify;\"><a href=\"http:\/\/www.info.sadowne.pl\/wp-content\/uploads\/2015\/10\/2015.10.27.5.jpg\" target=\"_blank\"><img loading=\"lazy\" decoding=\"async\" class=\"alignleft wp-image-10158 size-thumbnail\" src=\"http:\/\/www.info.sadowne.pl\/wp-content\/uploads\/2015\/10\/2015.10.27.5-180x130.jpg\" alt=\"2015.10.27.5\" width=\"180\" height=\"130\" \/><\/a>Zbieranie eksponat\u00f3w odbywa\u0142o si\u0119 w przer\u00f3\u017cny spos\u00f3b\u2026 Podczas penetracji terenu ujawni\u0142a si\u0119 mnogo\u015b\u0107 materia\u0142u etnograficznego, dotycz\u0105cego przede wszystkim kultury materialnej. W zwi\u0105zku z tym wkr\u00f3tce zaistnia\u0142a konieczno\u015b\u0107 znalezienia dodatkowych pomieszcze\u0144 na eksponaty, kt\u00f3re swymi wymiarami nie mie\u015bci\u0142y si\u0119 w baraku. St\u0105d te\u017c czynem spo\u0142ecznym nauczycieli, uczni\u00f3w i pracownik\u00f3w Zbiorczej Szko\u0142y Gminnej w Sadownem zosta\u0142 wybudowany obiekt o wymiarach 15X7 m.<\/p>\n<p style=\"text-align: justify;\"><a href=\"http:\/\/www.info.sadowne.pl\/wp-content\/uploads\/2015\/10\/2015.10.27.6.jpg\" target=\"_blank\"><img loading=\"lazy\" decoding=\"async\" class=\"alignright wp-image-10159 size-thumbnail\" src=\"http:\/\/www.info.sadowne.pl\/wp-content\/uploads\/2015\/10\/2015.10.27.6-180x130.jpg\" alt=\"2015.10.27.6\" width=\"180\" height=\"130\" \/><\/a>Eksponaty w Muzeum rozmieszczono tematycznie, w poszczeg\u00f3lnych dzia\u0142ach. Prawie ka\u017cdy dzia\u0142 znajdowa\u0142 si\u0119 w oddzielnym pomieszczeniu (w chwili otwarcia muzeum zaprezentowano \u0142\u0105cznie osiem dzia\u0142\u00f3w, kt\u00f3re pocz\u0105tkowo, do 1983 r. rozmieszczone by\u0142y w sze\u015bciu pomieszczeniach baraku oraz w dobudowanej \u201epowozowni\u201d. Zgromadzono oko\u0142o 2000 eksponat\u00f3w. \u0141\u0105czna powierzchnia pawilonu muzealnego wynosi\u0142a 160 m2 i \u201epowozowni\u201d 105 m2.<\/p>\n<p style=\"text-align: justify;\">Ofiarno\u015bci mieszka\u0144c\u00f3w regionu, zmys\u0142owi organizatorskiemu inicjatora zawdzi\u0119cza\u0107 nale\u017cy fakt, i\u017c w dniu 11 czerwca 1978 r. odby\u0142a si\u0119 uroczysto\u015b\u0107 otwarcia muzeum. U\u015bwietni\u0142 j\u0105 festiwal zespo\u0142\u00f3w harcerskich i K\u00f3\u0142 Gospody\u0144 Wiejskich oraz kiermasz sztuki ludowej.<\/p>\n<p style=\"text-align: justify;\"><a href=\"http:\/\/www.info.sadowne.pl\/wp-content\/uploads\/2015\/10\/2015.10.27.7.jpg\" target=\"_blank\"><img loading=\"lazy\" decoding=\"async\" class=\"alignleft wp-image-10160 size-thumbnail\" src=\"http:\/\/www.info.sadowne.pl\/wp-content\/uploads\/2015\/10\/2015.10.27.7-180x130.jpg\" alt=\"2015.10.27.7\" width=\"180\" height=\"130\" \/><\/a>Od chwili otwarcia dla zwiedzaj\u0105cych Muzeum Ziemi Sadowie\u0144skiej akcja powi\u0119kszania zbior\u00f3w trwa\u0142a nadal \u2013 najwi\u0119kszy przyrost eksponat\u00f3w nast\u0105pi\u0142 w latach osiemdziesi\u0105tych, wed\u0142ug stanu inwentaryzacji z 1983 roku Muzeum zgromadzi\u0142o oko\u0142o 2500 eksponat\u00f3w, kt\u00f3re tematycznie zosta\u0142y rozmieszczone w siedmiu salach muzeum i \u201epowozowni\u201d. Zwiedzaj\u0105cym proponowano nast\u0119puj\u0105ce dzia\u0142y tematyczne:<\/p>\n<p style=\"text-align: justify;\">&#8211; archeologia i historia,<\/p>\n<p style=\"text-align: justify;\">&#8211; dawne narz\u0119dzia i sprz\u0119t rolniczy,<\/p>\n<p style=\"text-align: justify;\">&#8211; umeblowanie izby wiejskiej i sprz\u0119t gospodarstwa domowego,<\/p>\n<p style=\"text-align: justify;\">&#8211; narz\u0119dzia rzemios\u0142a i przemys\u0142u wiejskiego,<\/p>\n<p style=\"text-align: justify;\"><a href=\"http:\/\/www.info.sadowne.pl\/wp-content\/uploads\/2015\/10\/2015.10.27.8.jpg\" target=\"_blank\"><img loading=\"lazy\" decoding=\"async\" class=\"alignright wp-image-10161 size-thumbnail\" src=\"http:\/\/www.info.sadowne.pl\/wp-content\/uploads\/2015\/10\/2015.10.27.8-180x130.jpg\" alt=\"2015.10.27.8\" width=\"180\" height=\"130\" \/><\/a>&#8211; bartnictwo, \u0142owiectwo, rybo\u0142\u00f3wstwo,<\/p>\n<p style=\"text-align: justify;\">&#8211; o\u015bwiata i kultura,<\/p>\n<p style=\"text-align: justify;\">&#8211; pi\u015bmiennictwo.<\/p>\n<p style=\"text-align: justify;\">Do ko\u0144ca lat osiemdziesi\u0105tych funkcjonowanie Muzeum odbywa\u0142o si\u0119 w spos\u00f3b dynamiczny, a jego kustosz \u2013 Bogus\u0142aw Ki\u0107, pomimo wielu trudno\u015bci, umacnia\u0142 rang\u0119 plac\u00f3wki, jednocze\u015bnie walcz\u0105c o popraw\u0119 jej warunk\u00f3w lokalowych. Rol\u0119 opiekuna i kustosza pe\u0142ni\u0142 od pocz\u0105tku istnienia Izby Pami\u0119ci Narodowej, a nast\u0119pnie (do roku 1990) Muzeum Ziemi Sadowie\u0144skiej, kt\u00f3re w dniu 18.05.1999 r. oficjalnie utworzy\u0142 i przej\u0105\u0142 pod swoje \u201eskrzyd\u0142a\u201d Uchwa\u0142\u0105 nr 10\/59\/99 sadowie\u0144ski Samorz\u0105d.<\/p>\n<p style=\"text-align: justify;\"><strong>\u0179r\u00f3d\u0142a:<\/strong><\/p>\n<p style=\"text-align: justify;\">&#8211; \u201eMuzeum Ziemi Sadowie\u0144skiej w latach 1973 \u2013 1998\u201d, Jolanta Kuziak \u2013 praca magisterska WSRP Siedlce, Siedlce 1999<\/p>\n<p style=\"text-align: justify;\">&#8211; fotografie ze zbior\u00f3w Muzeum Ziemi Sadowie\u0144skiej<\/p>\n","protected":false},"excerpt":{"rendered":"<p>Osoby, kt\u00f3re mia\u0142y okazj\u0119 zobaczy\u0107 zbiory Izby Pami\u0119ci Narodowej, we wpisach do ksi\u0119gi gratulowa\u0142y jej organizatorowi,<\/p>\n","protected":false},"author":1,"featured_media":0,"comment_status":"open","ping_status":"open","sticky":false,"template":"","format":"standard","meta":{"footnotes":""},"categories":[5,1607,31],"tags":[1608,101,79],"class_list":["post-10153","post","type-post","status-publish","format-standard","hentry","category-newsy","category-muzeum-historia-gminy","category-historia-gminy","tag-boguslaw-kic","tag-historia-gminy-sadowne","tag-muzeum-ziemi-sadowienskiej"],"views":3816,"_links":{"self":[{"href":"http:\/\/info.sadowne.pl\/index.php?rest_route=\/wp\/v2\/posts\/10153","targetHints":{"allow":["GET"]}}],"collection":[{"href":"http:\/\/info.sadowne.pl\/index.php?rest_route=\/wp\/v2\/posts"}],"about":[{"href":"http:\/\/info.sadowne.pl\/index.php?rest_route=\/wp\/v2\/types\/post"}],"author":[{"embeddable":true,"href":"http:\/\/info.sadowne.pl\/index.php?rest_route=\/wp\/v2\/users\/1"}],"replies":[{"embeddable":true,"href":"http:\/\/info.sadowne.pl\/index.php?rest_route=%2Fwp%2Fv2%2Fcomments&post=10153"}],"version-history":[{"count":1,"href":"http:\/\/info.sadowne.pl\/index.php?rest_route=\/wp\/v2\/posts\/10153\/revisions"}],"predecessor-version":[{"id":10162,"href":"http:\/\/info.sadowne.pl\/index.php?rest_route=\/wp\/v2\/posts\/10153\/revisions\/10162"}],"wp:attachment":[{"href":"http:\/\/info.sadowne.pl\/index.php?rest_route=%2Fwp%2Fv2%2Fmedia&parent=10153"}],"wp:term":[{"taxonomy":"category","embeddable":true,"href":"http:\/\/info.sadowne.pl\/index.php?rest_route=%2Fwp%2Fv2%2Fcategories&post=10153"},{"taxonomy":"post_tag","embeddable":true,"href":"http:\/\/info.sadowne.pl\/index.php?rest_route=%2Fwp%2Fv2%2Ftags&post=10153"}],"curies":[{"name":"wp","href":"https:\/\/api.w.org\/{rel}","templated":true}]}}