{"id":10565,"date":"2015-12-07T21:15:06","date_gmt":"2015-12-07T20:15:06","guid":{"rendered":"http:\/\/www.infosadowne.boo.pl\/?p=10565"},"modified":"2015-12-07T21:15:06","modified_gmt":"2015-12-07T20:15:06","slug":"5-minut-o-mijajacym-roku","status":"publish","type":"post","link":"http:\/\/info.sadowne.pl\/?p=10565","title":{"rendered":"5 minut o&#8230; mijaj\u0105cym roku"},"content":{"rendered":"<p style=\"text-align: justify;\"><strong><img loading=\"lazy\" decoding=\"async\" class=\"alignleft size-thumbnail wp-image-7835\" src=\"http:\/\/www.info.sadowne.pl\/wp-content\/uploads\/2015\/02\/wojtcyran-180x130.jpg\" alt=\"wojtcyran\" width=\"180\" height=\"130\" srcset=\"http:\/\/info.sadowne.pl\/wp-content\/uploads\/2015\/02\/wojtcyran-180x130.jpg 180w, http:\/\/info.sadowne.pl\/wp-content\/uploads\/2015\/02\/wojtcyran-300x215.jpg 300w, http:\/\/info.sadowne.pl\/wp-content\/uploads\/2015\/02\/wojtcyran.jpg 784w\" sizes=\"auto, (max-width: 180px) 100vw, 180px\" \/>Witam Pa\u0144stwa!<\/strong><!--more--><\/p>\n<p style=\"text-align: justify;\"><strong>Drodzy mieszka\u0144cy Gminy Sadowne!<\/strong><\/p>\n<p style=\"text-align: justify;\">Mija w\u0142a\u015bnie rok od dnia, kiedy obdarzyli\u015bcie mnie swoim zaufaniem i wybrali\u015bcie na stanowisko W\u00f3jta naszej Gminy.<\/p>\n<p style=\"text-align: justify;\">Od pierwszego dnia, kiedy obj\u0105\u0142em urz\u0105d W\u00f3jta Gminy Sadowne, staram si\u0119 konsekwentnie realizowa\u0107 sw\u00f3j program wyborczy, kt\u00f3ry zaakceptowali\u015bcie pod has\u0142em: \u201eSzacunek do ludzi, wiary i tradycji w Nowoczesnej Gminie\u201d. My\u015bl\u0119, \u017ce po 12. miesi\u0105cach mog\u0119 powiedzie\u0107: jest to dobra i w\u0142a\u015bciwa droga dla naszej Gminy oraz dla naszych mieszka\u0144c\u00f3w.<\/p>\n<p style=\"text-align: justify;\">W dniu, kiedy usiad\u0142em w fotelu W\u00f3jta Gminy Sadowne, realnie poczu\u0142em odpowiedzialno\u015b\u0107 za przysz\u0142o\u015b\u0107 naszej Gminy. Pami\u0119tam narastaj\u0105ce uczucie obaw i niepewno\u015bci oraz my\u015bl: \u201eczy na pewno sprostam Waszym oczekiwaniom\u201d. Wiem, \u017ce to bardzo naturalne odczucie w takiej sytuacji.<\/p>\n<p style=\"text-align: justify;\">Pierwsze tygodnie up\u0142yn\u0119\u0142y pod znakiem poznawania ludzi, spraw i zada\u0144 do zrealizowania w najbli\u017cszym czasie, po\u015br\u00f3d kt\u00f3rych szczeg\u00f3lne miejsce zajmowa\u0142y: modernizacja stadionu, budowa chodnika w miejscowo\u015bci Sok\u00f3\u0142ka (po\u0142\u0105czona z modernizacj\u0105 \u015bwietlicy wiejskiej), budowa parkingu w Sadownem przy ul. Stefanowicza &#8211; z czasem realizacji po z\u0142o\u017ceniu aneksu do 31 marca 2015 r.<\/p>\n<p style=\"text-align: justify;\">Wszyscy wiemy, \u017ce dla realizacji takich inwestycji okres zimowy raczej jest niesprzyjaj\u0105cy i obarczony du\u017cym ryzykiem. Brak wykonania zada\u0144 skutkowa\u0142by utrat\u0105 dofinansowania, tym samym dodatkowych pieni\u0119dzy do naszego bud\u017cetu, a na to nie mo\u017cemy sobie pozwoli\u0107. W mi\u0119dzyczasie odbywa\u0142y si\u0119 kolejne przetargi potrzebne do normalnego funkcjonowania Gminy takie, jak wy\u0142onienie odbiorcy odpad\u00f3w czy konserwacja o\u015bwietlenia. Pogoda sprzyja\u0142a i wszystko uda\u0142o si\u0119 zrealizowa\u0107 \u2013 my\u015bl\u0119, \u017ce na szkoln\u0105 \u201e5\u201d.<\/p>\n<p style=\"text-align: justify;\">W tym samym okresie zosta\u0142y przeprowadzone wybory do w\u0142adz so\u0142eckich w naszych wsiach, kt\u00f3re poprzedza\u0142a masa spotka\u0144 z mieszka\u0144cami, pozwalaj\u0105ca poznawa\u0107 ich potrzeby &#8211; jeszcze bli\u017cej ni\u017c przed wyborami samorz\u0105dowymi.<\/p>\n<p style=\"text-align: justify;\">I tak przysz\u0142a wiosna i wczesne lato \u2013 3 Maja, Dzie\u0144 Flagi Narodowej, \u015awi\u0119to Stra\u017cak\u00f3w OSP. Sadowne zaprezentowa\u0142o si\u0119 w bia\u0142o-czerwonych barwach \u2013 by\u0142o uroczy\u015bcie, patriotycznie, ale to nie tylko moja zas\u0142uga. Bez pomocy innych i Was &#8211; Drodzy Mieszka\u0144cy &#8211; tak by nie by\u0142o i za to dzi\u0119kuj\u0119, g\u0142\u00f3wnie za Wasz\u0105 postaw\u0119 i za to, \u017ce mog\u0119 zawsze na Was liczy\u0107.<\/p>\n<p style=\"text-align: justify;\">W tym roku obchodzili\u015bmy 25-lecie Samorz\u0105du, odwiedzi\u0142o nas wiele zacnych go\u015bci, kt\u00f3rzy dobrze nam \u017cycz\u0105: w\u0142adze s\u0105siednich Gmin, w\u0142adze Powiatowe, najwy\u017csze w\u0142adze Sejmiku Wojew\u00f3dztwa Mazowieckiego, przedstawiciele Parlamentu i Senatu RP. Uhonorowali\u015bmy osoby zas\u0142u\u017cone dla naszej Gminy pami\u0105tkowymi medalami.<\/p>\n<p style=\"text-align: justify;\">Wiem\u2026 nie wszystkich zauwa\u017cyli\u015bmy, ale prosz\u0119 &#8211; nie odbierajcie tego jako celowego dzia\u0142ania, po prostu &#8211; przy takich okazjach nie spos\u00f3b podzi\u0119kowa\u0107 ka\u017cdemu. W spos\u00f3b szczeg\u00f3lny chcia\u0142bym wspomnie\u0107 wyst\u0105pienie Burmistrza \u0141ochowa \u015bp. Mariana Dzi\u0119cio\u0142a, kt\u00f3ry bardzo realnie ocenia\u0142 nasz\u0105 Gmin\u0119 i jej miejsce na mapie wojew\u00f3dztwa mazowieckiego &#8211; za t\u0119 szczero\u015b\u0107 dzi\u0119kuj\u0119 mu. Cho\u0107 do\u015b\u0107 kr\u00f3tko znali\u015bmy si\u0119, pozostanie w mojej pami\u0119ci.<\/p>\n<p style=\"text-align: justify;\">Latem odby\u0142 si\u0119 tradycyjny Festyn Wakacyjny. Gwiazd\u0105 wieczoru by\u0142 Zenek Martyniuk z zespo\u0142em Akcent, \u00a0no i si\u0119 zacz\u0119\u0142o\u2026 obl\u0119\u017cenie Sadownego fanami Disco Polo \u2013 pami\u0119tacie?<\/p>\n<p style=\"text-align: justify;\">Wsp\u00f3lnym wysi\u0142kiem Gminnego O\u015brodka Kultury, Zak\u0142adu Gospodarki Komunalnej, przy wsp\u00f3\u0142pracy Parafii, odby\u0142y si\u0119 Gminno &#8211; Parafialne Do\u017cynki. W ten spos\u00f3b uczcili\u015bmy r\u00f3wnie\u017c rolnik\u00f3w senior\u00f3w, kt\u00f3rzy przed laty, w wielkim trudzie rozwijali rolnictwo w naszej Gminie, a tym samym zaszczepili nam, m\u0142odym, mi\u0142o\u015b\u0107 do ziemi i pracy na niej.<\/p>\n<p style=\"text-align: justify;\">Sadowie\u0144ska \u015bwi\u0105tynia dawno nie go\u015bci\u0142a tak licznych delegacji rolnik\u00f3w z poszczeg\u00f3lnych so\u0142ectw ze wspania\u0142ymi wie\u0144cami, nios\u0105cych podzi\u0119kowanie i pro\u015bby do Boga o plony oraz \u0142askaw\u0105 pogod\u0119 dla nas &#8211; rolnik\u00f3w. Ponownie odwiedzili nas wspaniali go\u015bcie i wieczorem wsp\u00f3lna zabawa \u2013 by\u0142o pi\u0119knie. Warto si\u0119 tak trudzi\u0107, aby mie\u0107 takie wspomnienia. Dzi\u0119kuj\u0119 Wam wszystkich, kt\u00f3rzy tak licznie brali\u015bcie w nich udzia\u0142. Dzi\u0119kuj\u0119 r\u00f3wnie\u017c za trud, jaki w\u0142o\u017cyli\u015bcie w przygotowanie wie\u0144c\u00f3w do\u017cynkowych. Wierz\u0119, \u017ce b\u0119dziemy tak \u015bwi\u0119towa\u0107 rokrocznie.<\/p>\n<p style=\"text-align: justify;\">Przez ten rok wybrali\u015bmy najwy\u017csze w\u0142adze pa\u0144stwowe, parlamentarne, to r\u00f3wnie\u017c dzi\u0119ki g\u0142osom mieszka\u0144c\u00f3w Gminy Sadowne mamy aktualny uk\u0142ad si\u0142 w Parlamencie.<\/p>\n<p style=\"text-align: justify;\">Nie spos\u00f3b zapomnie\u0107, ile niepokoju o czysto\u015b\u0107 i ekologiczny charakter naszej Gminy zasia\u0142 w nas wszystkich inwestor, kt\u00f3ry zamierza\u0142 otworzy\u0107 po by\u0142ym Zak\u0142adzie Silikaty RIPOK SADOWNE instalacj\u0119 do segregacji \u015bmieci. Dzi\u015b mog\u0119 powiedzie\u0107, \u017ce to ju\u017c przesz\u0142o\u015b\u0107 i podj\u0119te dzia\u0142anie oraz decyzje na zawsze obroni\u0105 nasz\u0105 Gmin\u0119 przed niepo\u017c\u0105danymi inwestycjami w tym Zak\u0142adzie. Gmina Sadowne potrzebuje rozwoju, ale nie kosztem naszego czystego \u015brodowiska i naszych mieszka\u0144c\u00f3w.<\/p>\n<p style=\"text-align: justify;\">Sadowne jest Gmin\u0105 czyst\u0105, ekologiczn\u0105, przyjazn\u0105 i o tak\u0105 musimy dba\u0107. Postaramy si\u0119, aby tak\u0105 pozosta\u0142a.<\/p>\n<p style=\"text-align: justify;\">W ci\u0105gu tego roku zosta\u0142 r\u00f3wnie\u017c powo\u0142any do \u017cycia Sadowie\u0144ski Klub Seniora, wybudowano kolejne kilometry wodoci\u0105g\u00f3w, dr\u00f3g asfaltowych, nowe oblicze zyskuj\u0105 \u015bwietlice wiejskie, ulice, chodniki i wierz\u0119, \u017ce te zmiany Pa\u0144stwo zauwa\u017cacie.<\/p>\n<p style=\"text-align: justify;\">To wszystko, co si\u0119 zmienia na lepsze w naszej Gminie, to nie tylko moja zas\u0142uga, ale praca ca\u0142ej rzeszy pracownik\u00f3w: Urz\u0119du Gminy, Zak\u0142adu Gospodarki Komunalnej, Gminnego O\u015brodka Kultury wraz z Muzeum i Gminn\u0105 Bibliotek\u0105 Publiczn\u0105, Gminnego O\u015brodka Pomocy Spo\u0142ecznej, Gminnej Komisji Rozwi\u0105zywania Problem\u00f3w Alkoholowych, jednostek Ochotniczej Stra\u017cy Po\u017carnej oraz wszystkich jednostek o\u015bwiatowych &#8211; od Przedszkola po Zesp\u00f3\u0142 Szk\u00f3\u0142 Ponadgimnazjalnych, organizacji pozarz\u0105dowych, medi\u00f3w, kt\u00f3re dzia\u0142aj\u0105 na terenie gminy Sadowne, a tak\u017ce Was wszystkich \u2013 Drodzy Mieszka\u0144cy. Za to jeszcze raz Wam dzi\u0119kuj\u0119.<\/p>\n<p style=\"text-align: justify;\">Szczeg\u00f3lne podzi\u0119kowania chcia\u0142bym z\u0142o\u017cy\u0107 Staro\u015bcie W\u0119growskiemu za wsp\u00f3lne dzia\u0142ania na rzecz\u00a0 Gminy Sadowne, \u00a0Radzie Gminy i So\u0142tysom za rozs\u0105dne podej\u015bcie do zada\u0144 jakie s\u0105 jeszcze przed nami do zrealizowania, ale i za te, kt\u00f3re ju\u017c uda\u0142o si\u0119 nam wykona\u0107. Bez Waszego spokojnego i rzeczowego podej\u015bcia by\u0142oby du\u017co trudniej.<\/p>\n<p style=\"text-align: justify;\">Przed nami kolejny rok, nowe plany i zadania, ale o tym chcia\u0142bym Pa\u0144stwa poinformowa\u0107 na bezpo\u015brednim spotkaniu w Sali OSP Sadowne ju\u017c po nowym roku. Do zobaczenia.<\/p>\n<p style=\"text-align: justify;\"><strong>Z wyrazami szacunku i pozdrowieniami Wasz W\u00f3jt &#8211; Waldemar Cyran<\/strong><\/p>\n","protected":false},"excerpt":{"rendered":"<p>Witam Pa\u0144stwa!<\/p>\n","protected":false},"author":1,"featured_media":0,"comment_status":"open","ping_status":"open","sticky":false,"template":"","format":"standard","meta":{"footnotes":""},"categories":[5,41],"tags":[1675,1033,614],"class_list":["post-10565","post","type-post","status-publish","format-standard","hentry","category-newsy","category-wiesci-gminne","tag-5-minut-o-mijajacym-roku","tag-waldemar-cyran","tag-wojt-gminy-sadowne"],"views":3021,"_links":{"self":[{"href":"http:\/\/info.sadowne.pl\/index.php?rest_route=\/wp\/v2\/posts\/10565","targetHints":{"allow":["GET"]}}],"collection":[{"href":"http:\/\/info.sadowne.pl\/index.php?rest_route=\/wp\/v2\/posts"}],"about":[{"href":"http:\/\/info.sadowne.pl\/index.php?rest_route=\/wp\/v2\/types\/post"}],"author":[{"embeddable":true,"href":"http:\/\/info.sadowne.pl\/index.php?rest_route=\/wp\/v2\/users\/1"}],"replies":[{"embeddable":true,"href":"http:\/\/info.sadowne.pl\/index.php?rest_route=%2Fwp%2Fv2%2Fcomments&post=10565"}],"version-history":[{"count":1,"href":"http:\/\/info.sadowne.pl\/index.php?rest_route=\/wp\/v2\/posts\/10565\/revisions"}],"predecessor-version":[{"id":10566,"href":"http:\/\/info.sadowne.pl\/index.php?rest_route=\/wp\/v2\/posts\/10565\/revisions\/10566"}],"wp:attachment":[{"href":"http:\/\/info.sadowne.pl\/index.php?rest_route=%2Fwp%2Fv2%2Fmedia&parent=10565"}],"wp:term":[{"taxonomy":"category","embeddable":true,"href":"http:\/\/info.sadowne.pl\/index.php?rest_route=%2Fwp%2Fv2%2Fcategories&post=10565"},{"taxonomy":"post_tag","embeddable":true,"href":"http:\/\/info.sadowne.pl\/index.php?rest_route=%2Fwp%2Fv2%2Ftags&post=10565"}],"curies":[{"name":"wp","href":"https:\/\/api.w.org\/{rel}","templated":true}]}}