{"id":11085,"date":"2016-01-24T14:36:46","date_gmt":"2016-01-24T13:36:46","guid":{"rendered":"http:\/\/www.infosadowne.boo.pl\/?p=11085"},"modified":"2016-01-24T14:38:08","modified_gmt":"2016-01-24T13:38:08","slug":"js-5001","status":"publish","type":"post","link":"http:\/\/info.sadowne.pl\/?p=11085","title":{"rendered":"JS 5001"},"content":{"rendered":"<p style=\"text-align: justify;\"><strong><img loading=\"lazy\" decoding=\"async\" class=\"alignleft size-thumbnail wp-image-11086\" src=\"http:\/\/www.info.sadowne.pl\/wp-content\/uploads\/2016\/01\/2016.01.24.11-180x130.jpg\" alt=\"2016.01.24.11\" width=\"180\" height=\"130\" \/>Jednostka Strzelecka 5001 im. Dywizjonu Huzar\u00f3w \u015amierci nale\u017cy do Zwi\u0105zku Strzeleckiego \u201eStrzelec\u201d J\u00f3zefa Pi\u0142sudskiego, najwi\u0119kszej organizacji Strzeleckiej w Kraju. <\/strong><!--more--><\/p>\n<p style=\"text-align: justify;\">JS 5001 zosta\u0142a reaktywowana w sierpniu 2013 roku. W jej sk\u0142ad wesz\u0142a dru\u017cyna strzelc\u00f3w z Warszawy i dru\u017cyna orl\u0105t z Ko\u0142odzi\u0105\u017ca. W ci\u0105gu trzech lat uda\u0142o si\u0119 nam rozbudowa\u0107 Jednostk\u0119 do wielko\u015bci 3 pluton\u00f3w: I Pluton \u2013 Warszawa, II Pluton \u2013 Sadowne i III Pluton &#8211; Kos\u00f3w Lacki. W 2014 roku Komendant G\u0142\u00f3wny m\u0142. insp. ZS Marek Matu\u0142a nada\u0142 naszej Jednostce imi\u0119 Dywizjonu Huzar\u00f3w \u015amierci. Uroczysto\u015bci odby\u0142y si\u0119 2 sierpnia w Bazylice Mniejszej w Prostyni, dzi\u0119ki czemu nawi\u0105zali\u015bmy do tradycji naszego Patrona. To w\u0142a\u015bnie 2 sierpnia 1920 roku w Prostyni \u017co\u0142nierze Dywizjonu Huzar\u00f3w \u015amierci sk\u0142adali przysi\u0119g\u0119 wojskow\u0105.<\/p>\n<p style=\"text-align: justify;\"><img loading=\"lazy\" decoding=\"async\" class=\"alignright size-medium wp-image-11087\" src=\"http:\/\/www.info.sadowne.pl\/wp-content\/uploads\/2016\/01\/2016.01.24.22-300x200.jpg\" alt=\"2016.01.24.22\" width=\"300\" height=\"200\" srcset=\"http:\/\/info.sadowne.pl\/wp-content\/uploads\/2016\/01\/2016.01.24.22-300x200.jpg 300w, http:\/\/info.sadowne.pl\/wp-content\/uploads\/2016\/01\/2016.01.24.22.jpg 796w\" sizes=\"auto, (max-width: 300px) 100vw, 300px\" \/>Dominuj\u0105c\u0105 grup\u0105 naszej jednostki s\u0105 strzelcy, najcz\u0119\u015bciej m\u0142odzie\u017c w wieku 16-19 lat. Kadr\u0119 JS 5001 stanowi\u0105 \u017co\u0142nierze rezerwy, nauczyciele i studenci &#8211; cytuj\u0105c s\u0142owa Komendanta m\u0142 insp. ZS Marka Matu\u0142y: \u201eKadr\u0119 tworz\u0105, wi\u0119c kompetentne i ideowe osoby\u201d. Nasza kadra bierze cz\u0119sto udzia\u0142 w szkoleniach og\u00f3lnopolskich\u00a0m.in. organizowanych przez Zwi\u0105zek Strzelecki \u201eStrzelec\u201d J\u00f3zefa Pi\u0142sudskiego i Ministerstwo Obrony Narodowej. Przyk\u0142adem tego jest Kurs Instruktorski dla Organizacji Proobronnych organizowany w Wy\u017cszej Szkole Oficerskiej Wojsk L\u0105dowych im. Tadeusza Ko\u015bciuszki we Wroc\u0142awiu, kt\u00f3ry w ubieg\u0142ym roku uko\u0144czy\u0142 st. sier\u017c. ZS Micha\u0142 J\u00f3zefowski.<\/p>\n<p style=\"text-align: justify;\">Obecnie zajmujemy si\u0119 przygotowaniem m\u0142odzie\u017cy do szeroko rozumianej s\u0142u\u017cby, dzi\u0119ki \u015bcis\u0142ej wsp\u00f3\u0142pracy z Ministerstwem Obrony Narodowej. Swoim podopiecznym zapewniamy profesjonalne szkolenia, wychowanie patriotyczne i umocowanie spo\u0142eczne, opieraj\u0105c si\u0119 o idea\u0142y II Rzeczypospolitej, w kt\u00f3rej Zwi\u0105zek Strzelecki liczy\u0142 prawie 500\u00a0000 ludzi. Szkolenie strzelca przewidziane jest na okres trzech lat, w trakcie kt\u00f3rych strzelec mo\u017ce uko\u0144czy\u0107 kursy: unitarny, lekkiej piechoty, rozpoznania, dow\u00f3dc\u00f3w dru\u017cyn, pierwszej pomocy. Po tym okresie strzelcy doskonal\u0105 swoj\u0105 wiedz\u0119 i poszerzaj\u0105 j\u0105\u00a0m.in. na kursach: spadochronowych, nurkowania, walki w mie\u015bcie czy surwiwalu.<\/p>\n<p style=\"text-align: justify;\"><img loading=\"lazy\" decoding=\"async\" class=\"alignleft size-medium wp-image-11088\" src=\"http:\/\/www.info.sadowne.pl\/wp-content\/uploads\/2016\/01\/2016.01.24.19-300x206.jpg\" alt=\"2016.01.24.19\" width=\"300\" height=\"206\" srcset=\"http:\/\/info.sadowne.pl\/wp-content\/uploads\/2016\/01\/2016.01.24.19-300x206.jpg 300w, http:\/\/info.sadowne.pl\/wp-content\/uploads\/2016\/01\/2016.01.24.19.jpg 800w\" sizes=\"auto, (max-width: 300px) 100vw, 300px\" \/>Rok 2016 to rok \u015bcis\u0142ej wsp\u00f3\u0142pracy z wojskiem, szczeg\u00f3lnie z Centrum Szkolenia \u0141\u0105czno\u015bci i Informatyki w Zegrzu oraz Wojskow\u0105 Akademi\u0105 Techniczn\u0105 w Warszawie. W planie szkolenia tych Jednostek Wojskowych s\u0105 przewidziane\u00a0m.in. 4 szkolenia ogniowe (pierwsze odby\u0142o si\u0119 23 stycznia) i 2 szkolenia z \u0142\u0105czno\u015bci.<\/p>\n<p style=\"text-align: justify;\">W listopadzie ubieg\u0142ego roku nasza Jednostka Strzelecka podpisa\u0142a porozumienie z gmin\u0105 Sadowne. By\u0142o to pierwsze tego typu porozumienie w Wojew\u00f3dztwie Mazowieckim. Ma ono na celu u\u015bci\u015blenie wsp\u00f3\u0142pracy JS 5001 z gmin\u0105 Sadowne oraz umocowanie Strzelca w lokalnej spo\u0142eczno\u015bci.<\/p>\n<p style=\"text-align: justify;\">W chwili obecnej przeprowadzamy rekrutacj\u0119 na terenie gminy Sadowne, a w dalszej kolejno\u015bci mamy na uwadze nawi\u0105zanie wsp\u00f3\u0142pracy ze Starostwem i budow\u0119 kolejnych pododdzia\u0142\u00f3w w powiecie w\u0119growskim.<\/p>\n<p style=\"text-align: justify;\">Osoby ch\u0119tne do wst\u0105pienia do Strzelca zapraszamy ju\u017c dzi\u015b do kontaktu:<\/p>\n<p style=\"text-align: justify;\"><a href=\"https:\/\/www.plusnet.pl\/poczta\/src\/compose.php?send_to=js5001warszawa@gmail.com\">js5001warszawa@gmail.com<\/a><\/p>\n<p style=\"text-align: justify;\"><a href=\"http:\/\/www.facebook.com\/JednostkaStrzelecka5001\/\" target=\"_blank\">www.facebook.com\/JednostkaStrzelecka5001\/<\/a><\/p>\n<p style=\"text-align: justify;\"><strong>Tekst\/foto:<\/strong> JS 5001 im. Huzar\u00f3w \u015amierci<\/p>\n<p><embed type=\"application\/x-shockwave-flash\" src=\"https:\/\/photos.gstatic.com\/media\/slideshow.swf\" width=\"600\" height=\"400\" flashvars=\"host=picasaweb.google.com&#038;hl=pl&#038;feat=flashalbum&#038;RGB=0x000000&#038;feed=https%3A%2F%2Fpicasaweb.google.com%2Fdata%2Ffeed%2Fapi%2Fuser%2F112403282836861671980%2Falbumid%2F6243345381685410817%3Falt%3Drss%26kind%3Dphoto%26hl%3Dpl\" pluginspage=\"http:\/\/www.macromedia.com\/go\/getflashplayer\"><\/embed><\/p>\n","protected":false},"excerpt":{"rendered":"<p>Jednostka Strzelecka 5001 im. Dywizjonu Huzar\u00f3w \u015amierci nale\u017cy do Zwi\u0105zku Strzeleckiego \u201eStrzelec\u201d J\u00f3zefa Pi\u0142sudskiego, najwi\u0119kszej organizacji Strzeleckiej w Kraju.<\/p>\n","protected":false},"author":1,"featured_media":0,"comment_status":"open","ping_status":"open","sticky":false,"template":"","format":"standard","meta":{"footnotes":""},"categories":[5,1752,645],"tags":[519,1596,1771],"class_list":["post-11085","post","type-post","status-publish","format-standard","hentry","category-newsy","category-edukacja","category-js-5001-strzelec","tag-jednostka-strzelecka-5001","tag-michal-jozefowski","tag-zs-strzelec"],"views":3525,"_links":{"self":[{"href":"http:\/\/info.sadowne.pl\/index.php?rest_route=\/wp\/v2\/posts\/11085","targetHints":{"allow":["GET"]}}],"collection":[{"href":"http:\/\/info.sadowne.pl\/index.php?rest_route=\/wp\/v2\/posts"}],"about":[{"href":"http:\/\/info.sadowne.pl\/index.php?rest_route=\/wp\/v2\/types\/post"}],"author":[{"embeddable":true,"href":"http:\/\/info.sadowne.pl\/index.php?rest_route=\/wp\/v2\/users\/1"}],"replies":[{"embeddable":true,"href":"http:\/\/info.sadowne.pl\/index.php?rest_route=%2Fwp%2Fv2%2Fcomments&post=11085"}],"version-history":[{"count":2,"href":"http:\/\/info.sadowne.pl\/index.php?rest_route=\/wp\/v2\/posts\/11085\/revisions"}],"predecessor-version":[{"id":11090,"href":"http:\/\/info.sadowne.pl\/index.php?rest_route=\/wp\/v2\/posts\/11085\/revisions\/11090"}],"wp:attachment":[{"href":"http:\/\/info.sadowne.pl\/index.php?rest_route=%2Fwp%2Fv2%2Fmedia&parent=11085"}],"wp:term":[{"taxonomy":"category","embeddable":true,"href":"http:\/\/info.sadowne.pl\/index.php?rest_route=%2Fwp%2Fv2%2Fcategories&post=11085"},{"taxonomy":"post_tag","embeddable":true,"href":"http:\/\/info.sadowne.pl\/index.php?rest_route=%2Fwp%2Fv2%2Ftags&post=11085"}],"curies":[{"name":"wp","href":"https:\/\/api.w.org\/{rel}","templated":true}]}}