{"id":11113,"date":"2015-11-27T12:10:12","date_gmt":"2015-11-27T11:10:12","guid":{"rendered":"http:\/\/www.infosadowne.boo.pl\/?p=11113"},"modified":"2016-02-22T19:20:18","modified_gmt":"2016-02-22T18:20:18","slug":"historio-oj-historio","status":"publish","type":"post","link":"http:\/\/info.sadowne.pl\/?p=11113","title":{"rendered":"Historio, oj historio&#8230;"},"content":{"rendered":"<p style=\"text-align: justify;\"><strong><img loading=\"lazy\" decoding=\"async\" class=\"alignleft size-thumbnail wp-image-11114\" src=\"http:\/\/www.info.sadowne.pl\/wp-content\/uploads\/2016\/01\/siec-180x130.jpg\" alt=\"siec\" width=\"180\" height=\"130\" \/>S\u0142owa wypowiedziane przez znanych i szanowanych niech nigdy nie stan\u0105 si\u0119 prorocze.<\/strong><!--more--><\/p>\n<p style=\"text-align: justify;\"><strong>Wszyscy zazwyczaj znaj\u0105 histori\u0119 swoje narodu, zw\u0142aszcza daty wa\u017cnych wydarze\u0144 i ich przebieg. <\/strong>Jak si\u0119 okazuje, gorzej czasami bywa ze znajomo\u015bci\u0105 etap\u00f3w rozwoju naszej lokalnej spo\u0142eczno\u015bci i fakt\u00f3w z tym zwi\u0105zanych. A mo\u017ce nie o to chodzi? Mo\u017ce w ferworze zaj\u0119\u0107, nat\u0142oku \u017cycia codziennego lub dla dobra w\u0142asnego i \u015bwi\u0119tego spokoju unikamy zg\u0142\u0119biania dziej\u00f3w naszej ziemi.<\/p>\n<p style=\"text-align: justify;\"><strong>Internet pe\u0142en jest cytat\u00f3w znanych nam z historii postaci, chocia\u017cby: <\/strong>&#8222;Nar\u00f3d, kt\u00f3ry traci pami\u0119\u0107 jest narodem bez przysz\u0142o\u015bci&#8221; \u2013 JPII, &#8222;Nar\u00f3d, kt\u00f3ry traci pami\u0119\u0107 przestaje by\u0107 narodem&#8221; &#8211; J. Pi\u0142sudski, &#8222;Nar\u00f3d, kt\u00f3ry nie zna swej historii skazany jest na jej powt\u00f3rne prze\u017cycie&#8221; &#8211; autor NN.<\/p>\n<p style=\"text-align: justify;\">W przem\u00f3wieniu Ignacego J. Paderewskiego z okazji 100-lecia urodzin Fryderyka Chopina, kt\u00f3re wyg\u0142osi\u0142 w 1910 roku we Lwowie, s\u0142yszymy natomiast s\u0142owa: \u201eUcz\u0105 nas szacunku do obcych, a pogardy dla swoich. Ka\u017c\u0105 nam nienawidzi\u0107 ojc\u00f3w i braci\u201d. Chyba wypowied\u017a ta nie stanie si\u0119 prorocz\u0105? Ale odbiegamy od tematu.<\/p>\n<p style=\"text-align: justify;\"><strong>Historio, oj historio\u2026 <\/strong>Na naszym Portalu staramy si\u0119 przedstawia\u0107 Pa\u0144stwu og\u00f3lny zarys historii regionu sadowie\u0144skiego. Nie pomijamy \u017cadnych zapis\u00f3w w wydanych i dost\u0119pnych publikacjach, staramy si\u0119 wiernie je kopiowa\u0107 i udost\u0119pnia\u0107 czytelnikom. Nie jest te\u017c naszym celem poddawanie ocenie opis\u00f3w zdarze\u0144 historycznych, a szczeg\u00f3lnie os\u00f3b, kt\u00f3re zosta\u0142y wymienione w tych publikacjach.<\/p>\n<p style=\"text-align: justify;\">Wiadomo jednak wszystkim, i\u017c publikacje te zazwyczaj nie zawieraj\u0105 fakt\u00f3w, kt\u00f3re by\u0107 mo\u017ce negatywnie zapisa\u0142y si\u0119 w naszej historii. Czy s\u0105 one prawd\u0105? Te\u017c nie nam o tym decydowa\u0107. Istnieje rzesza historyk\u00f3w, a zw\u0142aszcza \u201ebadaczy\u201d historii, kt\u00f3rzy maj\u0105 wyrobione zdanie na ten temat. Ich interpretacja zdarze\u0144 tworzy now\u0105 histori\u0119 i zazwyczaj staje si\u0119 kanonem.<\/p>\n<p style=\"text-align: justify;\">C\u00f3\u017c, po takim wst\u0119pie, bez \u017cadnej oceny i komentarza chcemy Pa\u0144stwu przedstawi\u0107 dzisiaj fragment wypowiedzi jednego z u\u017cytkownik\u00f3w Forum Powiatu W\u0119growskiego. Wypowied\u017a ta dotyczy okresu II wojny \u015bwiatowej na terenie gminy Sadowne:<\/p>\n<p style=\"text-align: justify;\"><em>\u201eWitam\u00a0<\/em><em>&#8211; w\u0105tek dotyczy historii gminy Sadowne, pow. w\u0119growski, woj. mazowieckie. Na tym terenie podczas okupacji i po jej zako\u0144czeniu dzia\u0142a\u0142y grupy zbrojne, o kt\u00f3rych dzi\u015b z dum\u0105 m\u00f3wi si\u0119 AK. Jak by\u0142o naprawd\u0119???<br \/>\nZ opowie\u015bci rodzinnych wiem, \u017ce w\u015br\u00f3d nich by\u0142y grupy zwyk\u0142ych bandyt\u00f3w, kt\u00f3rzy okradali ludzi (rzeczy skradzione np. buty \u017cona jednego z nich sprzedawa\u0142a nawet na targu -opowie\u015b\u0107 poszkodowanego (lata &#8217;60te)), niekt\u00f3rzy w dzie\u0144 byli milicjantami, a w nocy grasowali po okolicznych wsiach, niekt\u00f3rzy zajmowali si\u0119 likwidacj\u0105 os\u00f3b wst\u0119puj\u0105cych do struktur komunistycznych. Kilku z nich, jak jeden z braci Z. trafi\u0142o na wiele lat do wi\u0119zienia (bynajmniej nie za dzia\u0142alno\u015b\u0107 w AK), inny uciek\u0142 na ziemie odzyskane i wst\u0105pi\u0142 do LWP co wtedy gwarantowa\u0142o bezpiecze\u0144stwo, kto\u015b uciek\u0142 do USA, dwaj inni panowie &#8211; J. i W. &#8211; strzelali do siebie w Sadownem w bia\u0142y dzie\u0144 jak w westernie tu\u017c po tym jak pok\u0142\u00f3cili si\u0119 w barze o podzia\u0142 \u0142up\u00f3w. Po wojnie w latach 50tych i 60tych ludzie doskonale pami\u0119tali o ich bandyckim procederze, ale nawet wtedy bali si\u0119 opowiada\u0107 &#8211; bo co b\u0119dzie jak oni dojd\u0105 do w\u0142adzy? Strach by\u0142 ogromny, ludzie woleli milcze\u0107. Potem odeszli zabieraj\u0105c tajemnic\u0119 ze sob\u0105.\u201d<\/em><\/p>\n<p style=\"text-align: justify;\"><strong>Wi\u0119cej mo\u017cna poczyta\u0107 na stronie <span style=\"color: #0000ff;\"><a style=\"color: #0000ff;\" href=\"http:\/\/forum.wegrow.info\/sadowne-ak-czy-zwykle-bandy-t2617.html\" target=\"_blank\">Forum Powiatu W\u0119growskiego<\/a><\/span><\/strong><\/p>\n<p style=\"text-align: justify;\"><strong>Tre\u015b\u0107 pozostawiamy Pa\u0144stwu do oceny \u2013 r\u00f3wnie\u017c cytaty z pierwszej cz\u0119\u015bci artyku\u0142u. Oby nie sta\u0142y si\u0119 one prorocze!<\/strong><\/p>\n<p style=\"text-align: justify;\">Nie posiadamy w\u0142asnego forum i sygnalizujemy tylko temat, dlatego te\u017c ewentualne swoje uwagi i komentarze prosimy umieszcza\u0107 na stronie Forum Powiatu W\u0119growskiego.<\/p>\n<p style=\"text-align: justify;\"><strong>Tekst:<\/strong> S\u0142awek Chyli\u0144ski<\/p>\n","protected":false},"excerpt":{"rendered":"<p>S\u0142owa wypowiedziane przez znanych i szanowanych niech nigdy nie stan\u0105 si\u0119 prorocze.<\/p>\n","protected":false},"author":1,"featured_media":0,"comment_status":"open","ping_status":"open","sticky":false,"template":"","format":"standard","meta":{"footnotes":""},"categories":[5,31],"tags":[101,1776],"class_list":["post-11113","post","type-post","status-publish","format-standard","hentry","category-newsy","category-historia-gminy","tag-historia-gminy-sadowne","tag-historia-ii-wojny-swiatowej"],"views":3120,"_links":{"self":[{"href":"http:\/\/info.sadowne.pl\/index.php?rest_route=\/wp\/v2\/posts\/11113","targetHints":{"allow":["GET"]}}],"collection":[{"href":"http:\/\/info.sadowne.pl\/index.php?rest_route=\/wp\/v2\/posts"}],"about":[{"href":"http:\/\/info.sadowne.pl\/index.php?rest_route=\/wp\/v2\/types\/post"}],"author":[{"embeddable":true,"href":"http:\/\/info.sadowne.pl\/index.php?rest_route=\/wp\/v2\/users\/1"}],"replies":[{"embeddable":true,"href":"http:\/\/info.sadowne.pl\/index.php?rest_route=%2Fwp%2Fv2%2Fcomments&post=11113"}],"version-history":[{"count":2,"href":"http:\/\/info.sadowne.pl\/index.php?rest_route=\/wp\/v2\/posts\/11113\/revisions"}],"predecessor-version":[{"id":11116,"href":"http:\/\/info.sadowne.pl\/index.php?rest_route=\/wp\/v2\/posts\/11113\/revisions\/11116"}],"wp:attachment":[{"href":"http:\/\/info.sadowne.pl\/index.php?rest_route=%2Fwp%2Fv2%2Fmedia&parent=11113"}],"wp:term":[{"taxonomy":"category","embeddable":true,"href":"http:\/\/info.sadowne.pl\/index.php?rest_route=%2Fwp%2Fv2%2Fcategories&post=11113"},{"taxonomy":"post_tag","embeddable":true,"href":"http:\/\/info.sadowne.pl\/index.php?rest_route=%2Fwp%2Fv2%2Ftags&post=11113"}],"curies":[{"name":"wp","href":"https:\/\/api.w.org\/{rel}","templated":true}]}}