{"id":11245,"date":"2016-02-10T20:32:19","date_gmt":"2016-02-10T19:32:19","guid":{"rendered":"http:\/\/www.infosadowne.boo.pl\/?p=11245"},"modified":"2020-04-24T17:15:42","modified_gmt":"2020-04-24T15:15:42","slug":"zajecia-ze-strzelcami","status":"publish","type":"post","link":"http:\/\/info.sadowne.pl\/?p=11245","title":{"rendered":"Zaj\u0119cia ze Strzelcami"},"content":{"rendered":"<p style=\"text-align: justify;\"><strong><img loading=\"lazy\" decoding=\"async\" class=\"alignleft size-thumbnail wp-image-11246\" src=\"http:\/\/www.info.sadowne.pl\/wp-content\/uploads\/2016\/02\/2016.02.10.31-180x130.jpg\" alt=\"2016.02.10.31\" width=\"180\" height=\"130\" \/>10 lutego strzelcy odwiedzili Gminny O\u015brodek Kultury w Sadownem.<\/strong><!--more--><\/p>\n<p style=\"text-align: justify;\"><strong>Zgodnie z zapowiedziami, 10 lutego z zaproszenia Gminnego O\u015brodka Kultury w Sadownem skorzystali strzelcy z Jednostki Strzeleckiej 5001 im. Dywizjonu Huzar\u00f3w \u015amierci.<\/strong> O ich udziale w uroczysto\u015bciach na terenie naszej gminy i prowadzonych szkoleniach pisali\u015bmy ju\u017c wielokrotnie, a i tym razem pojawili si\u0119 nie w celu towarzyskich odwiedzin, a przeprowadzenia feryjnych zaj\u0119\u0107 dla dzieci oraz wszystkich zainteresowanych wsp\u00f3\u0142dzia\u0142aniem ze Zwi\u0105zkiem Strzeleckim \u201eStrzelec\u201d.<\/p>\n<p style=\"text-align: justify;\"><strong>Strzelcy, pod dow\u00f3dztwem st. sier\u017c. ZS Micha\u0142a J\u00f3zefowskiego, podzielili swoje zaj\u0119cia na dwie cz\u0119\u015bci.<\/strong> W pierwszej zainteresowani mogli zobaczy\u0107 pokaz udzielania pierwszej pomocy przedmedycznej, a tak\u017ce sami przeprowadzi\u0107 resuscytacj\u0119 zmierzaj\u0105c\u0105 do przywr\u00f3cenia czynno\u015bci \u017cyciowych poszkodowanego &#8211; w tym przypadku u\u017cytego do \u0107wicze\u0144 fantoma. Sw\u00f3j czynny udzia\u0142 w zaj\u0119ciach mia\u0142 r\u00f3wnie\u017c W\u00f3jt Gminy Sadowne p. Waldemar Cyran, kt\u00f3ry jako pierwszy postanowi\u0142 \u201euzdrowi\u0107\u201d fantoma.<\/p>\n<p style=\"text-align: justify;\">Druga cz\u0119\u015b\u0107 zaj\u0119\u0107 to pokaz wojskowego umundurowania i uzbrojenia, a tak\u017ce nauka rozk\u0142adania na cz\u0119\u015bci pierwsze i ponownego z\u0142o\u017cenia karabinka automatycznego kbk AK, kt\u00f3ry pozostaje nadal sta\u0142ym uzbrojeniem \u017co\u0142nierza Wojska Polskiego.<\/p>\n<p style=\"text-align: justify;\"><strong>Zaj\u0119cia i szkolenia cieszy\u0142y si\u0119 du\u017cym zainteresowaniem dzieci (ale nie tylko).<\/strong> Z zaciekawieniem obserwowa\u0142y kolejne etapy resuscytacji kr\u0105\u017ceniowo \u2013 oddechowej, zapoznawa\u0142y si\u0119 z zasadami udzielania pierwszej pomocy i jej skutkami dla os\u00f3b poszkodowanych. Ze zrozumieniem podchodzi\u0142y do konieczno\u015bci stosowania wszystkich przedstawianych zasad, a zw\u0142aszcza ich wp\u0142ywu na zwi\u0119kszenie szansy prze\u017cycia poszkodowanego.<\/p>\n<p style=\"text-align: justify;\">Druga cz\u0119\u015b\u0107 szkolenia to ju\u017c nauka poprzez zabaw\u0119. Jak dobrze pami\u0119tamy, ka\u017cde dziecko zapewne planuje w przysz\u0142o\u015bci zosta\u0107\u2026 \u017co\u0142nierzem. Kontakt z mundurem i mundurowymi dla naszych dzieci jest czym\u015b wa\u017cnym i niepowtarzalnym \u2013 zw\u0142aszcza, gdy maj\u0105 mo\u017cliwo\u015b\u0107 \u201epodyskutowania\u201d, zadawania \u201etysi\u0105ca\u201d pyta\u0144 i najwa\u017cniejsze \u2013 przymierzenia he\u0142mu, wzi\u0119cia do r\u0119ki karabinu, cho\u0107by by\u0142 atrap\u0105. Tak\u0105 mo\u017cliwo\u015b\u0107 stworzyli im w GOK-u strzelcy, kt\u00f3rzy zaprezentowali swoje uzbrojenie. Ch\u0119tni mogli te\u017c sprawdzi\u0107 z jakich element\u00f3w sk\u0142ada si\u0119 karabin czy pistolet oraz przymierzy\u0107 elementy munduru i wyposa\u017cenia.<\/p>\n<p style=\"text-align: justify;\"><strong>Jak stwierdzili uczestnicy zaj\u0119\u0107, przebieg\u0142y one zbyt szybko, bo\u2026 by\u0142y naprawd\u0119 ciekawe i pouczaj\u0105ce.<\/strong> Wnioski? Wskazane s\u0105 cz\u0119stsze spotkania, w kt\u00f3rych dzieci maj\u0105 bezpo\u015bredni kontakt z osobami, o jakich czytaj\u0105 w ksi\u0105\u017ckach lub ogl\u0105daj\u0105 w telewizji. Wa\u017cne jest te\u017c, i\u017c spotkania takie pozostawiaj\u0105 pozytywne obrazy w psychice m\u0142odych ludzi \u2013 by\u0107 mo\u017ce w przysz\u0142o\u015bci sami zechc\u0105 zasili\u0107 szeregi braci strzeleckiej, a jest taka mo\u017cliwo\u015b\u0107. Jednostka Strzelecka 5001 nadal prowadzi nab\u00f3r, tworz\u0105c tak\u017ce dru\u017cyny Orl\u0105t na terenie naszej gminy. Mo\u017cna poczyta\u0107 o tym na stronach internetowych strzelc\u00f3w, naszego Portalu, a informacji mo\u017ce udzieli\u0107 r\u00f3wnie\u017c Gminny O\u015brodek Kultury w Sadownem.<\/p>\n<p style=\"text-align: justify;\">Zach\u0119camy do obserwowania wydarze\u0144 zwi\u0105zanych z Jednostk\u0105 Strzeleck\u0105 5001 im. Dywizjonu Huzar\u00f3w \u015amierci, kt\u00f3ra dzia\u0142a na naszym terenie, a tak\u017ce podj\u0119cia decyzji o wst\u0105pieniu w jej szeregi.<\/p>\n<p style=\"text-align: justify;\"><strong><a href=\"http:\/\/www.info.sadowne.pl\/wp-content\/uploads\/2016\/02\/2016.02.10.30.jpg\" target=\"_blank\" rel=\"noopener noreferrer\"><img loading=\"lazy\" decoding=\"async\" class=\"alignright wp-image-11247 size-medium\" src=\"http:\/\/www.info.sadowne.pl\/wp-content\/uploads\/2016\/02\/2016.02.10.30-219x300.jpg\" alt=\"2016.02.10.30\" width=\"219\" height=\"300\" srcset=\"http:\/\/info.sadowne.pl\/wp-content\/uploads\/2016\/02\/2016.02.10.30-219x300.jpg 219w, http:\/\/info.sadowne.pl\/wp-content\/uploads\/2016\/02\/2016.02.10.30.jpg 585w\" sizes=\"auto, (max-width: 219px) 100vw, 219px\" \/><\/a>Na koniec dodamy tylko ciekawostk\u0119: podczas dzisiejszego spotkania Portal INFO Sadowne otrzyma\u0142 z r\u0105k Dow\u00f3dcy JS 5001 st. sier\u017c. ZS Micha\u0142a J\u00f3zefowskiego pismo, w kt\u00f3rym Komendant G\u0142\u00f3wny Zwi\u0105zku Strzeleckiego \u201eStrzelec\u201d m\u0142odszy inspektor ZS Marek Matu\u0142a sk\u0142ada naszemu Portalowi podzi\u0119kowania za wszechstronn\u0105 i bezinteresown\u0105 pomoc.<\/strong><\/p>\n<p style=\"text-align: justify;\">Dzi\u0119kuj\u0119 za to uznanie. Oczywi\u015bcie nadal Portal b\u0119dzie popularyzowa\u0142 dzia\u0142alno\u015b\u0107 strzelc\u00f3w, kt\u00f3rzy wykonuj\u0105 moc \u201edobrej roboty\u201d w\u015br\u00f3d najm\u0142odszych naszej gminy, ale te\u017c wspieraj\u0105 dzia\u0142ania Gminy Sadowne na rzecz odtworzenia struktur Obrony Cywilnej i Obrony Terytorialnej Kraju. \u017byczymy Wam powodzenia i sukces\u00f3w drodzy Strzelcy.<\/p>\n<p><a href=\"https:\/\/photos.app.goo.gl\/2LEWYDARqjKZdbnU9\" target=\"_blank\" rel=\"noopener noreferrer\"><strong>Zdj\u0119cia w galerii Google&gt;&gt;&gt;<\/strong><\/a><\/p>\n<p style=\"text-align: justify;\"><strong>Tekst\/foto:<\/strong> S\u0142awek Chyli\u0144ski<\/p>\n<p>&nbsp;<\/p>\n","protected":false},"excerpt":{"rendered":"<p>10 lutego strzelcy odwiedzili Gminny O\u015brodek Kultury w Sadownem.<\/p>\n","protected":false},"author":1,"featured_media":0,"comment_status":"open","ping_status":"open","sticky":false,"template":"","format":"standard","meta":{"footnotes":""},"categories":[5,91,6],"tags":[169,519,1596,1792],"class_list":["post-11245","post","type-post","status-publish","format-standard","hentry","category-newsy","category-gminny-osrodek-kultury","category-kultura-rozrywka-edukacja","tag-gminny-osrodek-kultury-w-sadownem","tag-jednostka-strzelecka-5001","tag-michal-jozefowski","tag-zajecia-ze-strzelcami"],"views":3112,"_links":{"self":[{"href":"http:\/\/info.sadowne.pl\/index.php?rest_route=\/wp\/v2\/posts\/11245","targetHints":{"allow":["GET"]}}],"collection":[{"href":"http:\/\/info.sadowne.pl\/index.php?rest_route=\/wp\/v2\/posts"}],"about":[{"href":"http:\/\/info.sadowne.pl\/index.php?rest_route=\/wp\/v2\/types\/post"}],"author":[{"embeddable":true,"href":"http:\/\/info.sadowne.pl\/index.php?rest_route=\/wp\/v2\/users\/1"}],"replies":[{"embeddable":true,"href":"http:\/\/info.sadowne.pl\/index.php?rest_route=%2Fwp%2Fv2%2Fcomments&post=11245"}],"version-history":[{"count":2,"href":"http:\/\/info.sadowne.pl\/index.php?rest_route=\/wp\/v2\/posts\/11245\/revisions"}],"predecessor-version":[{"id":23245,"href":"http:\/\/info.sadowne.pl\/index.php?rest_route=\/wp\/v2\/posts\/11245\/revisions\/23245"}],"wp:attachment":[{"href":"http:\/\/info.sadowne.pl\/index.php?rest_route=%2Fwp%2Fv2%2Fmedia&parent=11245"}],"wp:term":[{"taxonomy":"category","embeddable":true,"href":"http:\/\/info.sadowne.pl\/index.php?rest_route=%2Fwp%2Fv2%2Fcategories&post=11245"},{"taxonomy":"post_tag","embeddable":true,"href":"http:\/\/info.sadowne.pl\/index.php?rest_route=%2Fwp%2Fv2%2Ftags&post=11245"}],"curies":[{"name":"wp","href":"https:\/\/api.w.org\/{rel}","templated":true}]}}