{"id":11333,"date":"2016-02-17T16:57:11","date_gmt":"2016-02-17T15:57:11","guid":{"rendered":"http:\/\/www.infosadowne.boo.pl\/?p=11333"},"modified":"2016-02-17T16:57:11","modified_gmt":"2016-02-17T15:57:11","slug":"bal-w-kolodziazu","status":"publish","type":"post","link":"http:\/\/info.sadowne.pl\/?p=11333","title":{"rendered":"Bal w Ko\u0142odzi\u0105\u017cu"},"content":{"rendered":"<p style=\"text-align: justify;\"><strong><a href=\"http:\/\/www.info.sadowne.pl\/wp-content\/uploads\/2016\/02\/2016.02.17.11.jpg\" target=\"_blank\"><img loading=\"lazy\" decoding=\"async\" class=\"alignleft wp-image-11334 size-thumbnail\" src=\"http:\/\/www.info.sadowne.pl\/wp-content\/uploads\/2016\/02\/2016.02.17.11-180x130.jpg\" alt=\"2016.02.17.11\" width=\"180\" height=\"130\" \/><\/a>Chocia\u017c karnawa\u0142 ju\u017c min\u0105\u0142, wspomnijmy jeszcze okres zabaw i bali \u2013 tym razem w Ko\u0142odzi\u0105\u017cu.<\/strong><!--more--><\/p>\n<p style=\"text-align: justify;\"><em>W ostatnie dni karnawa\u0142u 6 lutego 2016 roku w Niepublicznej Szkole Podstawowej w Ko\u0142odzi\u0105\u017cu w pi\u0119knie udekorowanej sali odby\u0142a si\u0119 choinka szkolna.\u00a0<\/em><\/p>\n<p style=\"text-align: justify;\"><em><a href=\"http:\/\/www.info.sadowne.pl\/wp-content\/uploads\/2016\/02\/2016.02.17.12.jpg\" target=\"_blank\"><img loading=\"lazy\" decoding=\"async\" class=\"alignright wp-image-11335 size-medium\" src=\"http:\/\/www.info.sadowne.pl\/wp-content\/uploads\/2016\/02\/2016.02.17.12-300x225.jpg\" alt=\"2016.02.17.12\" width=\"300\" height=\"225\" srcset=\"http:\/\/info.sadowne.pl\/wp-content\/uploads\/2016\/02\/2016.02.17.12-300x225.jpg 300w, http:\/\/info.sadowne.pl\/wp-content\/uploads\/2016\/02\/2016.02.17.12.jpg 792w\" sizes=\"auto, (max-width: 300px) 100vw, 300px\" \/><\/a>Po serdecznym powitaniu przez pani\u0105 dyrektor Gra\u017cyn\u0119 Fr\u0105czek wszystkich zebranych rozpocz\u0119\u0142a si\u0119 cz\u0119\u015b\u0107 artystyczna tej uroczysto\u015bci. Dzieci prezentowa\u0142y swe zdolno\u015bci aktorskie i wokalne w bajce ,,Cztery wr\u00f3\u017cki\u201d, przedstawieniu ,,Humory zimy\u201d, kabarecie\u00a0 ,,Ogr\u00f3d zoologiczny\u201d, skeczach- ,,Allach\u201d, ,,Najpi\u0119kniejsza\u201d, ,,Zaginiony\u201d oraz piosenkach i ta\u0144cach. Nast\u0119pnie zawita\u0142 szczeg\u00f3lny go\u015b\u0107- Miko\u0142aj, kt\u00f3ry przywi\u00f3z\u0142 zniecierpliwionym dzieciom wspania\u0142e prezenty. Dalsze chwile duzi i mali sp\u0119dzili na ta\u0144cach przy muzyce zespo\u0142u ,,Sami Swoi\u201d.<\/em><\/p>\n<p style=\"text-align: justify;\"><em>By\u0142y to niezapomniane chwile zabawy i spotka\u0144 spo\u0142eczno\u015bci lokalnej.\u00a0<\/em><\/p>\n<p style=\"text-align: justify;\"><strong>Wi\u0119cej na stronie <span style=\"color: #0000ff;\"><a style=\"color: #0000ff;\" href=\"http:\/\/www.spkolodziaz.szkolnastrona.pl\" target=\"_blank\">Niepublicznej Szko\u0142y Podstawowej w Ko\u0142odzi\u0105\u017cu<\/a><\/span><\/strong><\/p>\n<p style=\"text-align: justify;\"><strong>\u0179r\u00f3d\u0142o:<\/strong> <a href=\"http:\/\/www.spkolodziaz.szkolnastrona.pl\" target=\"_blank\">www.spkolodziaz.szkolnastrona.pl<\/a><\/p>\n","protected":false},"excerpt":{"rendered":"<p>Chocia\u017c karnawa\u0142 ju\u017c min\u0105\u0142, wspomnijmy jeszcze okres zabaw i bali \u2013 tym razem w Ko\u0142odzi\u0105\u017cu.<\/p>\n","protected":false},"author":1,"featured_media":0,"comment_status":"open","ping_status":"open","sticky":false,"template":"","format":"standard","meta":{"footnotes":""},"categories":[5,1752,42],"tags":[596,1151],"class_list":["post-11333","post","type-post","status-publish","format-standard","hentry","category-newsy","category-edukacja","category-szkola-podstawowa-w-kolodziazu","tag-choinka-w-kolodziazu","tag-niepubliczna-szkola-podstawowa-w-kolodziazu"],"views":3044,"_links":{"self":[{"href":"http:\/\/info.sadowne.pl\/index.php?rest_route=\/wp\/v2\/posts\/11333","targetHints":{"allow":["GET"]}}],"collection":[{"href":"http:\/\/info.sadowne.pl\/index.php?rest_route=\/wp\/v2\/posts"}],"about":[{"href":"http:\/\/info.sadowne.pl\/index.php?rest_route=\/wp\/v2\/types\/post"}],"author":[{"embeddable":true,"href":"http:\/\/info.sadowne.pl\/index.php?rest_route=\/wp\/v2\/users\/1"}],"replies":[{"embeddable":true,"href":"http:\/\/info.sadowne.pl\/index.php?rest_route=%2Fwp%2Fv2%2Fcomments&post=11333"}],"version-history":[{"count":1,"href":"http:\/\/info.sadowne.pl\/index.php?rest_route=\/wp\/v2\/posts\/11333\/revisions"}],"predecessor-version":[{"id":11336,"href":"http:\/\/info.sadowne.pl\/index.php?rest_route=\/wp\/v2\/posts\/11333\/revisions\/11336"}],"wp:attachment":[{"href":"http:\/\/info.sadowne.pl\/index.php?rest_route=%2Fwp%2Fv2%2Fmedia&parent=11333"}],"wp:term":[{"taxonomy":"category","embeddable":true,"href":"http:\/\/info.sadowne.pl\/index.php?rest_route=%2Fwp%2Fv2%2Fcategories&post=11333"},{"taxonomy":"post_tag","embeddable":true,"href":"http:\/\/info.sadowne.pl\/index.php?rest_route=%2Fwp%2Fv2%2Ftags&post=11333"}],"curies":[{"name":"wp","href":"https:\/\/api.w.org\/{rel}","templated":true}]}}