{"id":11451,"date":"2016-03-03T10:50:29","date_gmt":"2016-03-03T09:50:29","guid":{"rendered":"http:\/\/www.infosadowne.boo.pl\/?p=11451"},"modified":"2016-03-03T10:50:29","modified_gmt":"2016-03-03T09:50:29","slug":"czytanie-staje-sie-popularne","status":"publish","type":"post","link":"http:\/\/info.sadowne.pl\/?p=11451","title":{"rendered":"Czytanie staje si\u0119 popularne"},"content":{"rendered":"<p style=\"text-align: justify;\"><strong><a href=\"http:\/\/www.info.sadowne.pl\/wp-content\/uploads\/2016\/03\/2016.03.03.12.jpg\" target=\"_blank\"><img loading=\"lazy\" decoding=\"async\" class=\"alignleft wp-image-11452 size-thumbnail\" src=\"http:\/\/www.info.sadowne.pl\/wp-content\/uploads\/2016\/03\/2016.03.03.12-180x130.jpg\" alt=\"2016.03.03.12\" width=\"180\" height=\"130\" \/><\/a>1 marca dwoje uczni\u00f3w z kl. IIa sadowie\u0144skiego Gimnazjum pod opiek\u0105 bibliotekarki p. Anny Gierej przygotowa\u0142o spotkanie czytelnicze dla dzieci z Przedszkola w Sadownem.<\/strong><!--more--><\/p>\n<p style=\"text-align: justify;\"><strong><a href=\"http:\/\/www.info.sadowne.pl\/wp-content\/uploads\/2016\/03\/2016.03.03.11.jpg\" target=\"_blank\"><img loading=\"lazy\" decoding=\"async\" class=\"alignright wp-image-11453 size-medium\" src=\"http:\/\/www.info.sadowne.pl\/wp-content\/uploads\/2016\/03\/2016.03.03.11-300x225.jpg\" alt=\"2016.03.03.11\" width=\"300\" height=\"225\" srcset=\"http:\/\/info.sadowne.pl\/wp-content\/uploads\/2016\/03\/2016.03.03.11-300x225.jpg 300w, http:\/\/info.sadowne.pl\/wp-content\/uploads\/2016\/03\/2016.03.03.11.jpg 640w\" sizes=\"auto, (max-width: 300px) 100vw, 300px\" \/><\/a><\/strong><em>Nasi gimnazjali\u015bci &#8211; Ola Filipowicz i Karol Zi\u00f3\u0142kowski\u00a0wybrali ba\u015b\u0144 Braci Grimm pt.: \u201eWilk i siedem ko\u017al\u0105tek\u201d, kt\u00f3r\u0105 g\u0142o\u015bno odczytali. Najm\u0142odsi z wielkim zainteresowaniem s\u0142uchali prezentowanego utworu, \u00a0a nast\u0119pnie pi\u0119knie opowiadali o przygodach bohater\u00f3w.\u00a0<\/em><\/p>\n<p style=\"text-align: justify;\"><strong>Wi\u0119cej na stronie <span style=\"color: #0000ff;\"><a style=\"color: #0000ff;\" href=\"http:\/\/www.gimnazjumsadowne.pl\" target=\"_blank\">Gimnazjum w Sadownem<\/a><\/span><\/strong><\/p>\n<p style=\"text-align: justify;\"><span style=\"color: #0000ff;\"><strong>\u0179r\u00f3d\u0142o:<\/strong> <a style=\"color: #0000ff;\" href=\"http:\/\/www.gimnazjumsadowne.pl\" target=\"_blank\">www.gimnazjumsadowne.pl<\/a><\/span><\/p>\n","protected":false},"excerpt":{"rendered":"<p>1 marca dwoje uczni\u00f3w z kl. IIa sadowie\u0144skiego Gimnazjum pod opiek\u0105 bibliotekarki p. Anny Gierej przygotowa\u0142o spotkanie czytelnicze dla dzieci z Przedszkola w Sadownem.<\/p>\n","protected":false},"author":1,"featured_media":0,"comment_status":"open","ping_status":"open","sticky":false,"template":"","format":"standard","meta":{"footnotes":""},"categories":[5,83,1752],"tags":[1737,71],"class_list":["post-11451","post","type-post","status-publish","format-standard","hentry","category-newsy","category-gimnazjum","category-edukacja","tag-czytanie-dzieciom","tag-gimnazjum-sadowne"],"views":3167,"_links":{"self":[{"href":"http:\/\/info.sadowne.pl\/index.php?rest_route=\/wp\/v2\/posts\/11451","targetHints":{"allow":["GET"]}}],"collection":[{"href":"http:\/\/info.sadowne.pl\/index.php?rest_route=\/wp\/v2\/posts"}],"about":[{"href":"http:\/\/info.sadowne.pl\/index.php?rest_route=\/wp\/v2\/types\/post"}],"author":[{"embeddable":true,"href":"http:\/\/info.sadowne.pl\/index.php?rest_route=\/wp\/v2\/users\/1"}],"replies":[{"embeddable":true,"href":"http:\/\/info.sadowne.pl\/index.php?rest_route=%2Fwp%2Fv2%2Fcomments&post=11451"}],"version-history":[{"count":1,"href":"http:\/\/info.sadowne.pl\/index.php?rest_route=\/wp\/v2\/posts\/11451\/revisions"}],"predecessor-version":[{"id":11454,"href":"http:\/\/info.sadowne.pl\/index.php?rest_route=\/wp\/v2\/posts\/11451\/revisions\/11454"}],"wp:attachment":[{"href":"http:\/\/info.sadowne.pl\/index.php?rest_route=%2Fwp%2Fv2%2Fmedia&parent=11451"}],"wp:term":[{"taxonomy":"category","embeddable":true,"href":"http:\/\/info.sadowne.pl\/index.php?rest_route=%2Fwp%2Fv2%2Fcategories&post=11451"},{"taxonomy":"post_tag","embeddable":true,"href":"http:\/\/info.sadowne.pl\/index.php?rest_route=%2Fwp%2Fv2%2Ftags&post=11451"}],"curies":[{"name":"wp","href":"https:\/\/api.w.org\/{rel}","templated":true}]}}