{"id":11567,"date":"2016-03-12T08:22:04","date_gmt":"2016-03-12T07:22:04","guid":{"rendered":"http:\/\/www.infosadowne.boo.pl\/?p=11567"},"modified":"2016-03-12T08:22:04","modified_gmt":"2016-03-12T07:22:04","slug":"5-minut-o","status":"publish","type":"post","link":"http:\/\/info.sadowne.pl\/?p=11567","title":{"rendered":"5 minut o&#8230;"},"content":{"rendered":"<p style=\"text-align: justify;\"><strong><img loading=\"lazy\" decoding=\"async\" class=\"alignleft size-thumbnail wp-image-7835\" src=\"http:\/\/www.info.sadowne.pl\/wp-content\/uploads\/2015\/02\/wojtcyran-180x130.jpg\" alt=\"wojtcyran\" width=\"180\" height=\"130\" srcset=\"http:\/\/info.sadowne.pl\/wp-content\/uploads\/2015\/02\/wojtcyran-180x130.jpg 180w, http:\/\/info.sadowne.pl\/wp-content\/uploads\/2015\/02\/wojtcyran-300x215.jpg 300w, http:\/\/info.sadowne.pl\/wp-content\/uploads\/2015\/02\/wojtcyran.jpg 784w\" sizes=\"auto, (max-width: 180px) 100vw, 180px\" \/>\u2026planach Gminy Sadowne na 2016 rok.<\/strong><!--more--><\/p>\n<p style=\"text-align: justify;\"><strong>Drodzy Mieszka\u0144cy Gminy Sadowne!<\/strong><\/p>\n<p style=\"text-align: justify;\">Min\u0119\u0142o ju\u017c troch\u0119 czasu od chwili, gdy za po\u015brednictwem Portalu Info Sadowne zwraca\u0142em si\u0119 do Was w kolejnym artykule z cyklu: \u201e5 minut o\u2026\u201d. Widzimy, \u017ce czas p\u0142ynie szybko, pierwszy kwarta\u0142 2016 roku ju\u017c prawie za nami, a wi\u0119c chcia\u0142bym przedstawi\u0107 Pa\u0144stwu rzeteln\u0105 informacj\u0119 o stanie zada\u0144 i przedsi\u0119wzi\u0119\u0107 planowanych w bie\u017c\u0105cym roku bud\u017cetowym.<\/p>\n<p style=\"text-align: justify;\">Tak, jak informowa\u0142em Pa\u0144stwa wcze\u015bniej, bud\u017cet Gminy Sadowne na rok 2016 \u00a0ukszta\u0142towany jest w kierunku sp\u0142aty zobowi\u0105za\u0144 finansowych, zaci\u0105gni\u0119tych w poprzednich latach, w wysoko\u015bci przekraczaj\u0105cej 1 milion z\u0142otych. Dzia\u0142anie to jest przemy\u015blan\u0105 strategi\u0105 gospodarowania finansami Gminy, a pozwoli na wypracowanie stabilnej pozycji startowej do podejmowania kolejnych zada\u0144 inwestycyjnych planowanych i aktualnie przygotowywanych. Mam tu na my\u015bli budow\u0119 sieci kanalizacyjnej na ul. Wiejskiej, Gaj, Partyzant\u00f3w, Drak oraz\u00a0 Cichej. Inwestycja jest na etapie projektowania i uzyskania pozwolenia na budow\u0119, kt\u00f3r\u0105 chcemy rozpocz\u0105\u0107 jeszcze w tym roku na odcinku ul. Wiejskiej. Musimy si\u0119 jednak spieszy\u0107, gdy\u017c nab\u00f3r wniosk\u00f3w o dofinansowanie przedsi\u0119wzi\u0119\u0107 tego rodzaju odb\u0119dzie si\u0119 ju\u017c na prze\u0142omie miesi\u0105ca lipca i sierpnia, a s\u0105 to kwoty znacz\u0105ce i znacznie u\u0142atwiaj\u0105ce prawid\u0142ow\u0105 oraz szybk\u0105 realizacj\u0119 zaplanowanego zadnia.<\/p>\n<p style=\"text-align: justify;\"><strong>Szanowni Pa\u0144stwo!<\/strong> Mi\u0142o jest mi poinformowa\u0107, \u017ce zwodoci\u0105gowanie naszej Gminy przebiega zgodnie z planem, nowe uj\u0119cie wody w Z\u0142otkach pracuje prawid\u0142owo i zaopatruje w wod\u0119 mieszka\u0144c\u00f3w Z\u0142otek, a od ko\u0144ca stycznia r\u00f3wnie\u017c Kolonii Z\u0142otki.\u00a0 Wybudowanie nowych odcink\u00f3w wodoci\u0105g\u00f3w (w roku 2015 blisko 10 km) mia\u0142o r\u00f3wnie\u017c\u00a0 na celu ograniczenia zakupu wody z Gminy Stoczek, kt\u00f3ra dotychczas obs\u0142ugiwa\u0142a ten teren. By\u0142o to nie ma\u0142ym obci\u0105\u017ceniem r\u00f3wnie\u017c dla naszego ZGK, ale obecnie nale\u017cy do przesz\u0142o\u015bci. Dzi\u0119ki tym inwestycjom uda\u0142o si\u0119 zapobiec kolejnym podwy\u017ckom ceny wody dla naszych mieszka\u0144c\u00f3w &#8211; na najbli\u017cszej Sesji Rady Gminy Sadowne zostanie podj\u0119ta uchwa\u0142a o utrzymaniu cen wody na dotychczasowym poziomie.<\/p>\n<p style=\"text-align: justify;\">W tym roku bud\u017cetowym planujemy zwodoci\u0105gowanie Orze\u0142ka &#8211; ostatniej naszej miejscowo\u015bci, kt\u00f3ra nie posiada tego rodzaju sieci. Przygotowujemy si\u0119 do og\u0142oszenia przetargu na realizacj\u0119 tego zadania.<\/p>\n<p style=\"text-align: justify;\">Miesi\u0105c kwiecie\u0144 przyniesie nam rozstrzygni\u0119cie z\u0142o\u017conych w styczniu br. wniosk\u00f3w o dofinansowanie zada\u0144 polegaj\u0105cych na budowie dr\u00f3g gminnych w ramach Programu Budowy Dr\u00f3g Lokalnych. Z\u0142o\u017cyli\u015bmy dwa projekty, kt\u00f3re dotycz\u0105 drogi Grabiny &#8211; Szynkarzyzna oraz drogi na terenie so\u0142ectwa Sadole\u015b. Projekty te zosta\u0142y opracowane przy wsp\u00f3\u0142pracy ze Starostwem Powiatowym w W\u0119growie, co umo\u017cliwia nam uzyskanie wi\u0119kszej liczby punkt\u00f3w podczas oceny formalnej projekt\u00f3w.<\/p>\n<p style=\"text-align: justify;\">To nie jedyne inwestycje zaplanowane na rok 2016 wsp\u00f3lnie z Powiatem W\u0119growskim. Kolejnym z planowanych zada\u0144 jest konserwacja drogi powiatowej na odcinku od Sadownego do Sadolesia. W tym miejscu chcia\u0142bym zwr\u00f3ci\u0107 uwag\u0119 na fakt zaplanowania i uzgodnienia tego zadania przeze mnie, przy aprobacie Rady Gminy Sadowne, ze Starost\u0105 W\u0119growskim Panem Krzysztofem Fedorczykiem oraz\u00a0 Zarz\u0105dem Rady Powiatu. Odby\u0142o si\u0119 to ju\u017c na pocz\u0105tku roku bud\u017cetowego 2016, a udzia\u0142 finansowy Gminy Sadowne w tej inwestycji wynosi 150 tysi\u0119cy z\u0142otych &#8211; dobra wsp\u00f3\u0142praca daje dobre owoce.<\/p>\n<p style=\"text-align: justify;\"><strong>Co jeszcze w Gminie Sadowne ? <\/strong>Na prze\u0142omie kwietnia i maja br. planujemy wykonanie remontu chodnika wok\u00f3\u0142 skweru ko\u015bcielnego, a nast\u0119pnie przyst\u0105pimy do budowy obiecanego przeze mnie szaletu publicznego, kt\u00f3ry b\u0119dzie zlokalizowany przy parkanie ko\u015bcielnym, w okolicy kwiaciarni (dokumentacja budowy, uzgodniona z Parafi\u0105, znajduje si\u0119 do wgl\u0105du w Urz\u0119dzie Gminy Sadowne). Realizacja wsp\u00f3lnej inwestycji nast\u0105pi dzi\u0119ki wsparciu finansowemu funduszu so\u0142eckiego Gminy Sadowne. Dzi\u0119kuj\u0119 wszystkim Mieszka\u0144com za poparcie mojej inicjatywy.<\/p>\n<p style=\"text-align: justify;\"><strong>Nie s\u0105 to wszystkie planowane dzia\u0142ania Urz\u0119du Gminy Sadowne na bie\u017c\u0105cy rok, ale o tym porozmawiamy wkr\u00f3tce.<\/strong><\/p>\n<p style=\"text-align: justify;\"><strong>Pozdrawiam! <\/strong><\/p>\n<p style=\"text-align: justify;\"><strong>Waldemar Cyran \u2013 W\u00f3jt Gminy Sadowne<\/strong><\/p>\n","protected":false},"excerpt":{"rendered":"<p>\u2026planach Gminy Sadowne na 2016 rok.<\/p>\n","protected":false},"author":1,"featured_media":0,"comment_status":"open","ping_status":"open","sticky":false,"template":"","format":"standard","meta":{"footnotes":""},"categories":[1204,5,41],"tags":[1864,1033,614],"class_list":["post-11567","post","type-post","status-publish","format-standard","hentry","category-5-minut-o","category-newsy","category-wiesci-gminne","tag-5-minut-o-planach-gminy-sadowne-na-2016-rok","tag-waldemar-cyran","tag-wojt-gminy-sadowne"],"views":3204,"_links":{"self":[{"href":"http:\/\/info.sadowne.pl\/index.php?rest_route=\/wp\/v2\/posts\/11567","targetHints":{"allow":["GET"]}}],"collection":[{"href":"http:\/\/info.sadowne.pl\/index.php?rest_route=\/wp\/v2\/posts"}],"about":[{"href":"http:\/\/info.sadowne.pl\/index.php?rest_route=\/wp\/v2\/types\/post"}],"author":[{"embeddable":true,"href":"http:\/\/info.sadowne.pl\/index.php?rest_route=\/wp\/v2\/users\/1"}],"replies":[{"embeddable":true,"href":"http:\/\/info.sadowne.pl\/index.php?rest_route=%2Fwp%2Fv2%2Fcomments&post=11567"}],"version-history":[{"count":1,"href":"http:\/\/info.sadowne.pl\/index.php?rest_route=\/wp\/v2\/posts\/11567\/revisions"}],"predecessor-version":[{"id":11568,"href":"http:\/\/info.sadowne.pl\/index.php?rest_route=\/wp\/v2\/posts\/11567\/revisions\/11568"}],"wp:attachment":[{"href":"http:\/\/info.sadowne.pl\/index.php?rest_route=%2Fwp%2Fv2%2Fmedia&parent=11567"}],"wp:term":[{"taxonomy":"category","embeddable":true,"href":"http:\/\/info.sadowne.pl\/index.php?rest_route=%2Fwp%2Fv2%2Fcategories&post=11567"},{"taxonomy":"post_tag","embeddable":true,"href":"http:\/\/info.sadowne.pl\/index.php?rest_route=%2Fwp%2Fv2%2Ftags&post=11567"}],"curies":[{"name":"wp","href":"https:\/\/api.w.org\/{rel}","templated":true}]}}