{"id":11577,"date":"2016-03-13T09:04:42","date_gmt":"2016-03-13T08:04:42","guid":{"rendered":"http:\/\/www.infosadowne.boo.pl\/?p=11577"},"modified":"2020-04-24T17:08:24","modified_gmt":"2020-04-24T15:08:24","slug":"gminny-dzien-kobiet","status":"publish","type":"post","link":"http:\/\/info.sadowne.pl\/?p=11577","title":{"rendered":"Gminny Dzie\u0144 Kobiet"},"content":{"rendered":"<p style=\"text-align: justify;\"><strong><img loading=\"lazy\" decoding=\"async\" class=\"alignleft size-thumbnail wp-image-11578\" src=\"http:\/\/www.info.sadowne.pl\/wp-content\/uploads\/2016\/03\/2016.03.13.1-180x130.jpg\" alt=\"2016.03.13.1\" width=\"180\" height=\"130\" \/>Na zaproszenie W\u00f3jta Gminy Sadowne p. Waldemara Cyrana odpowiedzia\u0142o wiele mieszkanek naszej Gminy.<\/strong><!--more--><\/p>\n<p style=\"text-align: justify;\">W organizowanym 12 marca Gminnym Dniu Kobiet wzi\u0119\u0142a udzia\u0142 wyj\u0105tkowo du\u017ca liczba mieszkanek Gminy Sadowne. Sala OSP w Sadownem wype\u0142ni\u0142a si\u0119 po brzegi, Pa\u0144 ci\u0105gle przybywa\u0142o, a \u201ew progu\u201d wita\u0142 je kwiatkiem organizator uroczysto\u015bci p. Waldemar Cyran wraz z Przewodnicz\u0105cym Rady Gminy p. Piotrem Olkowskim i m\u0142odymi pomocnikami.<\/p>\n<p style=\"text-align: justify;\">Po powitaniu go\u015bci i \u017cyczeniach od \u201ebrzydszej p\u0142ci\u201d naszej Gminy, go\u015bci zabawia\u0142 zesp\u00f3\u0142 Liceum Og\u00f3lnokszta\u0142c\u0105cego w \u0141ochowie, kt\u00f3ry okazyjnie przyj\u0105\u0142 nazw\u0119 \u2013 d\u0142ug\u0105, ale wyja\u015bniaj\u0105c\u0105 okoliczno\u015bci powstania: \u201eRaz na jaki\u015b czas, nie cz\u0119\u015bciej ni\u017c raz w roku, zawsze na Dzie\u0144 Kobiet\u201d.<\/p>\n<p style=\"text-align: justify;\">Prezentacja popularnych, polskich przeboj\u00f3w i humorystycznych scenek z \u017cycia codziennego bawi\u0142a publiczno\u015b\u0107 przez prawie dwie godziny, a wszystkie jej elementy oczywi\u015bcie zwi\u0105zane by\u0142y z kobietami i ich \u015awi\u0119tem. Wspania\u0142e wykonanie element\u00f3w muzycznych i dobra gra aktorska to zas\u0142uga kierownika Zespo\u0142u \u2013 dyrektora LO w \u0141ochowie p. Andrzeja Suchenka. Wsp\u00f3lnie z uczniami \u0142ochowskiej Szko\u0142y wyst\u0105pi\u0142 tak\u017ce ks. Piotr Jarosiewicz, prezentuj\u0105c swoje umiej\u0119tno\u015bci wokalne i gry na gitarze.<\/p>\n<p style=\"text-align: justify;\">Wyst\u0119p bardzo si\u0119 podoba\u0142, by\u0142y bisy, a w podsumowaniu uzgodniono ju\u017c obecno\u015b\u0107 Zespo\u0142u na przysz\u0142orocznym \u015awi\u0119cie Kobiet w Sadownem. Warunek: jak podkre\u015bli\u0142 p. Suchenek &#8211; je\u015bli p. Waldek, W\u00f3jt Gminy zaprosi ponownie Zesp\u00f3\u0142 \u201eRaz na jaki\u015b czas\u2026\u201d. Ale chyba ju\u017c jest to pewne.<\/p>\n<p style=\"text-align: justify;\">Przygotowuj\u0105cy t\u0119 uroczysto\u015b\u0107 Gminny O\u015brodek Kultury w Sadownem \u201ezaskoczy\u0142\u201d nasze Panie niespodziankami. Po przybyciu do Sali OSP pierwszych sto Pa\u0144 otrzyma\u0142o talony z numerami. Spo\u015br\u00f3d nich rozlosowano nagrody: m.in. gad\u017cety, kt\u00f3re powsta\u0142y na zaj\u0119ciach decoupage czy ceramicznych w GOK, ramki do zdj\u0119\u0107, r\u0119kawice kuchenne i wiele innych, ale te\u017c zasponsorowane przez sadowie\u0144skie firmy karnety np. na wykonanie fryzur, makija\u017cu, paznokci oraz masa\u017cy relaksacyjnych.<\/p>\n<p style=\"text-align: justify;\">Na koniec co\u015b na s\u0142odko: tort z \u017cyczeniami od W\u00f3jta Gminy Sadowne, kt\u00f3ry niech b\u0119dzie symbolem uznania i szacunku wobec naszych Pa\u0144. Wszystkiego dobrego Drogie Panie!<\/p>\n<p style=\"text-align: justify;\"><strong>Spotkamy si\u0119 za rok na podobnej uroczysto\u015bci \u2013 trzymamy za s\u0142owo W\u00f3jta p. Waldemara Cyrana.<\/strong><\/p>\n<p style=\"text-align: justify;\"><a href=\"https:\/\/photos.app.goo.gl\/s1iq4fKsYAmmHZgy6\" target=\"_blank\" rel=\"noopener noreferrer\"><span style=\"color: #0000ff;\"><strong>Zdj\u0119cia w galerii Google&gt;&gt;&gt;<\/strong><\/span><\/a><\/p>\n<p style=\"text-align: justify;\"><strong>Tekst\/foto:<\/strong> S\u0142awek Chyli\u0144ski<\/p>\n","protected":false},"excerpt":{"rendered":"<p>Na zaproszenie W\u00f3jta Gminy Sadowne p. Waldemara Cyrana odpowiedzia\u0142o wiele mieszkanek naszej Gminy.<\/p>\n","protected":false},"author":1,"featured_media":0,"comment_status":"open","ping_status":"open","sticky":false,"template":"","format":"standard","meta":{"footnotes":""},"categories":[5,91,6],"tags":[1841,169,1033,614],"class_list":["post-11577","post","type-post","status-publish","format-standard","hentry","category-newsy","category-gminny-osrodek-kultury","category-kultura-rozrywka-edukacja","tag-gminny-dzien-kobiet-w-sadownem","tag-gminny-osrodek-kultury-w-sadownem","tag-waldemar-cyran","tag-wojt-gminy-sadowne"],"views":3707,"_links":{"self":[{"href":"http:\/\/info.sadowne.pl\/index.php?rest_route=\/wp\/v2\/posts\/11577","targetHints":{"allow":["GET"]}}],"collection":[{"href":"http:\/\/info.sadowne.pl\/index.php?rest_route=\/wp\/v2\/posts"}],"about":[{"href":"http:\/\/info.sadowne.pl\/index.php?rest_route=\/wp\/v2\/types\/post"}],"author":[{"embeddable":true,"href":"http:\/\/info.sadowne.pl\/index.php?rest_route=\/wp\/v2\/users\/1"}],"replies":[{"embeddable":true,"href":"http:\/\/info.sadowne.pl\/index.php?rest_route=%2Fwp%2Fv2%2Fcomments&post=11577"}],"version-history":[{"count":4,"href":"http:\/\/info.sadowne.pl\/index.php?rest_route=\/wp\/v2\/posts\/11577\/revisions"}],"predecessor-version":[{"id":23239,"href":"http:\/\/info.sadowne.pl\/index.php?rest_route=\/wp\/v2\/posts\/11577\/revisions\/23239"}],"wp:attachment":[{"href":"http:\/\/info.sadowne.pl\/index.php?rest_route=%2Fwp%2Fv2%2Fmedia&parent=11577"}],"wp:term":[{"taxonomy":"category","embeddable":true,"href":"http:\/\/info.sadowne.pl\/index.php?rest_route=%2Fwp%2Fv2%2Fcategories&post=11577"},{"taxonomy":"post_tag","embeddable":true,"href":"http:\/\/info.sadowne.pl\/index.php?rest_route=%2Fwp%2Fv2%2Ftags&post=11577"}],"curies":[{"name":"wp","href":"https:\/\/api.w.org\/{rel}","templated":true}]}}