{"id":11658,"date":"2016-03-17T18:31:53","date_gmt":"2016-03-17T17:31:53","guid":{"rendered":"http:\/\/www.infosadowne.boo.pl\/?p=11658"},"modified":"2016-03-17T18:31:53","modified_gmt":"2016-03-17T17:31:53","slug":"krolik-na-swieta","status":"publish","type":"post","link":"http:\/\/info.sadowne.pl\/?p=11658","title":{"rendered":"Kr\u00f3lik na \u015awi\u0119ta"},"content":{"rendered":"<p style=\"text-align: justify;\"><strong><a href=\"http:\/\/www.info.sadowne.pl\/wp-content\/uploads\/2016\/03\/2016.03.17.28.jpg\" target=\"_blank\"><img loading=\"lazy\" decoding=\"async\" class=\"alignleft wp-image-11659 size-thumbnail\" src=\"http:\/\/www.info.sadowne.pl\/wp-content\/uploads\/2016\/03\/2016.03.17.28-180x130.jpg\" alt=\"2016.03.17.28\" width=\"180\" height=\"130\" \/><\/a>17 marca w Technikum \u017bywienia i Us\u0142ug Gastronomicznych w Sadownem uczniowie rywalizowali w szkolnym konkursie kulinarnym.<\/strong><!--more--><\/p>\n<p style=\"text-align: justify;\">Tytu\u0142 konkursu m\u00f3wi sam za siebie: \u201eKr\u00f3lik na wielkanocnym stole\u201d. Wystartowa\u0142o w nim cztery dwuosobowe dru\u017cyny. Oto relacja:<\/p>\n<p style=\"text-align: justify;\"><em>Dzisiejszy konkurs to pokaz rywalizacji na bardzo wysokim poziomie. Jury mia\u0142o twardy orzech do zgryzienia\u00a0 &#8211; wszystkie potrawy bardzo smaczne, pi\u0119knie zaprezentowane &#8211; kt\u00f3r\u0105 wybra\u0107? Po d\u0142ugich obradach wybrano zwyci\u0119zc\u00f3w:<\/em><\/p>\n<p style=\"text-align: justify;\"><em><strong><a href=\"http:\/\/www.info.sadowne.pl\/wp-content\/uploads\/2016\/03\/2016.03.17.20.jpg\" target=\"_blank\"><img loading=\"lazy\" decoding=\"async\" class=\"alignleft wp-image-11660 size-thumbnail\" src=\"http:\/\/www.info.sadowne.pl\/wp-content\/uploads\/2016\/03\/2016.03.17.20-180x130.jpg\" alt=\"2016.03.17.20\" width=\"180\" height=\"130\" \/><\/a>I miejsce<\/strong>\u00a0 &#8211; Hubert Rudnik i Kamil Puchta &#8211; Comber w panierce pistacjowej, z gruszk\u0105 z wina, s\u0142odkim groszkiem i sosem z wina redukowanego.<\/em><\/p>\n<p style=\"text-align: justify;\"><a href=\"http:\/\/www.info.sadowne.pl\/wp-content\/uploads\/2016\/03\/2016.03.17.21.jpg\" target=\"_blank\"><img loading=\"lazy\" decoding=\"async\" class=\"aligncenter wp-image-11661 size-thumbnail\" src=\"http:\/\/www.info.sadowne.pl\/wp-content\/uploads\/2016\/03\/2016.03.17.21-180x130.jpg\" alt=\"2016.03.17.21\" width=\"180\" height=\"130\" \/><\/a><\/p>\n<p style=\"text-align: justify;\"><em><strong><a href=\"http:\/\/www.info.sadowne.pl\/wp-content\/uploads\/2016\/03\/2016.03.17.22.jpg\" target=\"_blank\"><img loading=\"lazy\" decoding=\"async\" class=\"alignleft wp-image-11662 size-thumbnail\" src=\"http:\/\/www.info.sadowne.pl\/wp-content\/uploads\/2016\/03\/2016.03.17.22-180x130.jpg\" alt=\"2016.03.17.22\" width=\"180\" height=\"130\" \/><\/a>II miejsce<\/strong>\u00a0 &#8211; Dorota Wieliczko i Szymon D\u0105browski &#8211; Kr\u00f3lik duszony w marynacie miodowo -musztardowej z sosem \u015bliwkowym, piernikiem i grillowan\u0105 polent\u0105.<\/em><\/p>\n<p style=\"text-align: justify;\"><a href=\"http:\/\/www.info.sadowne.pl\/wp-content\/uploads\/2016\/03\/2016.03.17.23.jpg\" target=\"_blank\"><img loading=\"lazy\" decoding=\"async\" class=\"aligncenter wp-image-11663 size-thumbnail\" src=\"http:\/\/www.info.sadowne.pl\/wp-content\/uploads\/2016\/03\/2016.03.17.23-180x130.jpg\" alt=\"2016.03.17.23\" width=\"180\" height=\"130\" \/><\/a><\/p>\n<p style=\"text-align: justify;\"><em><strong>III miejsce &#8211; ex aequo<\/strong><\/em><\/p>\n<p style=\"text-align: justify;\"><em><a href=\"http:\/\/www.info.sadowne.pl\/wp-content\/uploads\/2016\/03\/2016.03.17.24.jpg\" target=\"_blank\"><img loading=\"lazy\" decoding=\"async\" class=\"alignleft wp-image-11664 size-thumbnail\" src=\"http:\/\/www.info.sadowne.pl\/wp-content\/uploads\/2016\/03\/2016.03.17.24-180x130.jpg\" alt=\"2016.03.17.24\" width=\"180\" height=\"130\" \/><\/a>&#8211; Patrycja Zi\u00f3\u0142kowska i Paulina Wieliczko &#8211; Kr\u00f3lik duszony w cebulowej pierzynce z soczewic\u0105, grillowan\u0105 gruszk\u0105 i sosem \u017curawinowym<\/em><\/p>\n<p style=\"text-align: justify;\"><img loading=\"lazy\" decoding=\"async\" class=\"aligncenter size-thumbnail wp-image-11665\" src=\"http:\/\/www.info.sadowne.pl\/wp-content\/uploads\/2016\/03\/2016.03.17.25-180x130.jpg\" alt=\"2016.03.17.25\" width=\"180\" height=\"130\" \/><\/p>\n<p style=\"text-align: justify;\"><em><a href=\"http:\/\/www.info.sadowne.pl\/wp-content\/uploads\/2016\/03\/2016.03.17.26.jpg\" target=\"_blank\"><img loading=\"lazy\" decoding=\"async\" class=\"alignleft wp-image-11666 size-thumbnail\" src=\"http:\/\/www.info.sadowne.pl\/wp-content\/uploads\/2016\/03\/2016.03.17.26-180x130.jpg\" alt=\"2016.03.17.26\" width=\"180\" height=\"130\" \/><\/a>oraz\u00a0Ewelina Wr\u00f3bel i Agata Karczmarczyk &#8211; Roladki z kr\u00f3lika w zielonej panierce z kasz\u0105 jaglan\u0105, miodowym farfalle i sosem \u015bmietanowym.<\/em><\/p>\n<p style=\"text-align: justify;\"><a href=\"http:\/\/www.info.sadowne.pl\/wp-content\/uploads\/2016\/03\/2016.03.17.27.jpg\" target=\"_blank\"><img loading=\"lazy\" decoding=\"async\" class=\"aligncenter wp-image-11667 size-thumbnail\" src=\"http:\/\/www.info.sadowne.pl\/wp-content\/uploads\/2016\/03\/2016.03.17.27-180x130.jpg\" alt=\"2016.03.17.27\" width=\"180\" height=\"130\" \/><\/a><\/p>\n<p style=\"text-align: justify;\"><strong>Gratulujemy!<\/strong><\/p>\n<p style=\"text-align: justify;\"><strong>\u0179r\u00f3d\u0142a:<\/strong><\/p>\n<p style=\"text-align: justify;\"><a href=\"http:\/\/www.liceumsadowne.pl\" target=\"_blank\">www.liceumsadowne.pl<\/a><\/p>\n<p style=\"text-align: justify;\"><a href=\"http:\/\/www.facebook.com\/Technikum-%C5%BBywienia-i-Us%C5%82ug-Gastronomicznych-w-Sadownem-243959705762262\" target=\"_blank\">www.facebook.com\/Technikum-%C5%BBywienia-i-Us%C5%82ug-Gastronomicznych-w-Sadownem-243959705762262<\/a><\/p>\n","protected":false},"excerpt":{"rendered":"<p>17 marca w Technikum \u017bywienia i Us\u0142ug Gastronomicznych w Sadownem uczniowie rywalizowali w szkolnym konkursie kulinarnym.<\/p>\n","protected":false},"author":1,"featured_media":0,"comment_status":"open","ping_status":"open","sticky":false,"template":"","format":"standard","meta":{"footnotes":""},"categories":[5,1752,85],"tags":[1876,254],"class_list":["post-11658","post","type-post","status-publish","format-standard","hentry","category-newsy","category-edukacja","category-zsp","tag-konkurs-kulinarny-krolik-na-wielaknocnym-stole","tag-technikum-zywienia-i-uslug-gastronomicznych-w-sadownem"],"views":3279,"_links":{"self":[{"href":"http:\/\/info.sadowne.pl\/index.php?rest_route=\/wp\/v2\/posts\/11658","targetHints":{"allow":["GET"]}}],"collection":[{"href":"http:\/\/info.sadowne.pl\/index.php?rest_route=\/wp\/v2\/posts"}],"about":[{"href":"http:\/\/info.sadowne.pl\/index.php?rest_route=\/wp\/v2\/types\/post"}],"author":[{"embeddable":true,"href":"http:\/\/info.sadowne.pl\/index.php?rest_route=\/wp\/v2\/users\/1"}],"replies":[{"embeddable":true,"href":"http:\/\/info.sadowne.pl\/index.php?rest_route=%2Fwp%2Fv2%2Fcomments&post=11658"}],"version-history":[{"count":1,"href":"http:\/\/info.sadowne.pl\/index.php?rest_route=\/wp\/v2\/posts\/11658\/revisions"}],"predecessor-version":[{"id":11668,"href":"http:\/\/info.sadowne.pl\/index.php?rest_route=\/wp\/v2\/posts\/11658\/revisions\/11668"}],"wp:attachment":[{"href":"http:\/\/info.sadowne.pl\/index.php?rest_route=%2Fwp%2Fv2%2Fmedia&parent=11658"}],"wp:term":[{"taxonomy":"category","embeddable":true,"href":"http:\/\/info.sadowne.pl\/index.php?rest_route=%2Fwp%2Fv2%2Fcategories&post=11658"},{"taxonomy":"post_tag","embeddable":true,"href":"http:\/\/info.sadowne.pl\/index.php?rest_route=%2Fwp%2Fv2%2Ftags&post=11658"}],"curies":[{"name":"wp","href":"https:\/\/api.w.org\/{rel}","templated":true}]}}