{"id":11848,"date":"2016-04-06T13:13:00","date_gmt":"2016-04-06T11:13:00","guid":{"rendered":"http:\/\/www.infosadowne.boo.pl\/?p=11848"},"modified":"2016-04-06T13:13:00","modified_gmt":"2016-04-06T11:13:00","slug":"obserwujmy-unitarke","status":"publish","type":"post","link":"http:\/\/info.sadowne.pl\/?p=11848","title":{"rendered":"Obserwujmy unitark\u0119!"},"content":{"rendered":"<p style=\"text-align: justify;\"><strong><img loading=\"lazy\" decoding=\"async\" class=\"alignleft size-thumbnail wp-image-5530\" src=\"http:\/\/www.info.sadowne.pl\/wp-content\/uploads\/2014\/06\/js-180x130.jpg\" alt=\"js\" width=\"180\" height=\"130\" \/>Jak wcze\u015bniej informowali\u015bmy, w najbli\u017cszy weekend (8-10 kwietnia) Jednostka Strzelecka 5001 organizuje w Sadownem kurs unitarny.<\/strong><!--more--><\/p>\n<p style=\"text-align: justify;\">Jest to du\u017ce przedsi\u0119wzi\u0119cie i ciekawe z punktu widzenia obserwator\u00f3w. Tak du\u017ce zgrupowanie jednostek mundurowych nie mia\u0142o miejsca od czasu ostatniej wojny, czy te\u017c nawiedzaj\u0105cych w przesz\u0142o\u015bci te strony kl\u0119sk \u017cywio\u0142owych.<\/p>\n<p style=\"text-align: justify;\"><strong><a href=\"http:\/\/www.info.sadowne.pl\/wp-content\/uploads\/2016\/04\/2016.04.06.4.jpg\" target=\"_blank\"><img loading=\"lazy\" decoding=\"async\" class=\"alignright wp-image-11849 size-medium\" src=\"http:\/\/www.info.sadowne.pl\/wp-content\/uploads\/2016\/04\/2016.04.06.4-300x225.jpg\" alt=\"2016.04.06.4\" width=\"300\" height=\"225\" srcset=\"http:\/\/info.sadowne.pl\/wp-content\/uploads\/2016\/04\/2016.04.06.4-300x225.jpg 300w, http:\/\/info.sadowne.pl\/wp-content\/uploads\/2016\/04\/2016.04.06.4.jpg 798w\" sizes=\"auto, (max-width: 300px) 100vw, 300px\" \/><\/a>Jak informuje d-ca JS 5001 st. sier\u017c. ZS Micha\u0142 J\u00f3zefowski, w zgrupowaniu unitarnym we\u017amie udzia\u0142 oko\u0142o 80 strzelc\u00f3w z o\u015bciennych Jednostek Strzeleckich.<\/strong> Dzi\u0119ki uprzejmo\u015bci W\u00f3jta Gminy Sadowne i dyrektor\u00f3w plac\u00f3wek o\u015bwiatowych, strzelcy b\u0119d\u0105 zakwaterowani i poszczeg\u00f3lne szkolenia odb\u0119d\u0105 si\u0119 w naszym Gimnazjum i ZSP.<\/p>\n<p style=\"text-align: justify;\">Rozpocz\u0119cie kursu unitarnego ju\u017c w pi\u0105tek, 8 kwietnia oficjalnym powitaniem o godz. 19.30, a p\u00f3\u017aniej \u2013 jak to w wojsku \u2013 zaj\u0119cia programowe z musztr\u0105, strzeleckie, capstrzyk, zaprawa poranna, samoobrona itd., itp.<\/p>\n<p style=\"text-align: justify;\"><a href=\"http:\/\/www.info.sadowne.pl\/wp-content\/uploads\/2016\/04\/2016.04.06.2.jpg\" target=\"_blank\"><img loading=\"lazy\" decoding=\"async\" class=\"alignleft wp-image-11850 size-medium\" src=\"http:\/\/www.info.sadowne.pl\/wp-content\/uploads\/2016\/04\/2016.04.06.2-300x200.jpg\" alt=\"2016.04.06.2\" width=\"300\" height=\"200\" srcset=\"http:\/\/info.sadowne.pl\/wp-content\/uploads\/2016\/04\/2016.04.06.2-300x200.jpg 300w, http:\/\/info.sadowne.pl\/wp-content\/uploads\/2016\/04\/2016.04.06.2.jpg 798w\" sizes=\"auto, (max-width: 300px) 100vw, 300px\" \/><\/a>Po\u015br\u00f3d zaj\u0119\u0107 przewidziano tak\u017ce czas na histori\u0119 i tradycj\u0119 or\u0119\u017ca polskiego. W sobot\u0119 o godz. 18.00 odb\u0119dzie si\u0119 projekcja filmu o wrze\u015bniowej obronie odcinka Wizna, kt\u00f3r\u0105 om\u00f3wi por. Socho\u0144, a w niedziel\u0119 przed po\u0142udniem zaplanowano zwiedzanie Muzeum Ziemi Sadowie\u0144skiej zlokalizowanego przy Gimnazjum. Niedzielne przedpo\u0142udnie to tak\u017ce czas na uczestnictwo w porannej mszy w miejscowym ko\u015bciele i zapalenie znicza na grobie poleg\u0142ych w kampanii wrze\u015bniowej obro\u0144c\u00f3w Sadownego.<\/p>\n<p style=\"text-align: justify;\"><strong>Zaj\u0119ciom strzelc\u00f3w i ca\u0142emu kursowi unitarnemu mo\u017cemy si\u0119 przygl\u0105da\u0107<\/strong>, a niekt\u00f3rzy mog\u0105 sobie nawet powspomina\u0107 i przypomnie\u0107 okres odbywania zasadniczej s\u0142u\u017cby wojskowej. Zach\u0119camy do takich obserwacji, a zw\u0142aszcza oficjalnych cz\u0119\u015bci kursu \u2013 rozpocz\u0119cia i zako\u0144czenia, kt\u00f3re przewidywane jest na godz. 13.45 w niedziel\u0119. Prosz\u0119 te\u017c obserwowa\u0107 przemarsz do ko\u015bcio\u0142a Jednostek Strzelc\u00f3w w niedzielny poranek.<\/p>\n<p style=\"text-align: justify;\"><strong><a href=\"http:\/\/www.info.sadowne.pl\/wp-content\/uploads\/2016\/04\/2016.04.06.3.jpg\" target=\"_blank\"><img loading=\"lazy\" decoding=\"async\" class=\"alignright wp-image-11851 size-medium\" src=\"http:\/\/www.info.sadowne.pl\/wp-content\/uploads\/2016\/04\/2016.04.06.3-300x200.jpg\" alt=\"2016.04.06.3\" width=\"300\" height=\"200\" srcset=\"http:\/\/info.sadowne.pl\/wp-content\/uploads\/2016\/04\/2016.04.06.3-300x200.jpg 300w, http:\/\/info.sadowne.pl\/wp-content\/uploads\/2016\/04\/2016.04.06.3.jpg 806w\" sizes=\"auto, (max-width: 300px) 100vw, 300px\" \/><\/a>I jeszcze jedna informacja<\/strong> \u2013 planowany kurs unitarny jest zacz\u0105tkiem d\u0142ugofalowych dzia\u0142a\u0144, kt\u00f3re zamierza prowadzi\u0107 na terenie Gminy Sadowne i Powiatu W\u0119growskiego Jednostka Strzelecka 5001 im. Dywizjonu Huzar\u00f3w \u015amierci. Potraktujmy ich po przyjacielsku i wspomagajmy w dzia\u0142aniach, kt\u00f3re skierowane s\u0105 na wsp\u00f3\u0142prac\u0119 i wspieranie rozwoju Naszej Gminy. Wkr\u00f3tce te\u017c by\u0107 mo\u017ce odb\u0119d\u0105 si\u0119 u nas kolejne kursy unitarne i nast\u0119pne\u2026 By\u0107 mo\u017ce powstanie tu centrum szkolenia o zasi\u0119gu regionalnym\u2026 Ale to przysz\u0142o\u015b\u0107 i du\u017co pracy, w kt\u00f3rej powinni\u015bmy pom\u00f3c naszym Strzelcom.<\/p>\n<p style=\"text-align: justify;\"><strong>Zach\u0119camy te\u017c wszystkich jeszcze niezdecydowanych do zasilenia szereg\u00f3w Jednostki Strzeleckiej 5001 &#8211; jest teraz ku temu okazja.<\/strong><\/p>\n<p style=\"text-align: justify;\"><strong>Tekst\/foto:<\/strong> S\u0142awek Chyli\u0144ski<\/p>\n","protected":false},"excerpt":{"rendered":"<p>Jak wcze\u015bniej informowali\u015bmy, w najbli\u017cszy weekend (8-10 kwietnia) Jednostka Strzelecka 5001 organizuje w Sadownem kurs unitarny.<\/p>\n","protected":false},"author":1,"featured_media":0,"comment_status":"open","ping_status":"open","sticky":false,"template":"","format":"standard","meta":{"footnotes":""},"categories":[5,1752,645],"tags":[519,1899,1596],"class_list":["post-11848","post","type-post","status-publish","format-standard","hentry","category-newsy","category-edukacja","category-js-5001-strzelec","tag-jednostka-strzelecka-5001","tag-kurs-unitarny-strzelca-w-sadownem","tag-michal-jozefowski"],"views":3036,"_links":{"self":[{"href":"http:\/\/info.sadowne.pl\/index.php?rest_route=\/wp\/v2\/posts\/11848","targetHints":{"allow":["GET"]}}],"collection":[{"href":"http:\/\/info.sadowne.pl\/index.php?rest_route=\/wp\/v2\/posts"}],"about":[{"href":"http:\/\/info.sadowne.pl\/index.php?rest_route=\/wp\/v2\/types\/post"}],"author":[{"embeddable":true,"href":"http:\/\/info.sadowne.pl\/index.php?rest_route=\/wp\/v2\/users\/1"}],"replies":[{"embeddable":true,"href":"http:\/\/info.sadowne.pl\/index.php?rest_route=%2Fwp%2Fv2%2Fcomments&post=11848"}],"version-history":[{"count":1,"href":"http:\/\/info.sadowne.pl\/index.php?rest_route=\/wp\/v2\/posts\/11848\/revisions"}],"predecessor-version":[{"id":11852,"href":"http:\/\/info.sadowne.pl\/index.php?rest_route=\/wp\/v2\/posts\/11848\/revisions\/11852"}],"wp:attachment":[{"href":"http:\/\/info.sadowne.pl\/index.php?rest_route=%2Fwp%2Fv2%2Fmedia&parent=11848"}],"wp:term":[{"taxonomy":"category","embeddable":true,"href":"http:\/\/info.sadowne.pl\/index.php?rest_route=%2Fwp%2Fv2%2Fcategories&post=11848"},{"taxonomy":"post_tag","embeddable":true,"href":"http:\/\/info.sadowne.pl\/index.php?rest_route=%2Fwp%2Fv2%2Ftags&post=11848"}],"curies":[{"name":"wp","href":"https:\/\/api.w.org\/{rel}","templated":true}]}}