{"id":11871,"date":"2016-04-08T21:38:06","date_gmt":"2016-04-08T19:38:06","guid":{"rendered":"http:\/\/www.infosadowne.boo.pl\/?p=11871"},"modified":"2020-04-24T17:00:56","modified_gmt":"2020-04-24T15:00:56","slug":"unitarka-dzien-pierwszy","status":"publish","type":"post","link":"http:\/\/info.sadowne.pl\/?p=11871","title":{"rendered":"Unitarka &#8211; dzie\u0144 pierwszy"},"content":{"rendered":"<p style=\"text-align: justify;\"><strong><img loading=\"lazy\" decoding=\"async\" class=\"alignleft size-thumbnail wp-image-11872\" src=\"http:\/\/www.info.sadowne.pl\/wp-content\/uploads\/2016\/04\/2016.04.08.11-180x130.jpg\" alt=\"2016.04.08.11\" width=\"180\" height=\"130\" \/>8 kwietnia Sadowne powita\u0142o strzelc\u00f3w, kt\u00f3rzy rozpocz\u0119li tu szkolenie unitarne organizowane przez Jednostk\u0119 Strzeleck\u0105 5001.<\/strong><!--more--><\/p>\n<p style=\"text-align: justify;\">Pierwszy dzie\u0144 pobytu to oczywi\u015bcie zakwaterowanie i inne akcenty organizacyjne, ale wojsko, to zawsze wojsko. Zbi\u00f3rki, meldunki i wzajemne poznanie si\u0119 przed wsp\u00f3lnymi \u0107wiczeniami.<\/p>\n<p style=\"text-align: justify;\">Po uroczystym wci\u0105gni\u0119ciu flagi na maszt strzelc\u00f3w powita\u0142 Komendant zgrupowania porucznik Marcin Socho\u0144, kt\u00f3ry na co dzie\u0144 jest oficerem wychowawczym w Centrum Szkolenia \u0141\u0105czno\u015bci i Informatyki w Zegrzu, W\u00f3jt Gminy Sadowne p. Waldemar Cyran oraz dow\u00f3dcy poszczeg\u00f3lnych Jednostek.<\/p>\n<p style=\"text-align: justify;\">Osiemdziesi\u0119ciu przysz\u0142ych adept\u00f3w sztuki wojskowej z Jednostek Strzeleckich w Sadownem, Wo\u0142ominie, Z\u0105bkach i P\u0142o\u0144sku rozpocz\u0119\u0142o swoj\u0105 przygod\u0119 \u017co\u0142niersk\u0105 od rozpakowania si\u0119, zaj\u0119\u0107 wzmacniaj\u0105cych kondycj\u0119 i kolacji. A ze wzgl\u0119du na to, \u017ce w wojsku musi by\u0107 wszystko zorganizowane co do minuty, to pierwszego dnia by\u0142oby na tyle \u2013 czas na capstrzyk, oczywi\u015bcie nie dla wszystkich, bo kto\u015b te\u017c musi sta\u0107 ca\u0142\u0105 noc na warcie. Przecie\u017c to wojsko\u2026<\/p>\n<p style=\"text-align: justify;\"><strong>Tekst\/foto: <\/strong>S\u0142awek Chyli\u0144ski<\/p>\n<p style=\"text-align: justify;\"><a href=\"https:\/\/photos.app.goo.gl\/if7nrDHDgL3AV3TE6\" target=\"_blank\" rel=\"noopener noreferrer\"><span style=\"color: #0000ff;\"><strong>Zdjecia w galerii Google&gt;&gt;&gt;<\/strong><\/span><\/a><\/p>\n","protected":false},"excerpt":{"rendered":"<p>8 kwietnia Sadowne powita\u0142o strzelc\u00f3w, kt\u00f3rzy rozpocz\u0119li tu szkolenie unitarne organizowane przez Jednostk\u0119 Strzeleck\u0105 5001.<\/p>\n","protected":false},"author":1,"featured_media":0,"comment_status":"open","ping_status":"open","sticky":false,"template":"","format":"standard","meta":{"footnotes":""},"categories":[5,1752,645],"tags":[519,1899],"class_list":["post-11871","post","type-post","status-publish","format-standard","hentry","category-newsy","category-edukacja","category-js-5001-strzelec","tag-jednostka-strzelecka-5001","tag-kurs-unitarny-strzelca-w-sadownem"],"views":3566,"_links":{"self":[{"href":"http:\/\/info.sadowne.pl\/index.php?rest_route=\/wp\/v2\/posts\/11871","targetHints":{"allow":["GET"]}}],"collection":[{"href":"http:\/\/info.sadowne.pl\/index.php?rest_route=\/wp\/v2\/posts"}],"about":[{"href":"http:\/\/info.sadowne.pl\/index.php?rest_route=\/wp\/v2\/types\/post"}],"author":[{"embeddable":true,"href":"http:\/\/info.sadowne.pl\/index.php?rest_route=\/wp\/v2\/users\/1"}],"replies":[{"embeddable":true,"href":"http:\/\/info.sadowne.pl\/index.php?rest_route=%2Fwp%2Fv2%2Fcomments&post=11871"}],"version-history":[{"count":2,"href":"http:\/\/info.sadowne.pl\/index.php?rest_route=\/wp\/v2\/posts\/11871\/revisions"}],"predecessor-version":[{"id":23233,"href":"http:\/\/info.sadowne.pl\/index.php?rest_route=\/wp\/v2\/posts\/11871\/revisions\/23233"}],"wp:attachment":[{"href":"http:\/\/info.sadowne.pl\/index.php?rest_route=%2Fwp%2Fv2%2Fmedia&parent=11871"}],"wp:term":[{"taxonomy":"category","embeddable":true,"href":"http:\/\/info.sadowne.pl\/index.php?rest_route=%2Fwp%2Fv2%2Fcategories&post=11871"},{"taxonomy":"post_tag","embeddable":true,"href":"http:\/\/info.sadowne.pl\/index.php?rest_route=%2Fwp%2Fv2%2Ftags&post=11871"}],"curies":[{"name":"wp","href":"https:\/\/api.w.org\/{rel}","templated":true}]}}