{"id":11890,"date":"2016-04-09T22:26:16","date_gmt":"2016-04-09T20:26:16","guid":{"rendered":"http:\/\/www.infosadowne.boo.pl\/?p=11890"},"modified":"2020-04-24T16:58:50","modified_gmt":"2020-04-24T14:58:50","slug":"unitarka-dzien-drugi","status":"publish","type":"post","link":"http:\/\/info.sadowne.pl\/?p=11890","title":{"rendered":"Unitarka &#8211; dzie\u0144 drugi"},"content":{"rendered":"<p style=\"text-align: justify;\"><strong><img loading=\"lazy\" decoding=\"async\" class=\"alignleft size-thumbnail wp-image-11891\" src=\"http:\/\/www.info.sadowne.pl\/wp-content\/uploads\/2016\/04\/2016.04.09.15-180x130.jpg\" alt=\"2016.04.09.15\" width=\"180\" height=\"130\" \/>Drugi dzie\u0144 szkolenia unitarnego strzelcy po\u015bwi\u0119cili na utrwalanie podstawowych umiej\u0119tno\u015bci \u017co\u0142nierza i kszta\u0142cenie obywatelskie.<\/strong><!--more--><\/p>\n<p style=\"text-align: justify;\">By\u0107 strzelcem, to tak\u017ce zna\u0107 statut strzelecki. Od tego zagadnienia rozpocz\u0119to szkolenie drugiego dnia kursu unitarnego. Nast\u0119pnie: przerabiano zasady \u017co\u0142nierskiego zachowania si\u0119, musztr\u0119, szkolenie strzeleckie, rozk\u0142adanie i sk\u0142adanie broni oraz poznawano budow\u0119 granat\u00f3w. Podsumowaniem \u0107wicze\u0144 teoretycznych by\u0142o praktyczne stosowanie poznanych szyk\u00f3w natarcia i obrony w terenie zalesionym.<\/p>\n<p style=\"text-align: justify;\">P\u00f3\u017anym popo\u0142udniem strzelcy odwiedzili Gminny O\u015brodek Kultury w Sadownem, gdzie odbyli kszta\u0142cenie obywatelskie. Poprowadzi\u0142 je por. Marcin Socho\u0144 z Oddzia\u0142u Wo\u0142omin ZS im. kapitana Stanis\u0142awa Brykalskiego, kt\u00f3ry na przyk\u0142adzie historii wrze\u015bniowej obrony \u201eodcinka Wizna\u201d, popartym prezentacj\u0105 multimedialn\u0105, om\u00f3wi\u0142 przedwojenn\u0105 histori\u0119 Wojska Polskiego i bohaterskie sylwetki obro\u0144c\u00f3w naszego kraju.<\/p>\n<p style=\"text-align: justify;\">Sekcyjny Miros\u0142aw Sobiecki z Oddzia\u0142u Z\u0105bki ZS im. por. Ludwika Tuli\u0144skiego podkre\u015bli\u0142 natomiast zasady etosu strzeleckiego i rang\u0119 warto\u015bci, kt\u00f3rymi winien kierowa\u0107 si\u0119 ka\u017cdy strzelec \u2013 honor, poszanowanie historii i tradycji oraz munduru i jego element\u00f3w.<\/p>\n<p style=\"text-align: justify;\"><a href=\"https:\/\/photos.app.goo.gl\/4dS47gWPc3Mxr8jL6\" target=\"_blank\" rel=\"noopener noreferrer\"><span style=\"color: #0000ff;\"><strong>Zdj\u0119cia w galerii Google&gt;&gt;&gt;<\/strong><\/span><\/a><\/p>\n<p style=\"text-align: justify;\"><strong>Tekst\/foto: <\/strong>S\u0142awek Chyli\u0144ski<\/p>\n","protected":false},"excerpt":{"rendered":"<p>Drugi dzie\u0144 szkolenia unitarnego strzelcy po\u015bwi\u0119cili na utrwalanie podstawowych umiej\u0119tno\u015bci \u017co\u0142nierza i kszta\u0142cenie obywatelskie.<\/p>\n","protected":false},"author":1,"featured_media":0,"comment_status":"open","ping_status":"open","sticky":false,"template":"","format":"standard","meta":{"footnotes":""},"categories":[5,1752,645],"tags":[519,1899,747],"class_list":["post-11890","post","type-post","status-publish","format-standard","hentry","category-newsy","category-edukacja","category-js-5001-strzelec","tag-jednostka-strzelecka-5001","tag-kurs-unitarny-strzelca-w-sadownem","tag-szkolenie-strzelcow"],"views":3125,"_links":{"self":[{"href":"http:\/\/info.sadowne.pl\/index.php?rest_route=\/wp\/v2\/posts\/11890","targetHints":{"allow":["GET"]}}],"collection":[{"href":"http:\/\/info.sadowne.pl\/index.php?rest_route=\/wp\/v2\/posts"}],"about":[{"href":"http:\/\/info.sadowne.pl\/index.php?rest_route=\/wp\/v2\/types\/post"}],"author":[{"embeddable":true,"href":"http:\/\/info.sadowne.pl\/index.php?rest_route=\/wp\/v2\/users\/1"}],"replies":[{"embeddable":true,"href":"http:\/\/info.sadowne.pl\/index.php?rest_route=%2Fwp%2Fv2%2Fcomments&post=11890"}],"version-history":[{"count":2,"href":"http:\/\/info.sadowne.pl\/index.php?rest_route=\/wp\/v2\/posts\/11890\/revisions"}],"predecessor-version":[{"id":23231,"href":"http:\/\/info.sadowne.pl\/index.php?rest_route=\/wp\/v2\/posts\/11890\/revisions\/23231"}],"wp:attachment":[{"href":"http:\/\/info.sadowne.pl\/index.php?rest_route=%2Fwp%2Fv2%2Fmedia&parent=11890"}],"wp:term":[{"taxonomy":"category","embeddable":true,"href":"http:\/\/info.sadowne.pl\/index.php?rest_route=%2Fwp%2Fv2%2Fcategories&post=11890"},{"taxonomy":"post_tag","embeddable":true,"href":"http:\/\/info.sadowne.pl\/index.php?rest_route=%2Fwp%2Fv2%2Ftags&post=11890"}],"curies":[{"name":"wp","href":"https:\/\/api.w.org\/{rel}","templated":true}]}}