{"id":11893,"date":"2016-04-10T17:19:43","date_gmt":"2016-04-10T15:19:43","guid":{"rendered":"http:\/\/www.infosadowne.boo.pl\/?p=11893"},"modified":"2020-04-24T16:57:42","modified_gmt":"2020-04-24T14:57:42","slug":"unitarka-dzien-trzeci","status":"publish","type":"post","link":"http:\/\/info.sadowne.pl\/?p=11893","title":{"rendered":"Unitarka &#8211; dzie\u0144 trzeci"},"content":{"rendered":"<p style=\"text-align: justify;\"><strong><img loading=\"lazy\" decoding=\"async\" class=\"alignleft size-thumbnail wp-image-11894\" src=\"http:\/\/www.info.sadowne.pl\/wp-content\/uploads\/2016\/04\/2016.04.10.1-180x130.jpg\" alt=\"2016.04.10.1\" width=\"180\" height=\"130\" \/>W niedziel\u0119, 10 kwietnia zako\u0144czy\u0142o si\u0119 szkolenie unitarne Strzelc\u00f3w.<\/strong><!--more--><\/p>\n<p style=\"text-align: justify;\">Ostatni, trzeci dzie\u0144 strzeleckiego szkolenia unitarnego rozpocz\u0105\u0142 si\u0119 uczestnictwem w porannej mszy \u015bwi\u0119tej, po kt\u00f3rej oddano ho\u0142d poleg\u0142ym we wrze\u015bniu 1939 roku \u017co\u0142nierzom Wojska Polskiego. Na mogile zbiorowej obro\u0144c\u00f3w Sadownego przedstawiciele Strzelc\u00f3w oraz W\u00f3jt Gminy Sadowne p. Waldemar Cyran zapalili symboliczne znicze.<\/p>\n<p style=\"text-align: justify;\">Kontynuacj\u0105 kontaktu z histori\u0105 tego terenu by\u0142o zwiedzanie Muzeum Ziemi Sadowie\u0144skiej, po kt\u00f3rym oprowadza\u0142 strzelc\u00f3w p. Janusz Urbankowski. R\u00f3wnolegle odbywa\u0142y si\u0119 r\u00f3wnie\u017c zaj\u0119cia z ratownictwa medycznego, podczas kt\u00f3rych pod okiem instruktor\u00f3w strzelcy poznawali zasady m.in. \u00a0udzielania pierwszej pomocy, ratownictwa medycznego, w tym na polu walki.<\/p>\n<p style=\"text-align: justify;\">Po przypomnieniu sobie tajnik\u00f3w musztry i sprz\u0105tni\u0119ciu rejon\u00f3w nast\u0105pi\u0142 fina\u0142 trzydniowego kursu unitarnego. Komendant zgrupowania por. Marcin Socho\u0144 wr\u0119czy\u0142 strzelcom dyplomy uko\u0144czenia kursu, a kadra kierownicza kursu po\u017cegna\u0142a swoich podopiecznych. W imieniu Gminy Sadowne strzelc\u00f3w po\u017cegna\u0142 i zaprosi\u0142 na kolejne wizyty p. Waldemar Cyran, a tak\u017ce p. Ma\u0142gorzata Zy\u015bk &#8211; Dyrektor Gimnazjum w Sadownem, gospodarz obiektu, w kt\u00f3rym go\u015bcili strzelcy. Odby\u0142a si\u0119 te\u017c defilada pododdzia\u0142\u00f3w, kt\u00f3re w ten spos\u00f3b po\u017cegna\u0142y prze\u0142o\u017conych i odda\u0142y im \u017co\u0142nierski pok\u0142on.<\/p>\n<p style=\"text-align: justify;\">Mamy nadziej\u0119, \u017ce wkr\u00f3tce w Sadownem b\u0119dziemy mieli okazj\u0119 go\u015bci\u0107 kolejny kurs unitarny strzelc\u00f3w, a nasza miejscowo\u015b\u0107 stanie si\u0119 znan\u0105 i lubian\u0105 w \u015brodowisku strzeleckim.<\/p>\n<p style=\"text-align: justify;\"><strong>Pami\u0119tajcie Strzelcy \u2013 jeste\u015bcie u nas zawsze mile widziani.<\/strong><\/p>\n<p style=\"text-align: justify;\"><a href=\"https:\/\/photos.app.goo.gl\/oVAgopA4LkiuxUYB7\" target=\"_blank\" rel=\"noopener noreferrer\"><span style=\"color: #0000ff;\"><strong>Zdj\u0119cia w galerii Google&gt;&gt;&gt;<\/strong><\/span><\/a><\/p>\n<p style=\"text-align: justify;\"><strong>Tekst\/foto:<\/strong> S\u0142awek Chyli\u0144ski<\/p>\n","protected":false},"excerpt":{"rendered":"<p>W niedziel\u0119, 10 kwietnia zako\u0144czy\u0142o si\u0119 szkolenie unitarne Strzelc\u00f3w.<\/p>\n","protected":false},"author":1,"featured_media":0,"comment_status":"open","ping_status":"open","sticky":false,"template":"","format":"standard","meta":{"footnotes":""},"categories":[5,1752,645],"tags":[519,1899],"class_list":["post-11893","post","type-post","status-publish","format-standard","hentry","category-newsy","category-edukacja","category-js-5001-strzelec","tag-jednostka-strzelecka-5001","tag-kurs-unitarny-strzelca-w-sadownem"],"views":3199,"_links":{"self":[{"href":"http:\/\/info.sadowne.pl\/index.php?rest_route=\/wp\/v2\/posts\/11893","targetHints":{"allow":["GET"]}}],"collection":[{"href":"http:\/\/info.sadowne.pl\/index.php?rest_route=\/wp\/v2\/posts"}],"about":[{"href":"http:\/\/info.sadowne.pl\/index.php?rest_route=\/wp\/v2\/types\/post"}],"author":[{"embeddable":true,"href":"http:\/\/info.sadowne.pl\/index.php?rest_route=\/wp\/v2\/users\/1"}],"replies":[{"embeddable":true,"href":"http:\/\/info.sadowne.pl\/index.php?rest_route=%2Fwp%2Fv2%2Fcomments&post=11893"}],"version-history":[{"count":2,"href":"http:\/\/info.sadowne.pl\/index.php?rest_route=\/wp\/v2\/posts\/11893\/revisions"}],"predecessor-version":[{"id":23230,"href":"http:\/\/info.sadowne.pl\/index.php?rest_route=\/wp\/v2\/posts\/11893\/revisions\/23230"}],"wp:attachment":[{"href":"http:\/\/info.sadowne.pl\/index.php?rest_route=%2Fwp%2Fv2%2Fmedia&parent=11893"}],"wp:term":[{"taxonomy":"category","embeddable":true,"href":"http:\/\/info.sadowne.pl\/index.php?rest_route=%2Fwp%2Fv2%2Fcategories&post=11893"},{"taxonomy":"post_tag","embeddable":true,"href":"http:\/\/info.sadowne.pl\/index.php?rest_route=%2Fwp%2Fv2%2Ftags&post=11893"}],"curies":[{"name":"wp","href":"https:\/\/api.w.org\/{rel}","templated":true}]}}