{"id":11909,"date":"2016-04-11T18:27:24","date_gmt":"2016-04-11T16:27:24","guid":{"rendered":"http:\/\/www.infosadowne.boo.pl\/?p=11909"},"modified":"2016-04-11T18:27:24","modified_gmt":"2016-04-11T16:27:24","slug":"chwalmy-sie-bo","status":"publish","type":"post","link":"http:\/\/info.sadowne.pl\/?p=11909","title":{"rendered":"Chwalmy si\u0119, bo&#8230;"},"content":{"rendered":"<p style=\"text-align: justify;\"><strong><img loading=\"lazy\" decoding=\"async\" class=\"alignleft size-thumbnail wp-image-11910\" src=\"http:\/\/www.info.sadowne.pl\/wp-content\/uploads\/2016\/04\/2016.04.20-180x130.jpg\" alt=\"2016.04.20\" width=\"180\" height=\"130\" \/>\u2026inaczej nikt nas nie pochwali.<\/strong><!--more--><\/p>\n<p style=\"text-align: justify;\">Prawda zas\u0142yszana w Internecie, ale jak\u017ce istotna i dos\u0142owna. My wszyscy chyba mamy problem i to powa\u017cny. Jaki? Powiem wprost \u2013 skromno\u015b\u0107, bo chyba nie lenistwo, zaniedbanie czy lekcewa\u017cenie wszystkich wok\u00f3\u0142 nas.<\/p>\n<p style=\"text-align: justify;\"><strong>A o co chodzi?<\/strong> To proste \u2013 o to, \u017ce nie potrafimy pochwali\u0107 si\u0119 swoimi osi\u0105gni\u0119ciami, nawet najdrobniejszym sukcesem czy ci\u0119\u017cko i dobrze wykonan\u0105 prac\u0105. Wspomina\u0142em ju\u017c o tym niejednokrotnie, a odbiorcy tych s\u0142\u00f3w zapewne skojarz\u0105 je z konkretnymi faktami, wydarzeniami i ze sob\u0105 osobi\u015bcie.<\/p>\n<p style=\"text-align: justify;\"><strong>Wracaj\u0105c do skromno\u015bci<\/strong> \u2013 gdy kto\u015b ju\u017c nas pochwali, to staramy si\u0119 w odpowiedzi na ten w naszym mniemaniu \u201ezarzut\u201d umniejszy\u0107 swoj\u0105 rol\u0119 w sukcesie, a cz\u0119sto nie dzi\u0119kujemy za pochwa\u0142\u0119, wstydz\u0105c si\u0119 swojego osi\u0105gni\u0119cia. Tacy jeste\u015bmy &#8211; bardzo skromni, ale nie ma si\u0119 czego wstydzi\u0107 i pomniejsza\u0107 rangi swoich sukces\u00f3w. Chwalmy si\u0119 na pot\u0119g\u0119 wszystkim, co uda\u0142o nam si\u0119 zrobi\u0107, co si\u0119ga ponad przeci\u0119tno\u015b\u0107, co poprawia nam humor, a innym mo\u017ce umili\u0107 szar\u0105 rzeczywisto\u015b\u0107. Nie czekajmy, \u017ce kto\u015b nas pochwali \u2013 r\u00f3bmy to sami, bo w dzisiejszych czasach wszystko jest dozwolone, a zw\u0142aszcza chwalenie si\u0119 czym\u015b dobrym.<\/p>\n<p style=\"text-align: justify;\"><strong>Nie powiem ju\u017c wi\u0119cej: \u201ePodejd\u017a do okna i wyjrzyj przez nie. Jest szaro i ponuro. Czego nam brakuje by poprawi\u0107 humor? Oczywi\u015bcie dobrej informacji\u201d.<\/strong><\/p>\n<p style=\"text-align: justify;\">Dostarczam Pa\u0144stwu takie informacje w miar\u0119 mo\u017cliwo\u015bci, ale nie mog\u0119 wszystkich wyr\u0119cza\u0107, bo jest to trudne i mo\u017ce by\u0107 \u017ale odebrane. Czasami te\u017c s\u0142ysz\u0119 zarzut, \u017ce wtr\u0105cam si\u0119 w nieswoje sprawy, ale\u2026 taka ju\u017c moja rola i tak mnie wszyscy odbieraj\u0105. Chyba si\u0119 nie zmieni\u0119.<\/p>\n<p style=\"text-align: justify;\">Tym razem nie do\u0142\u0105cz\u0119 do powy\u017cszej tre\u015bci \u017cadnej informacji o kolejnym sukcesie cz\u0142onk\u00f3w naszej lokalnej spo\u0142eczno\u015bci by nie kojarzy\u0107 nadmiernej \u201eskromno\u015bci\u201d z osobami lub instytucjami i powiem tylko\u2026 nie wypada mi tego zrobi\u0107. Zr\u00f3bmy wszyscy rachunek sumienia i\u2026 pochwalmy si\u0119 sukcesami ku zadowoleniu naszej lokalnej spo\u0142eczno\u015bci.<\/p>\n<p style=\"text-align: justify;\"><strong>S\u0142awek Chyli\u0144ski<\/strong><\/p>\n","protected":false},"excerpt":{"rendered":"<p>\u2026inaczej nikt nas nie pochwali.<\/p>\n","protected":false},"author":1,"featured_media":0,"comment_status":"open","ping_status":"open","sticky":false,"template":"","format":"standard","meta":{"footnotes":""},"categories":[5,1406],"tags":[1925,1698],"class_list":["post-11909","post","type-post","status-publish","format-standard","hentry","category-newsy","category-czy-wiesz","tag-chwalmy-sie","tag-czy-wiesz"],"views":3184,"_links":{"self":[{"href":"http:\/\/info.sadowne.pl\/index.php?rest_route=\/wp\/v2\/posts\/11909","targetHints":{"allow":["GET"]}}],"collection":[{"href":"http:\/\/info.sadowne.pl\/index.php?rest_route=\/wp\/v2\/posts"}],"about":[{"href":"http:\/\/info.sadowne.pl\/index.php?rest_route=\/wp\/v2\/types\/post"}],"author":[{"embeddable":true,"href":"http:\/\/info.sadowne.pl\/index.php?rest_route=\/wp\/v2\/users\/1"}],"replies":[{"embeddable":true,"href":"http:\/\/info.sadowne.pl\/index.php?rest_route=%2Fwp%2Fv2%2Fcomments&post=11909"}],"version-history":[{"count":1,"href":"http:\/\/info.sadowne.pl\/index.php?rest_route=\/wp\/v2\/posts\/11909\/revisions"}],"predecessor-version":[{"id":11911,"href":"http:\/\/info.sadowne.pl\/index.php?rest_route=\/wp\/v2\/posts\/11909\/revisions\/11911"}],"wp:attachment":[{"href":"http:\/\/info.sadowne.pl\/index.php?rest_route=%2Fwp%2Fv2%2Fmedia&parent=11909"}],"wp:term":[{"taxonomy":"category","embeddable":true,"href":"http:\/\/info.sadowne.pl\/index.php?rest_route=%2Fwp%2Fv2%2Fcategories&post=11909"},{"taxonomy":"post_tag","embeddable":true,"href":"http:\/\/info.sadowne.pl\/index.php?rest_route=%2Fwp%2Fv2%2Ftags&post=11909"}],"curies":[{"name":"wp","href":"https:\/\/api.w.org\/{rel}","templated":true}]}}