{"id":12220,"date":"2016-05-05T13:18:28","date_gmt":"2016-05-05T11:18:28","guid":{"rendered":"http:\/\/www.infosadowne.boo.pl\/?p=12220"},"modified":"2016-05-05T13:18:29","modified_gmt":"2016-05-05T11:18:29","slug":"przystanek-sloneczna-italia","status":"publish","type":"post","link":"http:\/\/info.sadowne.pl\/?p=12220","title":{"rendered":"Przystanek S\u0141ONECZNA ITALIA"},"content":{"rendered":"<p style=\"text-align: justify;\"><strong><a href=\"http:\/\/www.info.sadowne.pl\/wp-content\/uploads\/2016\/05\/2016.05.05.11.jpg\" target=\"_blank\"><img loading=\"lazy\" decoding=\"async\" class=\"alignleft wp-image-12221 size-thumbnail\" src=\"http:\/\/www.info.sadowne.pl\/wp-content\/uploads\/2016\/05\/2016.05.05.11-180x130.jpg\" alt=\"2016.05.05.11\" width=\"180\" height=\"130\" \/><\/a>10-osobowa grupa uczni\u00f3w z ZSP w Sadownem, kontynuuj\u0105c realizacj\u0119 projektu ERASMUS+, dotar\u0142a do W\u0142och. <\/strong><!--more--><\/p>\n<p style=\"text-align: justify;\"><a href=\"http:\/\/www.info.sadowne.pl\/wp-content\/uploads\/2016\/05\/2016.05.05.12.jpg\" target=\"_blank\"><img loading=\"lazy\" decoding=\"async\" class=\"alignright wp-image-12222 size-thumbnail\" src=\"http:\/\/www.info.sadowne.pl\/wp-content\/uploads\/2016\/05\/2016.05.05.12-180x130.jpg\" alt=\"2016.05.05.12\" width=\"180\" height=\"130\" \/><\/a>Nasz przygoda z Itali\u0105 rozpocz\u0119\u0142a si\u0119 10 kwietnia 2016 roku o godz. 8.30, kiedy to szkolnym autobusem wyjechali\u015bmy na lotnisko w Warszawie. W tym dniu pogoda w Polsce nie by\u0142a zbyt pi\u0119kna, jednak gdy dotarli\u015bmy do W\u0142och, przywita\u0142o nas pi\u0119kne s\u0142o\u0144ce i 25 stopni na termometrze. Z lotniska w Rzymie udali\u015bmy si\u0119 prosto do Benevento, gdzie czekali na nas nasi w\u0142oscy gospodarze.<\/p>\n<p style=\"text-align: justify;\"><a href=\"http:\/\/www.info.sadowne.pl\/wp-content\/uploads\/2016\/05\/2016.05.05.13.jpg\" target=\"_blank\"><img loading=\"lazy\" decoding=\"async\" class=\"alignleft wp-image-12223 size-thumbnail\" src=\"http:\/\/www.info.sadowne.pl\/wp-content\/uploads\/2016\/05\/2016.05.05.13-180x130.jpg\" alt=\"2016.05.05.13\" width=\"180\" height=\"130\" \/><\/a>Nast\u0119pnego dnia razem z naszymi w\u0142oskimi przyjaci\u00f3\u0142mi udali\u015bmy si\u0119 do szko\u0142y, gdzie bardzo mi\u0142o nas powitano. Ka\u017cdy z nas czu\u0142 na pocz\u0105tku niepewno\u015b\u0107 i strach, jednak ju\u017c po godzinie wszystkie w\u0105tpliwo\u015bci min\u0119\u0142y. Poczuli\u015bmy si\u0119 jak w domu.<br \/>\n<a href=\"http:\/\/www.info.sadowne.pl\/wp-content\/uploads\/2016\/05\/2016.05.05.14.jpg\" target=\"_blank\"><img loading=\"lazy\" decoding=\"async\" class=\"alignright wp-image-12224 size-thumbnail\" src=\"http:\/\/www.info.sadowne.pl\/wp-content\/uploads\/2016\/05\/2016.05.05.14-180x130.jpg\" alt=\"2016.05.05.14\" width=\"180\" height=\"130\" \/><\/a>Ka\u017cdego dnia naszego pobytu w Italii odbywa\u0142y si\u0119 zaj\u0119cia integracyjne z m\u0142odzie\u017c\u0105 z pozosta\u0142ych kraj\u00f3w uczestnicz\u0105cych w projekcie: z W\u0142ochami, W\u0119grami, Turkami, Niemcami, Anglikami i Du\u0144czykami. Poruszali\u015bmy r\u00f3wnie\u017c tematy dotycz\u0105ce kultury np.: rasizmu czy globalizacji. Jednak nie ca\u0142e dnie sp\u0119dzali\u015bmy w szkole. Zwiedzili\u015bmy lokalne zabytki, muzea, zamki, ko\u015bcio\u0142y czy parki, poznawali\u015bmy histori\u0119 W\u0142och. Wyje\u017cd\u017cali\u015bmy r\u00f3wnie\u017c w dalsze zak\u0105tki m.in. do Pompej\u00f3w czy Sorrento, jednego dnia byli\u015bmy na paintballu.<br \/>\n<a href=\"http:\/\/www.info.sadowne.pl\/wp-content\/uploads\/2016\/05\/2016.05.05.15.jpg\" target=\"_blank\"><img loading=\"lazy\" decoding=\"async\" class=\"alignleft wp-image-12225 size-thumbnail\" src=\"http:\/\/www.info.sadowne.pl\/wp-content\/uploads\/2016\/05\/2016.05.05.15-180x130.jpg\" alt=\"2016.05.05.15\" width=\"180\" height=\"130\" \/><\/a>Ostatniego dnia naszego pobytu gospodarze przygotowali pokaz lokalnej kultury: regionalnego jedzenia i ta\u0144c\u00f3w. Na spotkanie zaproszono r\u00f3wnie\u017c wikinga, kt\u00f3ry opowiedzia\u0142 nam o dawnych czasach, zwyczajach, prezentowa\u0142 bro\u0144 i str\u00f3j wiking\u00f3w. Ka\u017cdy m\u00f3g\u0142 zrobi\u0107 sobie z nim zdj\u0119cie oraz przymierzy\u0107 jego zbroj\u0119.<br \/>\n<a href=\"http:\/\/www.info.sadowne.pl\/wp-content\/uploads\/2016\/05\/2016.05.05.16.jpg\" target=\"_blank\"><img loading=\"lazy\" decoding=\"async\" class=\"alignright wp-image-12226 size-thumbnail\" src=\"http:\/\/www.info.sadowne.pl\/wp-content\/uploads\/2016\/05\/2016.05.05.16-180x130.jpg\" alt=\"2016.05.05.16\" width=\"180\" height=\"130\" \/><\/a>Nasza w\u0142oska podr\u00f3\u017c sk\u0142ada\u0142a si\u0119 z 2 cz\u0119\u015bci. Poniewa\u017c w projekcie bior\u0105 udzia\u0142 2 w\u0142oskie szko\u0142y, po kilku dniach sp\u0119dzonych w Benevento pojechali\u015bmy do drugiej szko\u0142y, kt\u00f3ra mie\u015bci si\u0119 w San Severo. Byli\u015bmy bardzo zadowoleni z nowych wra\u017ce\u0144, a jednocze\u015bnie smutni, gdy\u017c musieli\u015bmy po\u017cegna\u0107 naszych przyjaci\u00f3\u0142.<br \/>\nW San Severo zaj\u0119cia odbywa\u0142y si\u0119 podobnie jak w poprzedniej szkole. Gospodarze zapewnili nam mn\u00f3stwo atrakcji, zwiedzili\u015bmy wiele ciekawych miejsc, takich jak: winnica, Castel del Monte czy Trania.<br \/>\n<a href=\"http:\/\/www.info.sadowne.pl\/wp-content\/uploads\/2016\/05\/2016.05.05.17.jpg\" target=\"_blank\"><img loading=\"lazy\" decoding=\"async\" class=\"alignleft wp-image-12227 size-thumbnail\" src=\"http:\/\/www.info.sadowne.pl\/wp-content\/uploads\/2016\/05\/2016.05.05.17-180x130.jpg\" alt=\"2016.05.05.17\" width=\"180\" height=\"130\" \/><\/a>Ostatniego dnia by\u0142a prezentacja plakat\u00f3w, od\u015bpiewali\u015bmy hymny ka\u017cdego z pa\u0144stw, hymn Unii Europejskiej, a na zako\u0144czenie otrzymali\u015bmy certyfikaty. By\u0142 to jednocze\u015bnie smutny i szcz\u0119\u015bliwy dzie\u0144. \u017begnali\u015bmy si\u0119 ze swoimi przyjaci\u00f3\u0142mi, \u017cal by\u0142o wyje\u017cd\u017ca\u0107. Ale jednocze\u015bnie czeka\u0142a na nas niespodzianka.<\/p>\n<p style=\"text-align: justify;\"><a href=\"http:\/\/www.info.sadowne.pl\/wp-content\/uploads\/2016\/05\/2016.05.05.18.jpg\" target=\"_blank\"><img loading=\"lazy\" decoding=\"async\" class=\"alignright wp-image-12228 size-thumbnail\" src=\"http:\/\/www.info.sadowne.pl\/wp-content\/uploads\/2016\/05\/2016.05.05.18-180x130.jpg\" alt=\"2016.05.05.18\" width=\"180\" height=\"130\" \/><\/a>Uczniowie z Benevento przyjechali do San Severo aby ostatni raz zobaczy\u0107 si\u0119 z nami. Wszyscy byli bardzo zaskoczeni i szcz\u0119\u015bliwi. Nasi koledzy zrobili dla nas plakat z napisem &#8222;M\u00f3wili\u015bmy, \u017ce to nie jest do widzenia&#8221;. Po tej niespodziance jeszcze trudniej by\u0142o nam si\u0119 rozsta\u0107. Jednak co\u015b si\u0119 zaczyna i co\u015b si\u0119 ko\u0144czy. Przygoda we W\u0142oszech dobieg\u0142a ko\u0144ca, lecz pozosta\u0142y wspomnienia i zdj\u0119cia do kt\u00f3rych na pewno b\u0119dziemy cz\u0119sto wraca\u0107.<\/p>\n<p style=\"text-align: justify;\"><strong><em>Tekst i foto uczestnicy projektu<\/em><\/strong><\/p>\n","protected":false},"excerpt":{"rendered":"<p>10-osobowa grupa uczni\u00f3w z ZSP w Sadownem, kontynuuj\u0105c realizacj\u0119 projektu ERASMUS+, dotar\u0142a do W\u0142och.<\/p>\n","protected":false},"author":1,"featured_media":0,"comment_status":"open","ping_status":"closed","sticky":false,"template":"","format":"standard","meta":{"footnotes":""},"categories":[5,1752,85],"tags":[1813,1964,182],"class_list":["post-12220","post","type-post","status-publish","format-standard","hentry","category-newsy","category-edukacja","category-zsp","tag-projekt-erasmus","tag-projekt-sloneczna-italia","tag-zespol-szkol-ponadgimnazjalnych-w-sadownem"],"views":3121,"_links":{"self":[{"href":"http:\/\/info.sadowne.pl\/index.php?rest_route=\/wp\/v2\/posts\/12220","targetHints":{"allow":["GET"]}}],"collection":[{"href":"http:\/\/info.sadowne.pl\/index.php?rest_route=\/wp\/v2\/posts"}],"about":[{"href":"http:\/\/info.sadowne.pl\/index.php?rest_route=\/wp\/v2\/types\/post"}],"author":[{"embeddable":true,"href":"http:\/\/info.sadowne.pl\/index.php?rest_route=\/wp\/v2\/users\/1"}],"replies":[{"embeddable":true,"href":"http:\/\/info.sadowne.pl\/index.php?rest_route=%2Fwp%2Fv2%2Fcomments&post=12220"}],"version-history":[{"count":2,"href":"http:\/\/info.sadowne.pl\/index.php?rest_route=\/wp\/v2\/posts\/12220\/revisions"}],"predecessor-version":[{"id":12230,"href":"http:\/\/info.sadowne.pl\/index.php?rest_route=\/wp\/v2\/posts\/12220\/revisions\/12230"}],"wp:attachment":[{"href":"http:\/\/info.sadowne.pl\/index.php?rest_route=%2Fwp%2Fv2%2Fmedia&parent=12220"}],"wp:term":[{"taxonomy":"category","embeddable":true,"href":"http:\/\/info.sadowne.pl\/index.php?rest_route=%2Fwp%2Fv2%2Fcategories&post=12220"},{"taxonomy":"post_tag","embeddable":true,"href":"http:\/\/info.sadowne.pl\/index.php?rest_route=%2Fwp%2Fv2%2Ftags&post=12220"}],"curies":[{"name":"wp","href":"https:\/\/api.w.org\/{rel}","templated":true}]}}