{"id":12385,"date":"2016-05-18T19:45:41","date_gmt":"2016-05-18T17:45:41","guid":{"rendered":"http:\/\/www.infosadowne.boo.pl\/?p=12385"},"modified":"2016-05-18T19:50:09","modified_gmt":"2016-05-18T17:50:09","slug":"teatralne-wyroznienie","status":"publish","type":"post","link":"http:\/\/info.sadowne.pl\/?p=12385","title":{"rendered":"Teatralne wyr\u00f3\u017cnienie"},"content":{"rendered":"<p style=\"text-align: justify;\"><strong><a href=\"http:\/\/www.info.sadowne.pl\/wp-content\/uploads\/2016\/05\/2016.05.18.3.jpg\" target=\"_blank\"><img loading=\"lazy\" decoding=\"async\" class=\"alignleft wp-image-12386 size-thumbnail\" src=\"http:\/\/www.info.sadowne.pl\/wp-content\/uploads\/2016\/05\/2016.05.18.3-180x130.jpg\" alt=\"2016.05.18.3\" width=\"180\" height=\"130\" \/><\/a>W dniach 12-13 maja 2016 roku w Miejskim i Gminnym Domu Kultury w \u0141ochowie\u00a0 odby\u0142 si\u0119 p\u00f3\u0142fina\u0142 16. Mazowieckiego Festiwalu Teatr\u00f3w Amatorskich.<\/strong><strong>\u00a0<\/strong><!--more--><\/p>\n<p style=\"text-align: justify;\">Pierwszego dnia swoje dzia\u0142ania sceniczne przedstawili najm\u0142odsi aktorzy- uczniowie szk\u00f3\u0142 podstawowych, natomiast drugiego dnia- zespo\u0142y m\u0142odzie\u017cowe, zar\u00f3wno uczniowie gimnazj\u00f3w i szk\u00f3\u0142 \u015brednich reprezentuj\u0105cy plac\u00f3wki o\u015bwiatowe lub kulturalne.<\/p>\n<p style=\"text-align: justify;\"><a href=\"http:\/\/www.info.sadowne.pl\/wp-content\/uploads\/2016\/05\/2016.05.18.4.jpg\" target=\"_blank\"><img loading=\"lazy\" decoding=\"async\" class=\"alignright wp-image-12387 size-medium\" src=\"http:\/\/www.info.sadowne.pl\/wp-content\/uploads\/2016\/05\/2016.05.18.4-300x225.jpg\" alt=\"2016.05.18.4\" width=\"300\" height=\"225\" srcset=\"http:\/\/info.sadowne.pl\/wp-content\/uploads\/2016\/05\/2016.05.18.4-300x225.jpg 300w, http:\/\/info.sadowne.pl\/wp-content\/uploads\/2016\/05\/2016.05.18.4.jpg 640w\" sizes=\"auto, (max-width: 300px) 100vw, 300px\" \/><\/a>Nasi gimnazjali\u015bci, uczestnicy szkolnego teatru\u00a0<em><strong>Grupa Edwarda<\/strong><\/em>,wzi\u0119li udzia\u0142 w Przegl\u0105dzie Teatr\u00f3w M\u0142odzie\u017cowych, prezentuj\u0105c spektakl pt.\u00a0<em><strong>Gdy zostanie tylko fotografia <\/strong><\/em><strong>inspirowany opowiadaniem Indii Desjardins pt.<\/strong><strong>\u00a0<\/strong><em><strong>Wigilia Ma\u0142gorzaty<\/strong><\/em>. Scenariusz przedstawienia zosta\u0142 opracowany przez uczni\u00f3w podczas cotygodniowych spotka\u0144 warsztatowych, spektakl wyre\u017cyserowa\u0142a pani Dorota Ga\u0142\u0105zka- tw\u00f3rca i opiekun zespo\u0142u, trudu scenografa podj\u0119\u0142a si\u0119 uczennica klasy III b Katarzyna K\u0105dziela, natomiast nad opraw\u0105 d\u017awi\u0119kow\u0105, muzyczn\u0105 i o\u015bwietleniem czuwa\u0142 ucze\u0144 kl. IIa Karol Zi\u00f3\u0142kowski. Trupa aktorska liczy\u0142a 27 os\u00f3b. Oto oni:\u00a0<strong>uczniowie kl. III b:<\/strong><strong>\u00a0<\/strong>Zuzanna Majba\u0144ska,Katarzyna K\u0105dziela, Alicja Zy\u015bk, Paulina Sobolewska, Paulina Stryjek, Weronika Szyma\u0144czyk, Klaudia Robak, Maria Sawicka, Mateusz Kowalczyk, Sebastian Zawadzki,\u00a0<strong>uczennica kl. III a<\/strong><strong>\u00a0<\/strong>Ilona D\u0119bkowska,\u00a0<strong>uczniowie kl. I c:<\/strong><strong>\u00a0<\/strong>Karolina Koralewska, Weronika Melchner, Wiktoria Gajowniczek, Natalia Ogonowska,\u00a0 Julia Pi\u0105tek, Amelia D\u0119bkowska, And\u017celika Ozdoba, Arkadiusz Wysocki, Wioleta Kania, Mateusz Korpalski, Arkadiusz Akonom,\u00a0<strong>uczniowie kl. II a:<\/strong>\u00a0Olga K\u0142usek, Natalia D\u0119bkowska, Karol Zi\u00f3\u0142kowski,\u00a0<strong>uczennice kl. Ia:<\/strong><strong>\u00a0<\/strong>Katarzyna Subda i Katarzyna Ga\u0142\u0105zka.<\/p>\n<p style=\"text-align: justify;\"><strong>Spektakl<\/strong><strong>\u00a0<\/strong><em><strong>Grupy Edwarda<\/strong><\/em><strong><em>\u00a0<\/em><\/strong>zosta\u0142\u00a0<strong>wyr\u00f3\u017cniony<\/strong>\u00a0<strong>przez Komisj\u0119 Artystyczn\u0105<\/strong>\u00a0spo\u015br\u00f3d sze\u015bciu przedstawie\u0144 pozosta\u0142ych zespo\u0142\u00f3w teatralnych z Mazowsza. By\u0142 to najm\u0142odsza grupa w swojej kategorii, jedyna reprezentuj\u0105ca szko\u0142\u0119 gimnazjaln\u0105.<\/p>\n<p style=\"text-align: justify;\"><strong>Gratulujemy!!!<\/strong><\/p>\n<p style=\"text-align: justify;\"><strong>Zapraszamy na prezentacj\u0119 spektaklu podczas Pikniku Rodzinnego w Sadownem, kt\u00f3ry odb\u0119dzie si\u0119 12 czerwca br. Dok\u0142adniejsze informacje ju\u017c wkr\u00f3tce na stronie www.gok.sadowne.pl.<\/strong><\/p>\n<p style=\"text-align: justify;\"><strong>Zdj\u0119cia na stronie <span style=\"color: #0000ff;\"><a style=\"color: #0000ff;\" href=\"http:\/\/www.gimnazjumsadowne.pl\" target=\"_blank\">Gimnazjum w Sadownem&gt;&gt;&gt;<\/a><\/span><\/strong><\/p>\n<p style=\"text-align: justify;\"><strong>\u0179r\u00f3d\u0142o:<\/strong> <a href=\"http:\/\/www.gimnazjumsadowne.pl\" target=\"_blank\">www.gimnazjumsadowne.pl<\/a><\/p>\n","protected":false},"excerpt":{"rendered":"<p>W dniach 12-13 maja 2016 roku w Miejskim i Gminnym Domu Kultury w \u0141ochowie\u00a0 odby\u0142 si\u0119 p\u00f3\u0142fina\u0142 16. Mazowieckiego Festiwalu Teatr\u00f3w Amatorskich.\u00a0<\/p>\n","protected":false},"author":1,"featured_media":0,"comment_status":"open","ping_status":"closed","sticky":false,"template":"","format":"standard","meta":{"footnotes":""},"categories":[5,83,1752],"tags":[1998,71,1285],"class_list":["post-12385","post","type-post","status-publish","format-standard","hentry","category-newsy","category-gimnazjum","category-edukacja","tag-16-mazowieckiego-festiwalu-teatrow-amatorskich","tag-gimnazjum-sadowne","tag-kolo-teatralne-grupa-edwarda"],"views":3087,"_links":{"self":[{"href":"http:\/\/info.sadowne.pl\/index.php?rest_route=\/wp\/v2\/posts\/12385","targetHints":{"allow":["GET"]}}],"collection":[{"href":"http:\/\/info.sadowne.pl\/index.php?rest_route=\/wp\/v2\/posts"}],"about":[{"href":"http:\/\/info.sadowne.pl\/index.php?rest_route=\/wp\/v2\/types\/post"}],"author":[{"embeddable":true,"href":"http:\/\/info.sadowne.pl\/index.php?rest_route=\/wp\/v2\/users\/1"}],"replies":[{"embeddable":true,"href":"http:\/\/info.sadowne.pl\/index.php?rest_route=%2Fwp%2Fv2%2Fcomments&post=12385"}],"version-history":[{"count":2,"href":"http:\/\/info.sadowne.pl\/index.php?rest_route=\/wp\/v2\/posts\/12385\/revisions"}],"predecessor-version":[{"id":12389,"href":"http:\/\/info.sadowne.pl\/index.php?rest_route=\/wp\/v2\/posts\/12385\/revisions\/12389"}],"wp:attachment":[{"href":"http:\/\/info.sadowne.pl\/index.php?rest_route=%2Fwp%2Fv2%2Fmedia&parent=12385"}],"wp:term":[{"taxonomy":"category","embeddable":true,"href":"http:\/\/info.sadowne.pl\/index.php?rest_route=%2Fwp%2Fv2%2Fcategories&post=12385"},{"taxonomy":"post_tag","embeddable":true,"href":"http:\/\/info.sadowne.pl\/index.php?rest_route=%2Fwp%2Fv2%2Ftags&post=12385"}],"curies":[{"name":"wp","href":"https:\/\/api.w.org\/{rel}","templated":true}]}}