{"id":12393,"date":"2016-05-19T13:31:13","date_gmt":"2016-05-19T11:31:13","guid":{"rendered":"http:\/\/www.infosadowne.boo.pl\/?p=12393"},"modified":"2020-04-24T16:45:45","modified_gmt":"2020-04-24T14:45:45","slug":"makuszynski-odbyl-sie","status":"publish","type":"post","link":"http:\/\/info.sadowne.pl\/?p=12393","title":{"rendered":"&#8222;Makuszy\u0144ski&#8221; odby\u0142 si\u0119"},"content":{"rendered":"<p style=\"text-align: justify;\"><strong><img loading=\"lazy\" decoding=\"async\" class=\"alignleft size-thumbnail wp-image-12394\" src=\"http:\/\/www.info.sadowne.pl\/wp-content\/uploads\/2016\/05\/2016.05.19.2-180x130.jpg\" alt=\"2016.05.19.2\" width=\"180\" height=\"130\" \/>19 maja w Gminnym O\u015brodku Kultury w Sadownem odby\u0142y si\u0119 gminne eliminacje do XXXIII Konkursu recytatorskiego dla dzieci im. Kornela Makuszy\u0144skiego.<\/strong><!--more--><\/p>\n<p style=\"text-align: justify;\">Organizatorem eliminacji by\u0142 Gminny O\u015brodek Kultury w Sadownem i Gminna Biblioteka Publiczna w Sadownem, a jego celem by\u0142a popularyzacja tw\u00f3rczo\u015bci Kornela Makuszy\u0144skiego oraz innych, wybranych poet\u00f3w i pisarzy.<\/p>\n<p style=\"text-align: justify;\">Komisja Konkursowa ocenia\u0142a dob\u00f3r repertuaru (uczestnik konkursu zobowi\u0105zany by\u0142 recytowa\u0107 jeden wiersz i fragment prozy dowolnego autora), interpretacj\u0119 utwor\u00f3w, kultur\u0119 s\u0142owa oraz og\u00f3lny wyraz artystyczny. Po kr\u00f3tkiej naradzie postanowi\u0142a przyzna\u0107 nast\u0119puj\u0105ce miejsca:<\/p>\n<p style=\"text-align: justify;\"><strong>I grupa wiekowa (klasy 1 \u2013 3)<\/strong><\/p>\n<p style=\"text-align: justify;\"><strong>&#8211; I miejsce \u2013<\/strong> Wiktoria Bednarczyk \u2013 NSP Ko\u0142odzi\u0105\u017c,<\/p>\n<p style=\"text-align: justify;\"><strong>&#8211; II miejsce \u2013<\/strong> Emilia Kania \u2013 NSP Orze\u0142ek,<\/p>\n<p style=\"text-align: justify;\"><strong>&#8211; III miejsce \u2013<\/strong> Kinga Rydzewska \u2013 NSP Orze\u0142ek,<\/p>\n<p style=\"text-align: justify;\"><strong>II grupa wiekowa (klasy 4 \u2013 6)<\/strong><\/p>\n<p style=\"text-align: justify;\"><strong>&#8211; I miejsce \u2013<\/strong> Dawid Sobolewski \u2013 NSP Ko\u0142odzi\u0105\u017c.<\/p>\n<p style=\"text-align: justify;\">Finali\u015bci gminnego konkursu otrzymali nagrody ksi\u0105\u017ckowe, kt\u00f3re ufundowa\u0142 Gminny O\u015brodek Kultury i Gminna Biblioteka Publiczna w Sadownem. B\u0119d\u0105 oni reprezentowa\u0107 Gmin\u0119 Sadowne w powiatowej edycji tego Konkursu.<\/p>\n<p style=\"text-align: justify;\">Organizatorzy dzi\u0119kuj\u0105 dzieciom za udzia\u0142 w Konkursie, a ich opiekunom za przygotowanie podopiecznych do Konkursu. Kolejne spotkanie z \u201eMakuszy\u0144skim\u201d ju\u017c za rok \u2013 zapraszamy.<\/p>\n<p style=\"text-align: justify;\"><a href=\"https:\/\/photos.app.goo.gl\/mQo8gVV2zgEsKTGJA\" target=\"_blank\" rel=\"noopener noreferrer\"><span style=\"color: #0000ff;\"><strong>Zdj\u0119cia w galerii Google&gt;&gt;&gt;<\/strong><\/span><\/a><\/p>\n<p style=\"text-align: justify;\"><strong>Tekst\/foto: <\/strong>S\u0142awek Chyli\u0144ski<\/p>\n","protected":false},"excerpt":{"rendered":"<p>19 maja w Gminnym O\u015brodku Kultury w Sadownem odby\u0142y si\u0119 gminne eliminacje do XXXIII Konkursu recytatorskiego dla dzieci im. Kornela Makuszy\u0144skiego.<\/p>\n","protected":false},"author":1,"featured_media":0,"comment_status":"open","ping_status":"closed","sticky":false,"template":"","format":"standard","meta":{"footnotes":""},"categories":[5,2149,91,6],"tags":[113,169,223],"class_list":["post-12393","post","type-post","status-publish","format-standard","hentry","category-newsy","category-gminna-biblioteka-publiczna","category-gminny-osrodek-kultury","category-kultura-rozrywka-edukacja","tag-gminna-biblioteka-publiczna-w-sadownem","tag-gminny-osrodek-kultury-w-sadownem","tag-konkurs-im-k-makuszynskiego"],"views":2741,"_links":{"self":[{"href":"http:\/\/info.sadowne.pl\/index.php?rest_route=\/wp\/v2\/posts\/12393","targetHints":{"allow":["GET"]}}],"collection":[{"href":"http:\/\/info.sadowne.pl\/index.php?rest_route=\/wp\/v2\/posts"}],"about":[{"href":"http:\/\/info.sadowne.pl\/index.php?rest_route=\/wp\/v2\/types\/post"}],"author":[{"embeddable":true,"href":"http:\/\/info.sadowne.pl\/index.php?rest_route=\/wp\/v2\/users\/1"}],"replies":[{"embeddable":true,"href":"http:\/\/info.sadowne.pl\/index.php?rest_route=%2Fwp%2Fv2%2Fcomments&post=12393"}],"version-history":[{"count":2,"href":"http:\/\/info.sadowne.pl\/index.php?rest_route=\/wp\/v2\/posts\/12393\/revisions"}],"predecessor-version":[{"id":23222,"href":"http:\/\/info.sadowne.pl\/index.php?rest_route=\/wp\/v2\/posts\/12393\/revisions\/23222"}],"wp:attachment":[{"href":"http:\/\/info.sadowne.pl\/index.php?rest_route=%2Fwp%2Fv2%2Fmedia&parent=12393"}],"wp:term":[{"taxonomy":"category","embeddable":true,"href":"http:\/\/info.sadowne.pl\/index.php?rest_route=%2Fwp%2Fv2%2Fcategories&post=12393"},{"taxonomy":"post_tag","embeddable":true,"href":"http:\/\/info.sadowne.pl\/index.php?rest_route=%2Fwp%2Fv2%2Ftags&post=12393"}],"curies":[{"name":"wp","href":"https:\/\/api.w.org\/{rel}","templated":true}]}}