{"id":12445,"date":"2016-05-24T20:31:39","date_gmt":"2016-05-24T18:31:39","guid":{"rendered":"http:\/\/www.infosadowne.boo.pl\/?p=12445"},"modified":"2020-04-24T16:43:29","modified_gmt":"2020-04-24T14:43:29","slug":"odjazdowy-bibliotekarz","status":"publish","type":"post","link":"http:\/\/info.sadowne.pl\/?p=12445","title":{"rendered":"Odjazdowy bibliotekarz"},"content":{"rendered":"<p style=\"text-align: justify;\"><strong><img loading=\"lazy\" decoding=\"async\" class=\"alignleft size-thumbnail wp-image-12446\" src=\"http:\/\/www.info.sadowne.pl\/wp-content\/uploads\/2016\/05\/2016.05.24.11-180x130.jpg\" alt=\"2016.05.24.11\" width=\"180\" height=\"130\" \/>24 maja, w ramach Og\u00f3lnopolskiej akcji pod nazw\u0105 \u201eOdjazdowy Bibliotekarz, z Sadownego wyruszy\u0142 rajd rowerowy.<\/strong><!--more--><\/p>\n<p style=\"text-align: justify;\">Celem imprezy by\u0142a m.in. integracja \u015brodowiska bibliotekarskiego, ale te\u017c: promowanie bibliotek i czytelnictwa, propagowanie roweru jako \u015brodka lokomocji, propagowanie zdrowego trybu \u017cycia oraz walor\u00f3w turystycznych gminy Sadowne.<\/p>\n<p style=\"text-align: justify;\">Organizatorem Rajdu by\u0142a Gminna Biblioteka Publiczna w Sadownem, na apel kt\u00f3rej odpowiedzia\u0142o oko\u0142o 50-ciu mi\u0142o\u015bnik\u00f3w wycieczek rowerowych i czytelnictwa, a zaplanowan\u0105 tras\u0105 poprowadzi\u0142 pomara\u0144czowe grupy rowerowe p. S\u0142awomir Akonom.<\/p>\n<p style=\"text-align: justify;\">Przejazd rozpocz\u0119to w Sadownem z pierwszym przystankiem przy ko\u015bciele, a nast\u0119pnie rowerzy\u015bci udali si\u0119 do wsi S\u00f3jk\u00f3wek, gdzie zapoznali si\u0119 z histori\u0105 kapliczki (wcze\u015bniej pomnika ku czci cara Aleksandra). W \u00a0lesie &#8211; nieopodal kapliczki \u2013 ponownie historia, ale tym razem na miejscu pozosta\u0142o\u015bci ewangelickiego cmentarza poniemieckiego.<\/p>\n<p style=\"text-align: justify;\">Kolejny przystanek na trasie Rajdu to P\u0142atkownica i m\u0142yn murowano \u2013 szachulcowy, miejsce po ewangelickim domu modlitewnym i zapomniany cmentarz ewangelicki \u2013 r\u00f3wnie\u017c pozosta\u0142o\u015bci po kolonistach niemieckich.<\/p>\n<p style=\"text-align: justify;\">Po zwiedzaniu, po\u0142\u0105czonym ze \u015bwietnymi opowie\u015bciami p. S\u0142awomira Akonoma o historii gminy Sadowne, powr\u00f3t do Sadownego i wsp\u00f3lne ognisko na polanie Ko\u0142a \u0141owieckiego \u201eKszyk\u201d. Tu mo\u017cna by\u0142o uzupe\u0142ni\u0107 wiedz\u0119 historyczn\u0105, a tak\u017ce j\u0105 utrwali\u0107 w przygotowanych konkursach historycznych i nie tylko.<\/p>\n<p style=\"text-align: justify;\">Wiedza chyba zosta\u0142a utrwalona, z czego zadowolony by\u0142 nasz historyk p. S\u0142awomir Akonom i sadowie\u0144scy bibliotekarze, kt\u00f3rzy za\u0142o\u017cyli osi\u0105gni\u0119cie takiego w\u0142a\u015bnie celu.<\/p>\n<p style=\"text-align: justify;\"><a href=\"https:\/\/photos.app.goo.gl\/i9Lku4DRVXG2DG4d6\" target=\"_blank\" rel=\"noopener noreferrer\"><span style=\"color: #0000ff;\"><strong>Zdj\u0119cia w galerii Google&gt;&gt;&gt;<\/strong><\/span><\/a><\/p>\n<p style=\"text-align: justify;\"><strong>Tekst\/foto:<\/strong> S\u0142awek Chyli\u0144ski<\/p>\n","protected":false},"excerpt":{"rendered":"<p>24 maja, w ramach Og\u00f3lnopolskiej akcji pod nazw\u0105 \u201eOdjazdowy Bibliotekarz, z Sadownego wyruszy\u0142 rajd rowerowy.<\/p>\n","protected":false},"author":1,"featured_media":0,"comment_status":"open","ping_status":"closed","sticky":false,"template":"","format":"standard","meta":{"footnotes":""},"categories":[5,2149,91,6],"tags":[113,169,235],"class_list":["post-12445","post","type-post","status-publish","format-standard","hentry","category-newsy","category-gminna-biblioteka-publiczna","category-gminny-osrodek-kultury","category-kultura-rozrywka-edukacja","tag-gminna-biblioteka-publiczna-w-sadownem","tag-gminny-osrodek-kultury-w-sadownem","tag-rajd-rowerowy-odjazdowy-bibliotekarz-w-sadownem"],"views":2930,"_links":{"self":[{"href":"http:\/\/info.sadowne.pl\/index.php?rest_route=\/wp\/v2\/posts\/12445","targetHints":{"allow":["GET"]}}],"collection":[{"href":"http:\/\/info.sadowne.pl\/index.php?rest_route=\/wp\/v2\/posts"}],"about":[{"href":"http:\/\/info.sadowne.pl\/index.php?rest_route=\/wp\/v2\/types\/post"}],"author":[{"embeddable":true,"href":"http:\/\/info.sadowne.pl\/index.php?rest_route=\/wp\/v2\/users\/1"}],"replies":[{"embeddable":true,"href":"http:\/\/info.sadowne.pl\/index.php?rest_route=%2Fwp%2Fv2%2Fcomments&post=12445"}],"version-history":[{"count":2,"href":"http:\/\/info.sadowne.pl\/index.php?rest_route=\/wp\/v2\/posts\/12445\/revisions"}],"predecessor-version":[{"id":23220,"href":"http:\/\/info.sadowne.pl\/index.php?rest_route=\/wp\/v2\/posts\/12445\/revisions\/23220"}],"wp:attachment":[{"href":"http:\/\/info.sadowne.pl\/index.php?rest_route=%2Fwp%2Fv2%2Fmedia&parent=12445"}],"wp:term":[{"taxonomy":"category","embeddable":true,"href":"http:\/\/info.sadowne.pl\/index.php?rest_route=%2Fwp%2Fv2%2Fcategories&post=12445"},{"taxonomy":"post_tag","embeddable":true,"href":"http:\/\/info.sadowne.pl\/index.php?rest_route=%2Fwp%2Fv2%2Ftags&post=12445"}],"curies":[{"name":"wp","href":"https:\/\/api.w.org\/{rel}","templated":true}]}}