{"id":12466,"date":"2016-05-28T14:52:01","date_gmt":"2016-05-28T12:52:01","guid":{"rendered":"http:\/\/www.infosadowne.boo.pl\/?p=12466"},"modified":"2020-04-24T16:42:11","modified_gmt":"2020-04-24T14:42:11","slug":"pomnik-wyswiecony","status":"publish","type":"post","link":"http:\/\/info.sadowne.pl\/?p=12466","title":{"rendered":"Pomnik po\u015bwi\u0119cony\u2026"},"content":{"rendered":"<p style=\"text-align: justify;\"><strong><img loading=\"lazy\" decoding=\"async\" class=\"alignleft size-thumbnail wp-image-12467\" src=\"http:\/\/www.info.sadowne.pl\/wp-content\/uploads\/2016\/05\/2016.05.28.1-180x130.jpg\" alt=\"2016.05.28.1\" width=\"180\" height=\"130\" \/>28 maja wizytuj\u0105cy sadowie\u0144sk\u0105 parafi\u0119 Ordynariusz Diecezji Drohiczy\u0144skiej ks. bp Tadeusz Pikus po\u015bwi\u0119ci\u0142 pomnik kard. Stefana Wyszy\u0144skiego.<\/strong><!--more--><\/p>\n<p style=\"text-align: justify;\">Przyko\u015bcielny skwerek w Sadownem wzbogaci\u0142 si\u0119 o nowy pomnik \u2013 ks. kard. Stefana Wyszy\u0144skiego. Okazj\u0105 do jego po\u015bwi\u0119cenia by\u0142a wizyta w parafii ks. bp. Tadeusza Pikusa, kt\u00f3ry przyby\u0142 udzieli\u0107 sakramentu bierzmowania sadowie\u0144skim parafianom.<\/p>\n<p style=\"text-align: justify;\">Uroczysto\u015b\u0107 u\u015bwietnili swoj\u0105 obecno\u015bci\u0105 zaproszeni go\u015bcie, poczty sztandarowe plac\u00f3wek o\u015bwiatowych i gminnych jednostek OSP, a tak\u017ce dru\u017cyna harcerska \u201eW\u0142\u00f3czykije\u201d, kt\u00f3ra dzia\u0142a przy Szkole Podstawowej w Sadownem. Szkoda tylko, \u017ce w tak donios\u0142ej uroczysto\u015bci zabrak\u0142o cz\u0119\u015bci zaproszonych go\u015bci oraz przedstawicieli Strzelc\u00f3w, kt\u00f3rzy zazwyczaj trzymali wart\u0119 honorow\u0105 u boku naszych duszpasterzy.<\/p>\n<p style=\"text-align: justify;\">Po ods\u0142oni\u0119ciu pomnika na skwerku, jego po\u015bwi\u0119ceniu oraz oficjalnych przem\u00f3wieniach, dalsze uroczysto\u015bci przenios\u0142y si\u0119 do Zespo\u0142u Szk\u00f3\u0142 Ponadgimnazjalnych w Sadownem.<\/p>\n<p style=\"text-align: justify;\"><a href=\"https:\/\/photos.app.goo.gl\/mBQq74MXqPda9c6q8\" target=\"_blank\" rel=\"noopener noreferrer\"><span style=\"color: #0000ff;\"><strong>Zdj\u0119cia w galerii Google&gt;&gt;&gt;<\/strong><\/span><\/a><\/p>\n<p style=\"text-align: justify;\"><strong>Tekst\/foto:<\/strong> S\u0142awek Chyli\u0144ski<\/p>\n","protected":false},"excerpt":{"rendered":"<p>28 maja wizytuj\u0105cy sadowie\u0144sk\u0105 parafi\u0119 Ordynariusz Diecezji Drohiczy\u0144skiej ks. bp Tadeusz Pikus po\u015bwi\u0119ci\u0142 pomnik kard. Stefana Wyszy\u0144skiego.<\/p>\n","protected":false},"author":1,"featured_media":0,"comment_status":"open","ping_status":"closed","sticky":false,"template":"","format":"standard","meta":{"footnotes":""},"categories":[5,1670,1752,85],"tags":[1567,2019,182],"class_list":["post-12466","post","type-post","status-publish","format-standard","hentry","category-newsy","category-druzyna-harcerska-wloczykije","category-edukacja","category-zsp","tag-druzyna-harcerska-wloczykije-123","tag-wyswiecenie-pomnika-kard-wyszynskiego-w-sadownem","tag-zespol-szkol-ponadgimnazjalnych-w-sadownem"],"views":4355,"_links":{"self":[{"href":"http:\/\/info.sadowne.pl\/index.php?rest_route=\/wp\/v2\/posts\/12466","targetHints":{"allow":["GET"]}}],"collection":[{"href":"http:\/\/info.sadowne.pl\/index.php?rest_route=\/wp\/v2\/posts"}],"about":[{"href":"http:\/\/info.sadowne.pl\/index.php?rest_route=\/wp\/v2\/types\/post"}],"author":[{"embeddable":true,"href":"http:\/\/info.sadowne.pl\/index.php?rest_route=\/wp\/v2\/users\/1"}],"replies":[{"embeddable":true,"href":"http:\/\/info.sadowne.pl\/index.php?rest_route=%2Fwp%2Fv2%2Fcomments&post=12466"}],"version-history":[{"count":3,"href":"http:\/\/info.sadowne.pl\/index.php?rest_route=\/wp\/v2\/posts\/12466\/revisions"}],"predecessor-version":[{"id":23219,"href":"http:\/\/info.sadowne.pl\/index.php?rest_route=\/wp\/v2\/posts\/12466\/revisions\/23219"}],"wp:attachment":[{"href":"http:\/\/info.sadowne.pl\/index.php?rest_route=%2Fwp%2Fv2%2Fmedia&parent=12466"}],"wp:term":[{"taxonomy":"category","embeddable":true,"href":"http:\/\/info.sadowne.pl\/index.php?rest_route=%2Fwp%2Fv2%2Fcategories&post=12466"},{"taxonomy":"post_tag","embeddable":true,"href":"http:\/\/info.sadowne.pl\/index.php?rest_route=%2Fwp%2Fv2%2Ftags&post=12466"}],"curies":[{"name":"wp","href":"https:\/\/api.w.org\/{rel}","templated":true}]}}