{"id":12478,"date":"2016-05-30T18:43:08","date_gmt":"2016-05-30T16:43:08","guid":{"rendered":"http:\/\/www.infosadowne.boo.pl\/?p=12478"},"modified":"2016-05-30T18:43:08","modified_gmt":"2016-05-30T16:43:08","slug":"kardynal-stefan-wyszynski-sadownem","status":"publish","type":"post","link":"http:\/\/info.sadowne.pl\/?p=12478","title":{"rendered":"KARDYNA\u0141 STEFAN WYSZY\u0143SKI W SADOWNEM"},"content":{"rendered":"<p style=\"text-align: justify;\"><strong><a href=\"http:\/\/www.info.sadowne.pl\/wp-content\/uploads\/2016\/05\/2016.05.30.2.jpg\" target=\"_blank\"><img loading=\"lazy\" decoding=\"async\" class=\"alignleft wp-image-12479 size-thumbnail\" src=\"http:\/\/www.info.sadowne.pl\/wp-content\/uploads\/2016\/05\/2016.05.30.2-180x130.jpg\" alt=\"2016.05.30.2\" width=\"180\" height=\"130\" \/><\/a>Je\u017celi<\/strong><strong> cokolwiek warto na \u015bwiecie czyni\u0107, to tylko jedno \u2013 mi\u0142owa\u0107<\/strong><!--more--><\/p>\n<p style=\"text-align: justify;\">&#8211; to has\u0142o akademii, kt\u00f3ra odby\u0142a si\u0119 28 maja 2016 w Sadownem w 35 rocznic\u0119 \u015bmierci Kardyna\u0142a Stefana Wyszy\u0144skiego, w ramach uroczysto\u015bci ods\u0142oni\u0119cia pomnika Prymasa w Sadownem. Program artystyczny by\u0142 ostatni\u0105 cz\u0119\u015bci\u0105 uroczysto\u015bci parafialnych. Zosta\u0142 przygotowany przez m\u0142odzie\u017c z liceum og\u00f3lnokszta\u0142c\u0105cego oraz technikum gastronomicznego z ZSP w Sadownem. Obecni go\u015bcie mieli mo\u017cliwo\u015b\u0107 us\u0142ysze\u0107 Dekalog Spo\u0142ecznej Krucjaty Mi\u0142o\u015bci u\u0142o\u017cony i propagowany przez Kardyna\u0142a Wyszy\u0144skiego. W pi\u0119knych wierszach, brawurowo wy\u015bpiewanych piosenkach oraz radosnych ta\u0144cach m\u0142odzie\u017c uczci\u0142a pami\u0119\u0107 naszego wielkiego Rodaka. Po zako\u0144czeniu uroczysto\u015bci wszyscy obecni zostali zaproszeni przez Ksi\u0119dza Proboszcza Stanis\u0142awa Wojciechowskiego na obiad, przygotowany przez uczni\u00f3w z Technikum Gastronomicznego w Sadownem. Wy\u015bmienite dania, pi\u0119knie podane przystawki i desery dope\u0142ni\u0142y i zako\u0144czy\u0142y wyj\u0105tkowe \u015bwi\u0119to parafialne.<\/p>\n<p style=\"text-align: justify;\"><a href=\"http:\/\/www.info.sadowne.pl\/wp-content\/uploads\/2016\/05\/2016.05.30.3.jpg\" target=\"_blank\"><img loading=\"lazy\" decoding=\"async\" class=\"alignright wp-image-12480 size-medium\" src=\"http:\/\/www.info.sadowne.pl\/wp-content\/uploads\/2016\/05\/2016.05.30.3-300x199.jpg\" alt=\"2016.05.30.3\" width=\"300\" height=\"199\" srcset=\"http:\/\/info.sadowne.pl\/wp-content\/uploads\/2016\/05\/2016.05.30.3-300x199.jpg 300w, http:\/\/info.sadowne.pl\/wp-content\/uploads\/2016\/05\/2016.05.30.3.jpg 448w\" sizes=\"auto, (max-width: 300px) 100vw, 300px\" \/><\/a>Kardyna\u0142 Wyszy\u0144ski zawsze pragn\u0105\u0142, aby ludzie podejmowali walk\u0119 z otaczaj\u0105cym z\u0142em poprzez przemian\u0119 samych siebie. Program Spo\u0142ecznej Krucjaty Mi\u0142o\u015bci Prymasa Tysi\u0105clecia by\u0142 prosty, nie pozostawa\u0142 w sferze og\u00f3lnik\u00f3w, lecz dawa\u0142 mo\u017cliwo\u015b\u0107 dzia\u0142ania ka\u017cdemu cz\u0142owiekowi, wed\u0142ug jego mo\u017cliwo\u015bci. W czasach Kardyna\u0142a Wyszy\u0144skiego, w PRL wi\u0119kszo\u015b\u0107 dziedzin \u017cycia by\u0142a kontrolowana przez pa\u0144stwo komunistyczne i nie by\u0142o mo\u017cliwo\u015bci rozpowszechnienia listu pasterskiego z 1967 r. zawieraj\u0105cego wskazania dla wiernych. Prymas uj\u0105\u0142 wi\u0119c swoje my\u015bli w 10 zda\u0144, kt\u00f3re \u0142atwo by\u0142o przekaza\u0107 dalej \u2013 za\u0142o\u017cenia KRUCJATY MI\u0141O\u015aCI. Mimo, \u017ce od tego momentu min\u0119\u0142o ponad 49 lat, wezwanie do bezwzgl\u0119dnego szanowania drugiego cz\u0142owieka i pos\u0142usze\u0144stwa przykazaniu mi\u0142o\u015bci jest nadal aktualne, mo\u017ce nawet bardziej ni\u017c kiedykolwiek.<\/p>\n<p style=\"text-align: justify;\">SPO\u0141ECZNA KRUCJATA MI\u0141O\u015aCI<\/p>\n<ol style=\"text-align: justify;\">\n<li>Szanuj ka\u017cdego cz\u0142owieka, bo Chrystus w nim \u017cyje. B\u0105d\u017a wra\u017cliwy na drugiego cz\u0142owieka, twojego brata.<\/li>\n<li>My\u015bl dobrze o wszystkich &#8211; nie my\u015bl \u017ale o nikim. Staraj si\u0119 nawet w najgorszym znale\u017a\u0107 co\u015b dobrego.<\/li>\n<li>M\u00f3w zawsze \u017cyczliwie o drugich &#8211; nie m\u00f3w \u017ale o bli\u017anich. Napraw krzywd\u0119 wyrz\u0105dzon\u0105 s\u0142owem. Nie czy\u0144 rozd\u017awi\u0119ku mi\u0119dzy lud\u017ami.<\/li>\n<li>Rozmawiaj z ka\u017cdym j\u0119zykiem mi\u0142o\u015bci. Nie podno\u015b g\u0142osu. Nie przeklinaj. Nie r\u00f3b przykro\u015bci. Nie wyciskaj tez. Uspokajaj i okazuj dobro\u0107.<\/li>\n<li>Przebaczaj wszystko, wszystkim. Nie chowaj w sercu urazy. Zawsze pierwszy wyci\u0105gnij r\u0119k\u0119 do zgody.<\/li>\n<li>Dzia\u0142aj zawsze na korzy\u015b\u0107 bli\u017aniego. Czy\u0144 dobrze ka\u017cdemu, jakby\u015b pragn\u0105\u0142, aby tobie tak czyniono. Nie my\u015bl o tym, co tobie jest kto winien, ale co Ty jeste\u015b winien innym.<\/li>\n<li>Czynnie wsp\u00f3\u0142czuj w cierpieniu. Ch\u0119tnie spiesz z pociech\u0105, rad\u0105, pomoc\u0105, sercem.<\/li>\n<li>Pracuj rzetelnie, bo z owoc\u00f3w twej pracy korzystaj\u0105 inni, jak Ty korzystasz z pracy drugich.<\/li>\n<li>W\u0142\u0105cz si\u0119 w spo\u0142eczn\u0105 pomoc bli\u017anim. Otw\u00f3rz si\u0119 ku ubogim i chorym. U\u017cyczaj ze swego. Staraj si\u0119 dostrzec potrzebuj\u0105cych wok\u00f3\u0142 siebie.<\/li>\n<li>M\u00f3dl si\u0119 za wszystkich, nawet za nieprzyjaci\u00f3\u0142.<\/li>\n<\/ol>\n<p style=\"text-align: justify;\">\u00a0 \u00a0 \u00a0 \u00a0 \u00a0 \u00a0 \u00a0 \u00a0 \u00a0 \u00a0 \u00a0 \u00a0 \u00a0 \u00a0 \u00a0 \u00a0 \u00a0 \u00a0 \u00a0 \u00a0 \u00a0 \u00a0 \u00a0Kard. Stefan Wyszy\u0144ski<\/p>\n<p style=\"text-align: justify;\">TEKST\/FOTO M. Renik<\/p>\n","protected":false},"excerpt":{"rendered":"<p>Je\u017celi cokolwiek warto na \u015bwiecie czyni\u0107, to tylko jedno \u2013 mi\u0142owa\u0107<\/p>\n","protected":false},"author":1,"featured_media":0,"comment_status":"open","ping_status":"closed","sticky":false,"template":"","format":"standard","meta":{"footnotes":""},"categories":[5,1752,85],"tags":[2007,2021,182],"class_list":["post-12478","post","type-post","status-publish","format-standard","hentry","category-newsy","category-edukacja","category-zsp","tag-pomnik-kard-stefana-wyszynskiego","tag-spoleczna-krucjata-milosci","tag-zespol-szkol-ponadgimnazjalnych-w-sadownem"],"views":3057,"_links":{"self":[{"href":"http:\/\/info.sadowne.pl\/index.php?rest_route=\/wp\/v2\/posts\/12478","targetHints":{"allow":["GET"]}}],"collection":[{"href":"http:\/\/info.sadowne.pl\/index.php?rest_route=\/wp\/v2\/posts"}],"about":[{"href":"http:\/\/info.sadowne.pl\/index.php?rest_route=\/wp\/v2\/types\/post"}],"author":[{"embeddable":true,"href":"http:\/\/info.sadowne.pl\/index.php?rest_route=\/wp\/v2\/users\/1"}],"replies":[{"embeddable":true,"href":"http:\/\/info.sadowne.pl\/index.php?rest_route=%2Fwp%2Fv2%2Fcomments&post=12478"}],"version-history":[{"count":1,"href":"http:\/\/info.sadowne.pl\/index.php?rest_route=\/wp\/v2\/posts\/12478\/revisions"}],"predecessor-version":[{"id":12481,"href":"http:\/\/info.sadowne.pl\/index.php?rest_route=\/wp\/v2\/posts\/12478\/revisions\/12481"}],"wp:attachment":[{"href":"http:\/\/info.sadowne.pl\/index.php?rest_route=%2Fwp%2Fv2%2Fmedia&parent=12478"}],"wp:term":[{"taxonomy":"category","embeddable":true,"href":"http:\/\/info.sadowne.pl\/index.php?rest_route=%2Fwp%2Fv2%2Fcategories&post=12478"},{"taxonomy":"post_tag","embeddable":true,"href":"http:\/\/info.sadowne.pl\/index.php?rest_route=%2Fwp%2Fv2%2Ftags&post=12478"}],"curies":[{"name":"wp","href":"https:\/\/api.w.org\/{rel}","templated":true}]}}