{"id":12586,"date":"2016-06-05T19:12:30","date_gmt":"2016-06-05T17:12:30","guid":{"rendered":"http:\/\/www.infosadowne.boo.pl\/?p=12586"},"modified":"2020-04-24T16:37:43","modified_gmt":"2020-04-24T14:37:43","slug":"dzien-dziecka-wedka-2","status":"publish","type":"post","link":"http:\/\/info.sadowne.pl\/?p=12586","title":{"rendered":"Dzie\u0144 Dziecka z w\u0119dk\u0105"},"content":{"rendered":"<p style=\"text-align: justify;\"><strong><img loading=\"lazy\" decoding=\"async\" class=\"alignleft size-thumbnail wp-image-12587\" src=\"http:\/\/www.info.sadowne.pl\/wp-content\/uploads\/2016\/06\/2016.06.05.32-180x130.jpg\" alt=\"2016.06.05.32\" width=\"180\" height=\"130\" \/>5 czerwca na \u0142owisku w Sadownem, przy drodze do Wilczog\u0105b, odby\u0142a si\u0119 impreza w\u0119dkarska pod nazw\u0105 \u201eDzie\u0144 Dziecka z w\u0119dk\u0105\u201d.<\/strong><!--more--><\/p>\n<p style=\"text-align: justify;\">Na pomys\u0142 zorganizowania tego rodzaju imprezy wpad\u0142 Zarz\u0105d Ko\u0142a nr 27 PZW w Sadownem. Znalaz\u0142o si\u0119 te\u017c odpowiednie \u0142owisko \u2013 staw p. Emila Filipiaka i oczywi\u015bcie wsp\u00f3\u0142organizatorzy i sponsorzy, w\u015br\u00f3d kt\u00f3rych znale\u017ali si\u0119: Nadle\u015bnictwo w \u0141ochowie i Gminny O\u015brodek Kultury w Sadownem. Tu\u017c po godz. 14.00 na swoje stanowiska uda\u0142o si\u0119 34. zawodnik\u00f3w \u2013 jak podaj\u0105 organizatorzy \u2013 wiek ich zamyka\u0142 si\u0119 w granicach 3-12 lat, a wi\u0119c powa\u017cny. Zawodnicy mieli te\u017c swoich pomocnik\u00f3w, ale tylko \u2013 pomocnik\u00f3w, gdy\u017c sami musieli walczy\u0107 przez pe\u0142n\u0105 godzin\u0119 z dobrymi braniami i gromadzi\u0107 wyci\u0105gane okazy, kt\u00f3rych waga przeliczana by\u0142a na punkty.<\/p>\n<p style=\"text-align: justify;\">Ostatecznie okaza\u0142o si\u0119, \u017ce najwi\u0119ksz\u0105 ryb\u0119 tego dnia z\u0142owi\u0142 Dawid Trojan (1950 g), kt\u00f3ry te\u017c popisa\u0142 si\u0119 najlepszym wagowo og\u00f3lnym po\u0142owem \u2013 5056 pkt. Da\u0142o mu to pierwsze miejsce, a tu\u017c za nim na podium znale\u017ali si\u0119: Sandra Zawadzka \u2013 3506 pkt i Szymon Krasnod\u0119bski \u2013 2896 pkt. Nasze gratulacje.<\/p>\n<p style=\"text-align: justify;\">Zwyci\u0119zcy zawod\u00f3w mogli cieszy\u0107 si\u0119 z pierwszych puchar\u00f3w wr\u0119czanych przez W\u00f3jta Gminy Sadowne p. Waldemara Cyrana, ale te\u017c wszyscy uczestnicy zostali nagrodzeni dyplomami i drobnymi upominkami, kt\u00f3re przygotowali dla nich sponsorzy.<\/p>\n<p style=\"text-align: justify;\">Opr\u00f3cz wra\u017ce\u0144 wynikaj\u0105cych z udzia\u0142u w zawodach, dzieci i ich rodziny mog\u0142y uczestniczy\u0107 w konkursach z nagrodami, a tak\u017ce \u2013 jak to bywa na piknikach \u2013 skosztowa\u0107 produkt\u00f3w przygotowywanych obok na grillu.<\/p>\n<p style=\"text-align: justify;\">Szczeg\u00f3lne podzi\u0119kowania nale\u017c\u0105 si\u0119 Zarz\u0105dowi Ko\u0142a nr 27 PZW i wsp\u00f3\u0142organizatorom \u00a0za ciekawy pomys\u0142 i przygotowanie pikniku rodzinnego, a p. Emilowi Filipiakowi za udost\u0119pnienie i organizacj\u0119 imprezy na \u015bwietnym \u0142owisku \u2013 by\u0107 mo\u017ce nie ostatni raz.<\/p>\n<p style=\"text-align: justify;\"><a href=\"https:\/\/photos.app.goo.gl\/Bu1wwi4NSt5Bu3K16\" target=\"_blank\" rel=\"noopener noreferrer\"><span style=\"color: #0000ff;\"><strong>Zdj\u0119cia w galerii Google&gt;&gt;&gt;<\/strong><\/span><\/a><\/p>\n<p style=\"text-align: justify;\"><strong>Tekst\/foto:<\/strong> S\u0142awek Chyli\u0144ski<\/p>\n","protected":false},"excerpt":{"rendered":"<p>5 czerwca na \u0142owisku w Sadownem, przy drodze do Wilczog\u0105b, odby\u0142a si\u0119 impreza w\u0119dkarska pod nazw\u0105 \u201eDzie\u0144 Dziecka z w\u0119dk\u0105\u201d.<\/p>\n","protected":false},"author":1,"featured_media":0,"comment_status":"open","ping_status":"closed","sticky":false,"template":"","format":"standard","meta":{"footnotes":""},"categories":[5,1,689],"tags":[2016,169,895,1101],"class_list":["post-12586","post","type-post","status-publish","format-standard","hentry","category-newsy","category-inne","category-wedkarstwo","tag-dzien-dziecka-z-wedka","tag-gminny-osrodek-kultury-w-sadownem","tag-kolo-nr-27-pzw-sadowne","tag-nadlesnictwo-lochow"],"views":3594,"_links":{"self":[{"href":"http:\/\/info.sadowne.pl\/index.php?rest_route=\/wp\/v2\/posts\/12586","targetHints":{"allow":["GET"]}}],"collection":[{"href":"http:\/\/info.sadowne.pl\/index.php?rest_route=\/wp\/v2\/posts"}],"about":[{"href":"http:\/\/info.sadowne.pl\/index.php?rest_route=\/wp\/v2\/types\/post"}],"author":[{"embeddable":true,"href":"http:\/\/info.sadowne.pl\/index.php?rest_route=\/wp\/v2\/users\/1"}],"replies":[{"embeddable":true,"href":"http:\/\/info.sadowne.pl\/index.php?rest_route=%2Fwp%2Fv2%2Fcomments&post=12586"}],"version-history":[{"count":2,"href":"http:\/\/info.sadowne.pl\/index.php?rest_route=\/wp\/v2\/posts\/12586\/revisions"}],"predecessor-version":[{"id":23216,"href":"http:\/\/info.sadowne.pl\/index.php?rest_route=\/wp\/v2\/posts\/12586\/revisions\/23216"}],"wp:attachment":[{"href":"http:\/\/info.sadowne.pl\/index.php?rest_route=%2Fwp%2Fv2%2Fmedia&parent=12586"}],"wp:term":[{"taxonomy":"category","embeddable":true,"href":"http:\/\/info.sadowne.pl\/index.php?rest_route=%2Fwp%2Fv2%2Fcategories&post=12586"},{"taxonomy":"post_tag","embeddable":true,"href":"http:\/\/info.sadowne.pl\/index.php?rest_route=%2Fwp%2Fv2%2Ftags&post=12586"}],"curies":[{"name":"wp","href":"https:\/\/api.w.org\/{rel}","templated":true}]}}