{"id":12589,"date":"2016-06-05T19:59:44","date_gmt":"2016-06-05T17:59:44","guid":{"rendered":"http:\/\/www.infosadowne.boo.pl\/?p=12589"},"modified":"2020-04-24T16:36:39","modified_gmt":"2020-04-24T14:36:39","slug":"zieleniec-rodzinnie","status":"publish","type":"post","link":"http:\/\/info.sadowne.pl\/?p=12589","title":{"rendered":"Zieleniec rodzinnie&#8230;"},"content":{"rendered":"<p style=\"text-align: justify;\"><strong><img loading=\"lazy\" decoding=\"async\" class=\"alignleft size-thumbnail wp-image-12590\" src=\"http:\/\/www.info.sadowne.pl\/wp-content\/uploads\/2016\/06\/2016.06.05.33-180x130.jpg\" alt=\"2016.06.05.33\" width=\"180\" height=\"130\" \/>Niedziela, 5 czerwca na d\u0142ugo pozostanie w pami\u0119ci mieszka\u0144c\u00f3w Ziele\u0144ca i nie tylko. Zorganizowano tu Piknik Rodzinny.<\/strong><!--more--><\/p>\n<p style=\"text-align: justify;\">So\u0142ectwo wsi Zieleniec 5 czerwca na placu przy swojej dawnej szkole zorganizowa\u0142o Piknik Rodzinny. W\u015br\u00f3d licznych atrakcji popo\u0142udniem go\u015bcie mogli podziwia\u0107 wyst\u0119py zespo\u0142\u00f3w muzycznych: Sami Swoi, Akolada i Akord. Dla zainteresowanych przygotowano te\u017c wiele zabaw taneczno \u2013 ruchowych, \u015bciank\u0119 wspinaczkow\u0105, tyrolk\u0119, malowanie twarzy, pokaz pierwszej pomocy oraz mn\u00f3stwo innych atrakcji, w tym r\u00f3wnie\u017c grille i co\u015b na s\u0142odko dla \u0142asuch\u00f3w \u2013 g\u0142\u00f3wnie z my\u015bl\u0105 te\u017c o najm\u0142odszych, kt\u00f3rzy nadal \u015bwi\u0119tuj\u0105 Dzie\u0144 Dziecka.<\/p>\n<p style=\"text-align: justify;\">Dzi\u0119ki organizatorom i zaanga\u017cowaniu przez nich do pomocy Jednostek OSP z Ziele\u0144ca i Sok\u00f3\u0142ki, firmy wykonuj\u0105cej prace wysoko\u015bciowe, a tak\u017ce Gminy Sadowne i Gminnego O\u015brodka Kultury w Sadownem, uczestnicy Pikniku nie nudzili si\u0119, a sprzyjaj\u0105ca pogoda umo\u017cliwia\u0142a \u015bwietn\u0105 zabaw\u0119, kt\u00f3ra trwa\u0142a do p\u00f3\u017anych godzin. Brawo za pomys\u0142 i organizacj\u0119 imprezy \u2013 mieszka\u0144cy nie maj\u0105 zapewne nic przeciwko, aby wkr\u00f3tce powt\u00f3rzy\u0107 spotkanie na powietrzu.<\/p>\n<p style=\"text-align: justify;\"><a href=\"https:\/\/photos.app.goo.gl\/15W65a9H2VgYwnXA8\" target=\"_blank\" rel=\"noopener noreferrer\"><span style=\"color: #0000ff;\"><strong>Zdj\u0119cia w galerii Google&gt;&gt;&gt;<\/strong><\/span><\/a><\/p>\n<p style=\"text-align: justify;\"><strong>Tekst\/foto:<\/strong> S\u0142awek Chyli\u0144ski<\/p>\n","protected":false},"excerpt":{"rendered":"<p>Niedziela, 5 czerwca na d\u0142ugo pozostanie w pami\u0119ci mieszka\u0144c\u00f3w Ziele\u0144ca i nie tylko. Zorganizowano tu Piknik Rodzinny.<\/p>\n","protected":false},"author":1,"featured_media":0,"comment_status":"open","ping_status":"closed","sticky":false,"template":"","format":"standard","meta":{"footnotes":""},"categories":[5,91,6],"tags":[169,2015,2014,142],"class_list":["post-12589","post","type-post","status-publish","format-standard","hentry","category-newsy","category-gminny-osrodek-kultury","category-kultura-rozrywka-edukacja","tag-gminny-osrodek-kultury-w-sadownem","tag-piknik-rodzinny-w-zielencu","tag-solectwo-wsi-zieleniec","tag-urzad-gminy-sadowne"],"views":3892,"_links":{"self":[{"href":"http:\/\/info.sadowne.pl\/index.php?rest_route=\/wp\/v2\/posts\/12589","targetHints":{"allow":["GET"]}}],"collection":[{"href":"http:\/\/info.sadowne.pl\/index.php?rest_route=\/wp\/v2\/posts"}],"about":[{"href":"http:\/\/info.sadowne.pl\/index.php?rest_route=\/wp\/v2\/types\/post"}],"author":[{"embeddable":true,"href":"http:\/\/info.sadowne.pl\/index.php?rest_route=\/wp\/v2\/users\/1"}],"replies":[{"embeddable":true,"href":"http:\/\/info.sadowne.pl\/index.php?rest_route=%2Fwp%2Fv2%2Fcomments&post=12589"}],"version-history":[{"count":2,"href":"http:\/\/info.sadowne.pl\/index.php?rest_route=\/wp\/v2\/posts\/12589\/revisions"}],"predecessor-version":[{"id":23215,"href":"http:\/\/info.sadowne.pl\/index.php?rest_route=\/wp\/v2\/posts\/12589\/revisions\/23215"}],"wp:attachment":[{"href":"http:\/\/info.sadowne.pl\/index.php?rest_route=%2Fwp%2Fv2%2Fmedia&parent=12589"}],"wp:term":[{"taxonomy":"category","embeddable":true,"href":"http:\/\/info.sadowne.pl\/index.php?rest_route=%2Fwp%2Fv2%2Fcategories&post=12589"},{"taxonomy":"post_tag","embeddable":true,"href":"http:\/\/info.sadowne.pl\/index.php?rest_route=%2Fwp%2Fv2%2Ftags&post=12589"}],"curies":[{"name":"wp","href":"https:\/\/api.w.org\/{rel}","templated":true}]}}