{"id":12676,"date":"2016-06-12T21:24:31","date_gmt":"2016-06-12T19:24:31","guid":{"rendered":"http:\/\/www.infosadowne.boo.pl\/?p=12676"},"modified":"2020-04-24T16:30:07","modified_gmt":"2020-04-24T14:30:07","slug":"piknik-rodzinny-sadownem","status":"publish","type":"post","link":"http:\/\/info.sadowne.pl\/?p=12676","title":{"rendered":"Piknik Rodzinny w Sadownem"},"content":{"rendered":"<p style=\"text-align: justify;\"><strong><img loading=\"lazy\" decoding=\"async\" class=\"alignleft size-thumbnail wp-image-12677\" src=\"http:\/\/www.info.sadowne.pl\/wp-content\/uploads\/2016\/06\/2016.06.12.11-180x130.jpg\" alt=\"2016.06.12.11\" width=\"180\" height=\"130\" \/>12 czerwca na terenie kompleksu szkolnego w Sadownem odby\u0142 si\u0119 Piknik Rodzinny.<\/strong><!--more--><\/p>\n<p style=\"text-align: justify;\">Troszk\u0119 z op\u00f3\u017anieniem postanowiono uczci\u0107 tegoroczny Dzie\u0144 Dziecka, ale te\u017c przygotowa\u0107 atrakcje dla mieszka\u0144c\u00f3w naszej Gminy zainteresowanych rodzinnym biesiadowaniem. Tego przedsi\u0119wzi\u0119cia podj\u0119li si\u0119 wsp\u00f3lnie: W\u00f3jt Gminy Sadowne, Gminna Komisja Rozwi\u0105zywania Problem\u00f3w Alkoholowych w Sadownem i miejscowy Gminny O\u015brodek Kultury. Swoj\u0105 pomoc zaoferowa\u0142 r\u00f3wnie\u017c Zesp\u00f3\u0142 Szk\u00f3\u0142 Ponadgimnazjalnych, Gimnazjum oraz gminne szko\u0142y podstawowe i przedszkola, a tak\u017ce Jednostka Strzelecka 5001.<\/p>\n<p style=\"text-align: justify;\">Od niedzielnego po\u0142udnia na go\u015bci czeka\u0142o piknikowe weso\u0142e miasteczko, gdzie przewa\u017cnie dzieciom oferowano r\u00f3\u017cne konkursy, zje\u017cd\u017calnie, zabawy, a przygotowane przez organizator\u00f3w stoiska uzupe\u0142nia\u0142y \u015bwietn\u0105 zabaw\u0119 o np. malowanie twarzy, pokazy barma\u0144skie i carvingu, grillowe kie\u0142baski czy lody lub ciastka.<\/p>\n<p style=\"text-align: justify;\">W mi\u0119dzyczasie odbywa\u0142y si\u0119 indywidualne i rodzinne konkursy sportowe. Dzieci rywalizowa\u0142y w biegu pod has\u0142em \u201eBiegam, bo lubi\u0119\u201d, natomiast kilkuosobowe sk\u0142ady rodzinne musia\u0142y zmierzy\u0107 si\u0119 w konkurencjach do\u015b\u0107 nietypowych. Wr\u0119czono te\u017c nagrod\u0119 w Konkursie na logo Sadowie\u0144skiego Klubu Seniora.<\/p>\n<p style=\"text-align: justify;\">Po oficjalnym otwarciu Pikniku przez W\u00f3jta Gminy Sadowne p. Waldemara Cyrana, wr\u0119czono nagrody zwyci\u0119zcom bieg\u00f3w i zmaga\u0144 rodzinnych, a tak\u017ce Konkursu pt. \u201eBezpiecze\u0144stwo w sieci\u201d przeprowadzonego wcze\u015bniej w miejscowych szko\u0142ach przez Gminn\u0105 Komisj\u0119 Rozwi\u0105zywania Problem\u00f3w Alkoholowych w Sadownem.<\/p>\n<p style=\"text-align: justify;\">Grupy taneczne ze Szko\u0142y Podstawowej w Sadownem i Zespo\u0142u Szkolno \u2013 Przedszkolnego w Grabinach zaprezentowa\u0142y uczestnikom Pikniku swoje umiej\u0119tno\u015bci, przedstawiaj\u0105c r\u00f3\u017cne formy ta\u0144ca wsp\u00f3\u0142czesnego, grupowego. Piknik u\u015bwietnili r\u00f3wnie\u017c strzelcy z Jednostki Strzeleckiej 5001, kt\u00f3rzy zaprezentowali pokaz oraz Zesp\u00f3\u0142 Sami Swoi, kt\u00f3rego interpretacja znanych przeboj\u00f3w mobilizowa\u0142a obecnych do ta\u0144ca.<\/p>\n<p style=\"text-align: justify;\">Uwie\u0144czeniem rodzinnej biesiady w Sadownem by\u0142 spektakl pt. \u201eGdy zostanie tylko fotografia\u201d, kt\u00f3ry zaprezentowali wg napisanego przez siebie scenariusza aktorzy Grupy \u00a0Edwarda z miejscowego Gimnazjum \u2013 re\u017cyseria p. Dorota Ga\u0142\u0105zka.<\/p>\n<p style=\"text-align: justify;\"><a href=\"https:\/\/photos.app.goo.gl\/LXEHhFrnUToUmEUN7\" target=\"_blank\" rel=\"noopener noreferrer\"><span style=\"color: #0000ff;\"><strong>Zdj\u0119cia w galerii Google&gt;&gt;&gt;<\/strong><\/span><\/a><\/p>\n<p style=\"text-align: justify;\"><span style=\"color: #0000ff;\"><a style=\"color: #0000ff;\" href=\"https:\/\/youtu.be\/ROEvnUQoZQ8\" target=\"_blank\" rel=\"noopener noreferrer\"><strong>Zobacz te\u017c film&gt;&gt;&gt;<\/strong><\/a><\/span><\/p>\n<p style=\"text-align: justify;\"><strong>Tekst\/foto:<\/strong> S\u0142awek Chyli\u0144ski<\/p>\n","protected":false},"excerpt":{"rendered":"<p>12 czerwca na terenie kompleksu szkolnego w Sadownem odby\u0142 si\u0119 Piknik Rodzinny.<\/p>\n","protected":false},"author":1,"featured_media":0,"comment_status":"open","ping_status":"closed","sticky":false,"template":"","format":"standard","meta":{"footnotes":""},"categories":[5,91,6],"tags":[125,169,731,614],"class_list":["post-12676","post","type-post","status-publish","format-standard","hentry","category-newsy","category-gminny-osrodek-kultury","category-kultura-rozrywka-edukacja","tag-gminna-komisja-rozwiazywania-problemow-alkoholowych-w-sadownem","tag-gminny-osrodek-kultury-w-sadownem","tag-piknik-rodzinny-w-sadownem","tag-wojt-gminy-sadowne"],"views":3519,"_links":{"self":[{"href":"http:\/\/info.sadowne.pl\/index.php?rest_route=\/wp\/v2\/posts\/12676","targetHints":{"allow":["GET"]}}],"collection":[{"href":"http:\/\/info.sadowne.pl\/index.php?rest_route=\/wp\/v2\/posts"}],"about":[{"href":"http:\/\/info.sadowne.pl\/index.php?rest_route=\/wp\/v2\/types\/post"}],"author":[{"embeddable":true,"href":"http:\/\/info.sadowne.pl\/index.php?rest_route=\/wp\/v2\/users\/1"}],"replies":[{"embeddable":true,"href":"http:\/\/info.sadowne.pl\/index.php?rest_route=%2Fwp%2Fv2%2Fcomments&post=12676"}],"version-history":[{"count":3,"href":"http:\/\/info.sadowne.pl\/index.php?rest_route=\/wp\/v2\/posts\/12676\/revisions"}],"predecessor-version":[{"id":23209,"href":"http:\/\/info.sadowne.pl\/index.php?rest_route=\/wp\/v2\/posts\/12676\/revisions\/23209"}],"wp:attachment":[{"href":"http:\/\/info.sadowne.pl\/index.php?rest_route=%2Fwp%2Fv2%2Fmedia&parent=12676"}],"wp:term":[{"taxonomy":"category","embeddable":true,"href":"http:\/\/info.sadowne.pl\/index.php?rest_route=%2Fwp%2Fv2%2Fcategories&post=12676"},{"taxonomy":"post_tag","embeddable":true,"href":"http:\/\/info.sadowne.pl\/index.php?rest_route=%2Fwp%2Fv2%2Ftags&post=12676"}],"curies":[{"name":"wp","href":"https:\/\/api.w.org\/{rel}","templated":true}]}}