{"id":12693,"date":"2016-06-14T14:03:52","date_gmt":"2016-06-14T12:03:52","guid":{"rendered":"http:\/\/www.infosadowne.boo.pl\/?p=12693"},"modified":"2020-04-24T16:29:04","modified_gmt":"2020-04-24T14:29:04","slug":"cisza-artysci-pracuja","status":"publish","type":"post","link":"http:\/\/info.sadowne.pl\/?p=12693","title":{"rendered":"Ci\u2026sza, arty\u015bci pracuj\u0105!"},"content":{"rendered":"<p style=\"text-align: justify;\"><strong><img loading=\"lazy\" decoding=\"async\" class=\"alignleft size-thumbnail wp-image-12694\" src=\"http:\/\/www.info.sadowne.pl\/wp-content\/uploads\/2016\/06\/2016.06.14.1-180x130.jpg\" alt=\"2016.06.14.1\" width=\"180\" height=\"130\" \/>W Sadownem trwa jeszcze Plener Malarski Artyst\u00f3w Plastyk\u00f3w. Wkr\u00f3tce poznamy jego efekty.<\/strong><!--more--><\/p>\n<p style=\"text-align: justify;\">W tym roku Plener Malarski w Sadownem odbywa si\u0119 w dniach 6 \u2013 18 czerwca. Jest to ju\u017c XVI Plener, ale jubileuszowy, gdy\u017c podsumowuje wszystkie poprzednie. Jego uczestnicy, jak ka\u017cdego roku, s\u0105 zakwaterowani w pokojach go\u015bcinnych dawnego internatu Liceum Og\u00f3lnokszta\u0142ac\u0105cego w Sadownem i tam cz\u0119sto tworz\u0105 lub stawiaj\u0105 ostatnie kreski, kropki\u2026 na swoich pracach. Mo\u017cemy ich te\u017c spotka\u0107 pracuj\u0105cych w terenie, a nawet na posesjach, kt\u00f3re im udost\u0119pnili do pracy nasi mieszka\u0144cy, cz\u0119sto ju\u017c zaprzyja\u017anieni z artystami systematycznie uczestnicz\u0105cymi w sadowie\u0144skim Plenerze.<\/p>\n<p style=\"text-align: justify;\">M\u00f3wi\u0105c o Plenerze Malarskim trudno nie wspomnie\u0107 o jego g\u0142\u00f3wnych organizatorach, bez kt\u00f3rych by\u0107 mo\u017ce nie dochodzi\u0142oby do artystycznych spotka\u0144 w Sadownem, a tak\u017ce ich wieloletniej kontynuacji. Najbardziej zas\u0142u\u017conymi, nie wspominamy o wielu osobach wspomagaj\u0105cych artyst\u00f3w ka\u017cdego dnia Pleneru, s\u0105: by\u0142y Dyrektor LO Sadowne p. Edward Herman, W\u00f3jt Gminy Sadowne p. Waldemar Cyran, obecny Dyrektor ZSP Sadowne p. S\u0142awomir Ryszawa i Dyrektor Gminnego O\u015brodka Kultury w Sadownem p. Ewa Pi\u00f3rkowska.<\/p>\n<p style=\"text-align: justify;\">Ale najwa\u017cniejszymi s\u0105 przecie\u017c sami uczestnicy Pleneru. W tegorocznym XVI Jubileuszowym Plenerze Malarskim Artyst\u00f3w Plastyk\u00f3w w Sadownem bior\u0105 udzia\u0142 pp.: Regina Balinow, Barbara Brzostek, Gabriela Czarnecka, Wanda Falencik \u2013 Masznicz, Mariola Falkowska, Romana Freudenreich \u2013 \u015alubowska, Ma\u0142gorzata Wiktoria Gajewska \u2013 Margasi\u0144ska, El\u017cbieta Kaniecka \u2013 Siegoczy\u0144ska, Manuella Kornecka, Bo\u017cena Kr\u0119\u017celewska, Adam Kunikowski, Miros\u0142aw Miro\u0144ski, Magda Maria Niewiadomska, Danuta Rasi\u0144ska, Lidia Snitko \u2013 Pleszko i Krystyna Sommer.<\/p>\n<p style=\"text-align: justify;\">Arty\u015bci jeszcze pracuj\u0105, ale ju\u017c teraz zapraszamy Pa\u0144stwa na uroczysty wernisa\u017c, kt\u00f3ry odb\u0119dzie si\u0119 w Gminnym O\u015brodku Kultury w Sadownem 16 czerwca 2016 r. o godz. 18.00.<\/p>\n<p style=\"text-align: justify;\">Serdecznie zapraszamy, wkr\u00f3tce te\u017c szerzej o uczestnikach XVI Pleneru, a na razie: ci\u2026sza, arty\u015bci pracuj\u0105!<\/p>\n<p style=\"text-align: justify;\"><a href=\"https:\/\/photos.app.goo.gl\/62wduTBaQLM22h7D6\" target=\"_blank\" rel=\"noopener noreferrer\"><span style=\"color: #0000ff;\"><strong>Zdj\u0119cia w galerii Google&gt;&gt;&gt;<\/strong><\/span><\/a><\/p>\n<p style=\"text-align: justify;\"><strong>Tekst:<\/strong> S\u0142awek Chyli\u0144ski<\/p>\n<p style=\"text-align: justify;\"><strong>Foto:<\/strong> GOK Sadowne<\/p>\n","protected":false},"excerpt":{"rendered":"<p>W Sadownem trwa jeszcze Plener Malarski Artyst\u00f3w Plastyk\u00f3w. Wkr\u00f3tce poznamy jego efekty.<\/p>\n","protected":false},"author":1,"featured_media":0,"comment_status":"open","ping_status":"closed","sticky":false,"template":"","format":"standard","meta":{"footnotes":""},"categories":[5,91,6],"tags":[169,2054],"class_list":["post-12693","post","type-post","status-publish","format-standard","hentry","category-newsy","category-gminny-osrodek-kultury","category-kultura-rozrywka-edukacja","tag-gminny-osrodek-kultury-w-sadownem","tag-xvi-plener-malarski-w-sadownem"],"views":2647,"_links":{"self":[{"href":"http:\/\/info.sadowne.pl\/index.php?rest_route=\/wp\/v2\/posts\/12693","targetHints":{"allow":["GET"]}}],"collection":[{"href":"http:\/\/info.sadowne.pl\/index.php?rest_route=\/wp\/v2\/posts"}],"about":[{"href":"http:\/\/info.sadowne.pl\/index.php?rest_route=\/wp\/v2\/types\/post"}],"author":[{"embeddable":true,"href":"http:\/\/info.sadowne.pl\/index.php?rest_route=\/wp\/v2\/users\/1"}],"replies":[{"embeddable":true,"href":"http:\/\/info.sadowne.pl\/index.php?rest_route=%2Fwp%2Fv2%2Fcomments&post=12693"}],"version-history":[{"count":5,"href":"http:\/\/info.sadowne.pl\/index.php?rest_route=\/wp\/v2\/posts\/12693\/revisions"}],"predecessor-version":[{"id":23208,"href":"http:\/\/info.sadowne.pl\/index.php?rest_route=\/wp\/v2\/posts\/12693\/revisions\/23208"}],"wp:attachment":[{"href":"http:\/\/info.sadowne.pl\/index.php?rest_route=%2Fwp%2Fv2%2Fmedia&parent=12693"}],"wp:term":[{"taxonomy":"category","embeddable":true,"href":"http:\/\/info.sadowne.pl\/index.php?rest_route=%2Fwp%2Fv2%2Fcategories&post=12693"},{"taxonomy":"post_tag","embeddable":true,"href":"http:\/\/info.sadowne.pl\/index.php?rest_route=%2Fwp%2Fv2%2Ftags&post=12693"}],"curies":[{"name":"wp","href":"https:\/\/api.w.org\/{rel}","templated":true}]}}