{"id":12740,"date":"2016-06-16T20:33:04","date_gmt":"2016-06-16T18:33:04","guid":{"rendered":"http:\/\/www.infosadowne.boo.pl\/?p=12740"},"modified":"2020-04-24T16:27:38","modified_gmt":"2020-04-24T14:27:38","slug":"wystawa-prac-xvi-pleneru","status":"publish","type":"post","link":"http:\/\/info.sadowne.pl\/?p=12740","title":{"rendered":"Wystawa prac XVI Pleneru"},"content":{"rendered":"<p style=\"text-align: justify;\"><strong><img loading=\"lazy\" decoding=\"async\" class=\"alignleft size-thumbnail wp-image-12741\" src=\"http:\/\/www.info.sadowne.pl\/wp-content\/uploads\/2016\/06\/2016.06.16.12-180x130.jpg\" alt=\"2016.06.16.12\" width=\"180\" height=\"130\" \/>16 czerwca w Gminnym O\u015brodku Kultury w Sadownem odby\u0142 si\u0119 wernisa\u017c wystawy, kt\u00f3ra podsumowuje XVI Plener Malarski Artyst\u00f3w Plastyk\u00f3w.<\/strong><!--more--><\/p>\n<p style=\"text-align: justify;\">W tym roku Plener Malarski w Sadownem odbywa si\u0119 w dniach 6 \u2013 18 czerwca. Jego organizatorami s\u0105: Gminny O\u015brodek Kultury w Sadownem, Zesp\u00f3\u0142 Szk\u00f3\u0142 Ponadgimnazjalnych w Sadownem i Urz\u0105d Gminy w Sadownem, a g\u0142\u00f3wnym koordynatorem \u2013 p. Edward Herman.<\/p>\n<p style=\"text-align: justify;\">W tegorocznym XVI Plenerze Malarskim Artyst\u00f3w Plastyk\u00f3w w Sadownem bior\u0105 udzia\u0142 pp.: Regina Balinow, Barbara Brzostek, Gabriela Czarnecka, Wanda Falencik \u2013 Masznicz, Mariola Falkowska, Romana Freudenreich \u2013 \u015alubowska, Ma\u0142gorzata Wiktoria Gajewska \u2013 Margasi\u0144ska, El\u017cbieta Kaniecka \u2013 Siegoczy\u0144ska, Manuella Kornecka, Bo\u017cena Kr\u0119\u017celewska, Adam Kunikowski, Miros\u0142aw Miro\u0144ski, Magda Maria Niewiadomska, Danuta Rasi\u0144ska, Lidia Snitko \u2013 Pleszko i Krystyna Sommer.<\/p>\n<p style=\"text-align: justify;\">Na uroczystym wernisa\u017cu, w kt\u00f3rym uczestniczyli arty\u015bci, organizatorzy Pleneru i mieszka\u0144cy Sadownego, mieli\u015bmy okazj\u0119 obejrze\u0107 prace \u2013 efekty tego Pleneru, jak te\u017c poprzednich, gdy\u017c w tym roku postarano si\u0119 o podsumowanie kilkunastu tw\u00f3rczych pobyt\u00f3w artyst\u00f3w w naszej miejscowo\u015bci.<\/p>\n<p style=\"text-align: justify;\"><strong>Wystaw\u0119 poplenerow\u0105 mo\u017cna jeszcze ogl\u0105da\u0107 w dniu 17 czerwca. Serdecznie zapraszamy do Gminnego O\u015brodka Kultury w Sadownem.<\/strong><\/p>\n<p style=\"text-align: justify;\"><a href=\"https:\/\/photos.app.goo.gl\/PhNt28dY7dXg3fiH6\" target=\"_blank\" rel=\"noopener noreferrer\"><span style=\"color: #0000ff;\"><strong>Zdj\u0119cia w galerii Google&gt;&gt;&gt;<\/strong><\/span><\/a><\/p>\n<p style=\"text-align: justify;\"><strong>Tekst\/foto:<\/strong> S\u0142awek Chyli\u0144ski<\/p>\n","protected":false},"excerpt":{"rendered":"<p>16 czerwca w Gminnym O\u015brodku Kultury w Sadownem odby\u0142 si\u0119 wernisa\u017c wystawy, kt\u00f3ra podsumowuje XVI Plener Malarski Artyst\u00f3w Plastyk\u00f3w.<\/p>\n","protected":false},"author":1,"featured_media":0,"comment_status":"open","ping_status":"closed","sticky":false,"template":"","format":"standard","meta":{"footnotes":""},"categories":[5,91,6],"tags":[169,2064,2054],"class_list":["post-12740","post","type-post","status-publish","format-standard","hentry","category-newsy","category-gminny-osrodek-kultury","category-kultura-rozrywka-edukacja","tag-gminny-osrodek-kultury-w-sadownem","tag-wernisaz-wystawy-poplenerowej","tag-xvi-plener-malarski-w-sadownem"],"views":2967,"_links":{"self":[{"href":"http:\/\/info.sadowne.pl\/index.php?rest_route=\/wp\/v2\/posts\/12740","targetHints":{"allow":["GET"]}}],"collection":[{"href":"http:\/\/info.sadowne.pl\/index.php?rest_route=\/wp\/v2\/posts"}],"about":[{"href":"http:\/\/info.sadowne.pl\/index.php?rest_route=\/wp\/v2\/types\/post"}],"author":[{"embeddable":true,"href":"http:\/\/info.sadowne.pl\/index.php?rest_route=\/wp\/v2\/users\/1"}],"replies":[{"embeddable":true,"href":"http:\/\/info.sadowne.pl\/index.php?rest_route=%2Fwp%2Fv2%2Fcomments&post=12740"}],"version-history":[{"count":2,"href":"http:\/\/info.sadowne.pl\/index.php?rest_route=\/wp\/v2\/posts\/12740\/revisions"}],"predecessor-version":[{"id":23207,"href":"http:\/\/info.sadowne.pl\/index.php?rest_route=\/wp\/v2\/posts\/12740\/revisions\/23207"}],"wp:attachment":[{"href":"http:\/\/info.sadowne.pl\/index.php?rest_route=%2Fwp%2Fv2%2Fmedia&parent=12740"}],"wp:term":[{"taxonomy":"category","embeddable":true,"href":"http:\/\/info.sadowne.pl\/index.php?rest_route=%2Fwp%2Fv2%2Fcategories&post=12740"},{"taxonomy":"post_tag","embeddable":true,"href":"http:\/\/info.sadowne.pl\/index.php?rest_route=%2Fwp%2Fv2%2Ftags&post=12740"}],"curies":[{"name":"wp","href":"https:\/\/api.w.org\/{rel}","templated":true}]}}