{"id":12802,"date":"2016-06-21T19:12:37","date_gmt":"2016-06-21T17:12:37","guid":{"rendered":"http:\/\/www.infosadowne.boo.pl\/?p=12802"},"modified":"2016-06-21T22:06:45","modified_gmt":"2016-06-21T20:06:45","slug":"a-wiem-nazwal-szark","status":"publish","type":"post","link":"http:\/\/info.sadowne.pl\/?p=12802","title":{"rendered":"A nie wiem, kto nazwa\u0142 mnie Szark\u2026"},"content":{"rendered":"<p style=\"text-align: justify;\"><strong><img loading=\"lazy\" decoding=\"async\" class=\"alignleft size-thumbnail wp-image-12803\" src=\"http:\/\/www.info.sadowne.pl\/wp-content\/uploads\/2016\/06\/rowicki1-180x130.jpg\" alt=\"rowicki1\" width=\"180\" height=\"130\" \/>\u017bycie pe\u0142ne przyg\u00f3d, dozna\u0144, spe\u0142nionych marze\u0144 i\u2026 mog\u0142o jeszcze trwa\u0107 i trwa\u0107 \u2013 na razie kr\u00f3tkie wspomnienie o naszym rodaku, Janie Rowickim.<\/strong><!--more--><\/p>\n<p style=\"text-align: justify;\">Od kilku miesi\u0119cy \u201ewa\u0142kuje si\u0119\u201d temat spotkania, kt\u00f3re ma by\u0107 wspomnieniem o jednym z mieszka\u0144c\u00f3w naszej Gminy \u2013 Janie Rowickim. Mam nadziej\u0119, \u017ce tym razem uda si\u0119 doprowadzi\u0107 do prelekcji, pokazu zarejestrowanych na ta\u015bmach filmowych fragment\u00f3w z \u017cycia \u0142owcy przyg\u00f3d, kt\u00f3rymi mo\u017cna by\u0142oby zape\u0142ni\u0107 po brzegi niejedno CV przeci\u0119tnego cz\u0142owieka.<\/p>\n<p style=\"text-align: justify;\"><strong>Wracaj\u0105c do tematu spotkania<\/strong>, dobrze by\u0142oby zorganizowa\u0107 je jak najszybciej, by\u0107 mo\u017ce tu\u017c po wakacjach. Zapewne wzbudzi du\u017ce zainteresowanie, zw\u0142aszcza w\u015br\u00f3d naszej m\u0142odzie\u017cy, kt\u00f3ra nie tyle zg\u0142\u0119bia szkolny program w zakresie poznawania tajnik\u00f3w geografii, a wr\u0119cz jest g\u0142odna przyg\u00f3d i ciekawych opowie\u015bci o \u201ezdobywcach\u201d \u015bwiata. Zobaczymy!<\/p>\n<p style=\"text-align: justify;\"><strong>Mo\u017ce najpierw kilka s\u0142\u00f3w o bohaterze tego artyku\u0142u.<\/strong> Zacznijmy od tego, \u017ce zapewne ch\u0119tnie sam by odby\u0142 spotkanie z m\u0142odymi, przysz\u0142ymi podr\u00f3\u017cnikami, ale niestety\u2026 jego \u017cycie by\u0142o kr\u00f3tkie. Zaczynaj\u0105c od ko\u0144ca, od tego w\u0142a\u015bnie momentu, zacytujemy: <em>\u201e6 lipca 2000 r. w okolicach Jeziora Michigan nag\u0142y podmuch wiatru zwin\u0105\u0142 skrzyd\u0142o paralotni. Spadochron wpad\u0142 w korkoci\u0105g. Jan Rowicki spad\u0142 na ziemi\u0119. Zmar\u0142 nast\u0119pnego dnia w szpitalu. Jego prochy spocz\u0119\u0142y na cmentarzu w Sadownem\u201d<\/em>.<\/p>\n<p style=\"text-align: justify;\"><strong>Zapewne zaintrygowa\u0142em cz\u0119\u015b\u0107 z Pa\u0144stwa tym fragmentem z artyku\u0142u p. Dariusza Kuziaka, kt\u00f3ry pod znacz\u0105cym tytu\u0142em \u201eI\u015b\u0107 za marzeniem\u201d ukaza\u0142 si\u0119 kilka lat wstecz w Tygodniku Siedleckim.<\/strong> By\u0142o to wspomnienie o naszym bohaterze, o kt\u00f3rym opowiada\u0142 m\u0142odszy brat Jacek, obecnie mieszkaj\u0105cy w Sadownem. To w\u0142a\u015bnie na niego i jego opowie\u015bci liczymy w planowanym spotkaniu (m\u00f3wi\u0119 to w imieniu Gminnego O\u015brodka Kultury w Sadownem).<\/p>\n<p style=\"text-align: justify;\"><strong>Zacytuj\u0119 w tym miejscu jeszcze pewien fragment, kt\u00f3rym chcia\u0142bym przybli\u017cy\u0107 Pa\u0144stwu sylwetk\u0119 nie\u017cyj\u0105cego Jana:<\/strong> \u201e<em>Urodzi\u0142 si\u0119 21 czerwca 1951 r., wychowa\u0142 w P\u0142atkownicy \u2013 nad samym Bugiem\u2026 Bug wylewa\u0142, na brzegu sta\u0142y \u0142odzie, tak zwane pych\u00f3wki. Matce wyci\u0105gn\u0105\u0142 z szuflady prze\u015bcierad\u0142o, maszt z kawa\u0142ka \u017cerdzi i\u2026\u00a0 \u017ceglowa\u0142\u201d.<\/em> To wst\u0119p do realizacji marze\u0144, kt\u00f3re zacz\u0105\u0142 konsekwentnie spe\u0142nia\u0107, \u017cegluj\u0105c najpierw po mazurskich jeziorach i Ba\u0142tyku, a po emigracji w roku 80-tym \u2013 na Oceanie Indyjskim, Atlantyku.<\/p>\n<p style=\"text-align: justify;\"><em>\u201eW fabryce traktor\u00f3w (Perth w Australii) nie zagrza\u0142 d\u0142ugo miejsca. Wiosn\u0105 1983 r. pozna\u0142 dwoje polskich \u017ceglarzy, kt\u00f3rzy zjawili si\u0119 w Fremantle (portowa dzielnica Perth). W kwietniu wyp\u0142yn\u0105\u0142 z nimi do Reunion (francuskiej wyspy niedaleko Madagaskaru). By\u0142 to jego pierwszy oceaniczny rejs. Cyklon po\u0142o\u017cy\u0142 \u201eMatyld\u0119\u201d na wodzie. Zar\u00f3wno jacht i za\u0142oga dotar\u0142y do celu, jednak mocno kontuzjowani. W Reunion rozsta\u0142 si\u0119 z za\u0142og\u0105 \u201eMatyldy\u201d, ale z powrotem do Perth nie spieszy\u0142. Na zlecenie w\u0142a\u015bcicieli przeprowadza\u0142 jachty z portu do portu \u2013 mi\u0119dzy Afryk\u0105, Madagaskarem i drobniejszymi wyspami Oceanu Indyjskiego. Na Mauritiusie skompletowa\u0142 w\u0142asn\u0105, egzotyczn\u0105 za\u0142og\u0119: \u201eJeden by\u0142 Chi\u0144czykiem i mia\u0142 by\u0107 kucharzem, drugi \u2013 Francuzem. Obydwaj byli obywatelami Mauritiusa. W Durbanie dokoptowa\u0142em Alfiego \u2013 Murzyna, Iana \u2013 Nowozelandczyka i Cassie \u2013 Australijk\u0119. Razem reprezentowali\u015bmy pi\u0119\u0107 pa\u0144stw, cztery kontynenty i trzy rasy \u015bwiata. Niestety, z Alfim by\u0142y problemy. Najpierw okaza\u0142o si\u0119, \u017ce nie ma paszportu. Nie zna\u0142 swojego nazwiska, miejsca i daty urodzenia, ale mia\u0142 rodzic\u00f3w gdzie\u015b tam pod Johannesburgiem. Nie by\u0142o sensu odszukiwa\u0107 ich, wymy\u015blili\u015bmy mu nazwisko i miejsce urodzenia. Dat\u0119 ustalili\u015bmy na 4 lipca, a wiek na dwadzie\u015bcia osiem lat.\u201d<\/em><\/p>\n<p style=\"text-align: justify;\"><img loading=\"lazy\" decoding=\"async\" class=\"aligncenter size-full wp-image-12805\" src=\"http:\/\/www.info.sadowne.pl\/wp-content\/uploads\/2016\/06\/rowicki2.jpg\" alt=\"rowicki2\" width=\"604\" height=\"142\" srcset=\"http:\/\/info.sadowne.pl\/wp-content\/uploads\/2016\/06\/rowicki2.jpg 604w, http:\/\/info.sadowne.pl\/wp-content\/uploads\/2016\/06\/rowicki2-300x71.jpg 300w\" sizes=\"auto, (max-width: 604px) 100vw, 604px\" \/><\/p>\n<p style=\"text-align: justify;\"><strong>Jan Rowicki budowa\u0142 te\u017c w\u0142asny jacht, w Australii, ale z sentymentu do Ojczyzny i tradycji nazwa\u0142 go \u201ePi\u0142sudski\u201d.<\/strong> Wyposa\u017cenie go zaj\u0119\u0142o mu troch\u0119 czasu, gdy\u017c nowa pasja \u2013 latanie, odci\u0105ga\u0142a go od tej pracy. Pierwszy rejs i wizyta na Mauritiusie, gdzie\u2026 rafa koralowa zako\u0144czy\u0142a jego \u017cywot. By\u0142 i drugi jacht, ale po kilku latach. By\u0142a te\u017c ju\u017c Nowa Zelandia, Pacyfik, Polinezja Francuska, Tahiti, a na ko\u0144cu USA i Chicago. Nowy jacht \u201eMariposa\u201d sta\u0142 si\u0119 przyczynkiem do najd\u0142u\u017cszego w \u017cyciu rejsu: od Nowego Orleanu, przez Atlantyk, Kana\u0142 Panamski na Pacyfik \u2013 Galapagos, Markizy, Brisbane, Sydney, do portu w Cairns. Rok p\u00f3\u017aniej pop\u0142yn\u0105\u0142 jeszcze w ostatni rejs do Guam, a prze\u0142om tysi\u0105clecia sp\u0119dzi\u0142 na malutkiej wyspie za Now\u0105 Gwine\u0105, na kt\u00f3rej nie by\u0142o nawet pr\u0105du. Kilka miesi\u0119cy p\u00f3\u017aniej, to ju\u017c Jezioro Michigan i\u2026 nag\u0142y podmuch wiatru.<\/p>\n<p style=\"text-align: justify;\">Przyznaj\u0105 Pa\u0144stwo, \u017ce nawet skr\u00f3t fragmentu tak obfitego w wydarzenia \u017cycia jest obszerny. Zapewniam, \u017ce i tak pomini\u0119to tu niekt\u00f3re elementy opisu. Sk\u0105d to wszystko wiemy? No w\u0142a\u015bnie z jego wspomnie\u0144, kt\u00f3re, jak twierdzi brat Jacek, spisywa\u0142 w ostatnich latach, ze zdj\u0119\u0107, film\u00f3w, kt\u00f3re nakr\u0119ci\u0142. Bardzo ciekawe, wci\u0105gaj\u0105ce, pouczaj\u0105ce i jak\u017ce inne od naszego, codziennego \u017cycia.<\/p>\n<p style=\"text-align: justify;\"><strong>My\u015bl\u0119, \u017ce ch\u0119tnie pos\u0142uchamy o przygodach, losie na obczy\u017anie naszego rodaka \u2013 Jana Rowickiego, kt\u00f3rego pami\u0119ta jeszcze wielu mieszka\u0144c\u00f3w tej okolicy.<\/strong> Poczekamy na obiecane nam spotkanie, o kt\u00f3rym wspomnia\u0142em na pocz\u0105tku. Rodzina p. Jana przygotowa\u0142a te\u017c kr\u00f3tki, ale ciekawy film, kt\u00f3ry ukazuje ma\u0142y fragmencik jak\u017ce ciekawego \u017cycia osoby, kt\u00f3ra \u201eposz\u0142a za swoimi marzeniami\u201d.<\/p>\n<p style=\"text-align: justify;\"><strong>I jeszcze tylko jeden cytat:<\/strong> <em>\u201eZanim podj\u0105\u0142em prac\u0119, ju\u017c dano mi pseudonim. By\u0142 on zwi\u0105zany z moj\u0105 prac\u0105, ale niestety nie mia\u0142em nic do czynienia z rekinami, a nie wiem kto nazwa\u0142 mnie Szark (shark \u2013 rekin). Mam niestety takie francowate szcz\u0119\u015bcie, \u017ce pseudonimy przylega\u0142y do mnie lepiej, ni\u017c moje pospolite imi\u0119\u2026\u201d.<\/em><\/p>\n<p style=\"text-align: justify;\"><span style=\"color: #0000ff;\"><a style=\"color: #0000ff;\" href=\"https:\/\/www.youtube.com\/watch?v=tVNKNzDxBjM\" target=\"_blank\"><strong>Zach\u0119cam do obejrzenia filmu&gt;&gt;&gt;<\/strong><\/a><\/span><\/p>\n<p style=\"text-align: justify;\"><strong>Tekst:<\/strong> S\u0142awek Chyli\u0144ski<\/p>\n<p style=\"text-align: justify;\"><strong>\u0179r\u00f3d\u0142o:<\/strong> \u201eI\u015b\u0107 za marzeniami\u201d, Dariusz Kuziak, Tygodnik Siedlecki nr 11 z dn. 15.03.2009 r.<\/p>\n","protected":false},"excerpt":{"rendered":"<p>\u017bycie pe\u0142ne przyg\u00f3d, dozna\u0144, spe\u0142nionych marze\u0144 i\u2026 mog\u0142o jeszcze trwa\u0107 i trwa\u0107 \u2013 na razie kr\u00f3tkie wspomnienie o naszym rodaku, Janie Rowickim.<\/p>\n","protected":false},"author":1,"featured_media":0,"comment_status":"open","ping_status":"closed","sticky":false,"template":"","format":"standard","meta":{"footnotes":""},"categories":[5,91,6],"tags":[169,2073,2072],"class_list":["post-12802","post","type-post","status-publish","format-standard","hentry","category-newsy","category-gminny-osrodek-kultury","category-kultura-rozrywka-edukacja","tag-gminny-osrodek-kultury-w-sadownem","tag-isc-za-marzeniami","tag-jan-rowicki"],"views":3062,"_links":{"self":[{"href":"http:\/\/info.sadowne.pl\/index.php?rest_route=\/wp\/v2\/posts\/12802","targetHints":{"allow":["GET"]}}],"collection":[{"href":"http:\/\/info.sadowne.pl\/index.php?rest_route=\/wp\/v2\/posts"}],"about":[{"href":"http:\/\/info.sadowne.pl\/index.php?rest_route=\/wp\/v2\/types\/post"}],"author":[{"embeddable":true,"href":"http:\/\/info.sadowne.pl\/index.php?rest_route=\/wp\/v2\/users\/1"}],"replies":[{"embeddable":true,"href":"http:\/\/info.sadowne.pl\/index.php?rest_route=%2Fwp%2Fv2%2Fcomments&post=12802"}],"version-history":[{"count":3,"href":"http:\/\/info.sadowne.pl\/index.php?rest_route=\/wp\/v2\/posts\/12802\/revisions"}],"predecessor-version":[{"id":12808,"href":"http:\/\/info.sadowne.pl\/index.php?rest_route=\/wp\/v2\/posts\/12802\/revisions\/12808"}],"wp:attachment":[{"href":"http:\/\/info.sadowne.pl\/index.php?rest_route=%2Fwp%2Fv2%2Fmedia&parent=12802"}],"wp:term":[{"taxonomy":"category","embeddable":true,"href":"http:\/\/info.sadowne.pl\/index.php?rest_route=%2Fwp%2Fv2%2Fcategories&post=12802"},{"taxonomy":"post_tag","embeddable":true,"href":"http:\/\/info.sadowne.pl\/index.php?rest_route=%2Fwp%2Fv2%2Ftags&post=12802"}],"curies":[{"name":"wp","href":"https:\/\/api.w.org\/{rel}","templated":true}]}}