{"id":12833,"date":"2016-06-22T17:52:59","date_gmt":"2016-06-22T15:52:59","guid":{"rendered":"http:\/\/www.infosadowne.boo.pl\/?p=12833"},"modified":"2016-06-22T17:52:59","modified_gmt":"2016-06-22T15:52:59","slug":"gra-patriotyczna","status":"publish","type":"post","link":"http:\/\/info.sadowne.pl\/?p=12833","title":{"rendered":"Gra Patriotyczna"},"content":{"rendered":"<p style=\"text-align: justify;\"><strong><a href=\"http:\/\/www.info.sadowne.pl\/wp-content\/uploads\/2016\/06\/2016.06.22.31.jpg\" target=\"_blank\"><img loading=\"lazy\" decoding=\"async\" class=\"alignleft wp-image-12834 size-thumbnail\" src=\"http:\/\/www.info.sadowne.pl\/wp-content\/uploads\/2016\/06\/2016.06.22.31-180x130.jpg\" alt=\"2016.06.22.31\" width=\"180\" height=\"130\" \/><\/a>20 czerwca strzelcy z JS 5001 wsp\u00f3lnie z Niepubliczn\u0105 Szko\u0142\u0105 Podstawow\u0105 im. Janusza Korczaka w Ko\u0142odzi\u0105\u017cu organizowali Gr\u0119 Patriotyczn\u0105 po\u015bwi\u0119con\u0105 Cichociemnym Spadochroniarzom Armii Krajowej. <\/strong><!--more--><\/p>\n<p style=\"text-align: justify;\"><a href=\"http:\/\/www.info.sadowne.pl\/wp-content\/uploads\/2016\/06\/2016.06.22.32.jpg\" target=\"_blank\"><img loading=\"lazy\" decoding=\"async\" class=\"alignright wp-image-12835 size-thumbnail\" src=\"http:\/\/www.info.sadowne.pl\/wp-content\/uploads\/2016\/06\/2016.06.22.32-180x130.jpg\" alt=\"2016.06.22.32\" width=\"180\" height=\"130\" \/><\/a>G\u0142\u00f3wnym celem gry by\u0142o rozpowszechnienie wiedzy o Cichociemnych w\u015br\u00f3d uczni\u00f3w.<\/p>\n<p style=\"text-align: justify;\"><a href=\"http:\/\/www.info.sadowne.pl\/wp-content\/uploads\/2016\/06\/2016.06.22.33.jpg\" target=\"_blank\"><img loading=\"lazy\" decoding=\"async\" class=\"alignleft wp-image-12836 size-thumbnail\" src=\"http:\/\/www.info.sadowne.pl\/wp-content\/uploads\/2016\/06\/2016.06.22.33-180x130.jpg\" alt=\"2016.06.22.33\" width=\"180\" height=\"130\" \/><\/a>Go\u015bciem honorowym imprezy by\u0142 Pan Bogdan Rowi\u0144ski Prezes Zarz\u0105du Fundacji im. Cichociemnych Spadochroniarzy Armii Krajowej. Po zako\u0144czeniu gry Pan Bogdan Rowi\u0144ski przedstawi\u0142 histori\u0119 Cichociemnych Spadochroniarzy Armii Krajowej uczniom i strzelcom oraz wsp\u00f3lnie z Pani\u0105 Dyrektor Gra\u017cyn\u0105 Fr\u0105czek wr\u0119czyli nagrody dla najlepszych uczestnik\u00f3w gry.<\/p>\n<p style=\"text-align: justify;\"><strong><a href=\"http:\/\/www.info.sadowne.pl\/wp-content\/uploads\/2016\/06\/2016.06.22.34.jpg\" target=\"_blank\"><img loading=\"lazy\" decoding=\"async\" class=\"alignright wp-image-12837 size-thumbnail\" src=\"http:\/\/www.info.sadowne.pl\/wp-content\/uploads\/2016\/06\/2016.06.22.34-180x130.jpg\" alt=\"2016.06.22.34\" width=\"180\" height=\"130\" \/><\/a>Zdj\u0119cia na stronie <span style=\"color: #0000ff;\"><a style=\"color: #0000ff;\" href=\"http:\/\/www.spkolodziaz.szkolnastrona.pl\/p,14,aktualnosci\" target=\"_blank\">Niepublicznej Szko\u0142y Podstawowej w Ko\u0142odzia\u017cu&gt;&gt;&gt;<\/a><\/span><\/strong><\/p>\n<p style=\"text-align: justify;\"><strong>\u0179r\u00f3d\u0142a:<\/strong><\/p>\n<p style=\"text-align: justify;\"><a href=\"http:\/\/www.spkolodziaz.szkolnastrona.pl\/p,14,aktualnosci\" target=\"_blank\">http:\/\/www.spkolodziaz.szkolnastrona.pl\/p,14,aktualnosci<\/a><\/p>\n<p style=\"text-align: justify;\"><a href=\"https:\/\/www.facebook.com\/JednostkaStrzelecka5001\" target=\"_blank\">https:\/\/www.facebook.com\/JednostkaStrzelecka5001<\/a><\/p>\n","protected":false},"excerpt":{"rendered":"<p>20 czerwca strzelcy z JS 5001 wsp\u00f3lnie z Niepubliczn\u0105 Szko\u0142\u0105 Podstawow\u0105 im. Janusza Korczaka w Ko\u0142odzi\u0105\u017cu organizowali Gr\u0119 Patriotyczn\u0105 po\u015bwi\u0119con\u0105 Cichociemnym Spadochroniarzom Armii Krajowej.<\/p>\n","protected":false},"author":1,"featured_media":0,"comment_status":"open","ping_status":"closed","sticky":false,"template":"","format":"standard","meta":{"footnotes":""},"categories":[5,1752,645,42],"tags":[2043,519,1151],"class_list":["post-12833","post","type-post","status-publish","format-standard","hentry","category-newsy","category-edukacja","category-js-5001-strzelec","category-szkola-podstawowa-w-kolodziazu","tag-gra-patriotyczna-w-kolodziazu","tag-jednostka-strzelecka-5001","tag-niepubliczna-szkola-podstawowa-w-kolodziazu"],"views":3227,"_links":{"self":[{"href":"http:\/\/info.sadowne.pl\/index.php?rest_route=\/wp\/v2\/posts\/12833","targetHints":{"allow":["GET"]}}],"collection":[{"href":"http:\/\/info.sadowne.pl\/index.php?rest_route=\/wp\/v2\/posts"}],"about":[{"href":"http:\/\/info.sadowne.pl\/index.php?rest_route=\/wp\/v2\/types\/post"}],"author":[{"embeddable":true,"href":"http:\/\/info.sadowne.pl\/index.php?rest_route=\/wp\/v2\/users\/1"}],"replies":[{"embeddable":true,"href":"http:\/\/info.sadowne.pl\/index.php?rest_route=%2Fwp%2Fv2%2Fcomments&post=12833"}],"version-history":[{"count":1,"href":"http:\/\/info.sadowne.pl\/index.php?rest_route=\/wp\/v2\/posts\/12833\/revisions"}],"predecessor-version":[{"id":12838,"href":"http:\/\/info.sadowne.pl\/index.php?rest_route=\/wp\/v2\/posts\/12833\/revisions\/12838"}],"wp:attachment":[{"href":"http:\/\/info.sadowne.pl\/index.php?rest_route=%2Fwp%2Fv2%2Fmedia&parent=12833"}],"wp:term":[{"taxonomy":"category","embeddable":true,"href":"http:\/\/info.sadowne.pl\/index.php?rest_route=%2Fwp%2Fv2%2Fcategories&post=12833"},{"taxonomy":"post_tag","embeddable":true,"href":"http:\/\/info.sadowne.pl\/index.php?rest_route=%2Fwp%2Fv2%2Ftags&post=12833"}],"curies":[{"name":"wp","href":"https:\/\/api.w.org\/{rel}","templated":true}]}}