{"id":12898,"date":"2016-06-29T16:49:48","date_gmt":"2016-06-29T14:49:48","guid":{"rendered":"http:\/\/www.infosadowne.boo.pl\/?p=12898"},"modified":"2016-06-29T16:51:06","modified_gmt":"2016-06-29T14:51:06","slug":"ulani-juz-pielgrzymuja","status":"publish","type":"post","link":"http:\/\/info.sadowne.pl\/?p=12898","title":{"rendered":"U\u0142ani ju\u017c pielgrzymuj\u0105"},"content":{"rendered":"<p style=\"text-align: justify;\"><strong><a href=\"http:\/\/www.info.sadowne.pl\/wp-content\/uploads\/2016\/06\/2016.06.29.2.jpg\" target=\"_blank\"><img loading=\"lazy\" decoding=\"async\" class=\"alignleft wp-image-12899 size-thumbnail\" src=\"http:\/\/www.info.sadowne.pl\/wp-content\/uploads\/2016\/06\/2016.06.29.2-180x130.jpg\" alt=\"2016.06.29.2\" width=\"180\" height=\"130\" \/><\/a>29 czerwca przez teren Gminy Sadowne przejecha\u0142a konna pielgrzymka na Jasn\u0105 G\u00f3r\u0119.<\/strong><br \/>\n<!--more--><\/p>\n<p style=\"text-align: justify;\"><a href=\"http:\/\/www.info.sadowne.pl\/wp-content\/uploads\/2016\/06\/2016.06.29.3.jpg\" target=\"_blank\"><img loading=\"lazy\" decoding=\"async\" class=\"alignright wp-image-12900 size-thumbnail\" src=\"http:\/\/www.info.sadowne.pl\/wp-content\/uploads\/2016\/06\/2016.06.29.3-180x130.jpg\" alt=\"2016.06.29.3\" width=\"180\" height=\"130\" \/><\/a>Ju\u017c po raz siedemnasty z Zar\u0105b Ko\u015bcielnych wyruszy\u0142a Konna Pielgrzymka Kawaleryjska. Na dotarcie do Jasnej G\u00f3ry ma dwa tygodnie, a historia pielgrzymowania u\u0142an\u00f3w jest przebogata i warta g\u0142\u0119bszego przestudiowania &#8211; Internet zawiera wiele ciekawych opis\u00f3w na ten temat.<\/p>\n<p style=\"text-align: justify;\"><a href=\"http:\/\/www.info.sadowne.pl\/wp-content\/uploads\/2016\/06\/2016.06.29.4.jpg\" target=\"_blank\"><img loading=\"lazy\" decoding=\"async\" class=\"alignleft wp-image-12901 size-thumbnail\" src=\"http:\/\/www.info.sadowne.pl\/wp-content\/uploads\/2016\/06\/2016.06.29.4-180x130.jpg\" alt=\"2016.06.29.4\" width=\"180\" height=\"130\" \/><\/a>Uczestnicz\u0105 w niej u\u0142ani z X Pu\u0142ku U\u0142an\u00f3w Litewskich i pielgrzymuj\u0105c do Cz\u0119stochowy z modlitw\u0105 na ustach, pokonuj\u0105 jednocze\u015bnie szlakami u\u0142a\u0144skimi, w tym szwadronu majora Hubala.<\/p>\n<p style=\"text-align: justify;\"><a href=\"http:\/\/www.info.sadowne.pl\/wp-content\/uploads\/2016\/06\/2016.06.29.5.jpg\" target=\"_blank\"><img loading=\"lazy\" decoding=\"async\" class=\"alignright wp-image-12902 size-thumbnail\" src=\"http:\/\/www.info.sadowne.pl\/wp-content\/uploads\/2016\/06\/2016.06.29.5-180x130.jpg\" alt=\"2016.06.29.5\" width=\"180\" height=\"130\" \/><\/a>Pierwszego dnia pielgrzymki u\u0142ani w po\u0142udnie zawitali na msz\u0119 \u015bwi\u0119t\u0105 do Prostyni, gdzie podj\u0105\u0142 ich te\u017c obiadem, jak co roku, miejscowy proboszcz. Ch\u0119tnie odwiedzaj\u0105 r\u00f3wnie\u017c i to miejsce \u015bwi\u0119te.<\/p>\n<p style=\"text-align: justify;\"><a href=\"http:\/\/www.info.sadowne.pl\/wp-content\/uploads\/2016\/06\/2016.06.29.6.jpg\" target=\"_blank\"><img loading=\"lazy\" decoding=\"async\" class=\"alignleft wp-image-12903 size-thumbnail\" src=\"http:\/\/www.info.sadowne.pl\/wp-content\/uploads\/2016\/06\/2016.06.29.6-180x130.jpg\" alt=\"2016.06.29.6\" width=\"180\" height=\"130\" \/><\/a>A \u017ce konie i u\u0142ani nie znosz\u0105 g\u0142\u00f3wnych tras, ich podr\u00f3\u017c odbywa si\u0119 bocznymi drogami. Z Prostyni wkroczyli na teren Gminy Sadowne od strony Z\u0142otek, gdzie witali ich serdecznie mieszka\u0144cy.<\/p>\n<p style=\"text-align: justify;\">&#8230;<\/p>\n<p style=\"text-align: justify;\"><a href=\"http:\/\/www.info.sadowne.pl\/wp-content\/uploads\/2016\/06\/2016.06.29.7.jpg\" target=\"_blank\"><img loading=\"lazy\" decoding=\"async\" class=\"alignright wp-image-12904 size-thumbnail\" src=\"http:\/\/www.info.sadowne.pl\/wp-content\/uploads\/2016\/06\/2016.06.29.7-180x130.jpg\" alt=\"2016.06.29.7\" width=\"180\" height=\"130\" \/><\/a>Dalej duktami le\u015bnymi, kt\u00f3re omijaj\u0105 miejscowo\u015bci, kieruj\u0105 si\u0119 w stron\u0119 Stoczka. Tam odpoczynek, Apel Jasnog\u00f3rski i nocleg.<\/p>\n<p style=\"text-align: justify;\"><a href=\"http:\/\/www.info.sadowne.pl\/wp-content\/uploads\/2016\/06\/2016.06.29.8.jpg\" target=\"_blank\"><img loading=\"lazy\" decoding=\"async\" class=\"alignleft wp-image-12905 size-thumbnail\" src=\"http:\/\/www.info.sadowne.pl\/wp-content\/uploads\/2016\/06\/2016.06.29.8-180x130.jpg\" alt=\"2016.06.29.8\" width=\"180\" height=\"130\" \/><\/a>Nast\u0119pnego dnia przewiduj\u0105 dotrze\u0107 do Korytnicy.<\/p>\n<p style=\"text-align: justify;\"><strong>Tekst\/foto:<\/strong> S\u0142awek Chyli\u0144ski<\/p>\n","protected":false},"excerpt":{"rendered":"<p>29 czerwca przez teren Gminy Sadowne przejecha\u0142a konna pielgrzymka na Jasn\u0105 G\u00f3r\u0119.<\/p>\n","protected":false},"author":1,"featured_media":0,"comment_status":"open","ping_status":"closed","sticky":false,"template":"","format":"standard","meta":{"footnotes":""},"categories":[5,1],"tags":[2086,2085],"class_list":["post-12898","post","type-post","status-publish","format-standard","hentry","category-newsy","category-inne","tag-x-pulk-ulanow-litewskich","tag-xvii-konna-pielgrzymka-na-jasna-gore"],"views":3297,"_links":{"self":[{"href":"http:\/\/info.sadowne.pl\/index.php?rest_route=\/wp\/v2\/posts\/12898","targetHints":{"allow":["GET"]}}],"collection":[{"href":"http:\/\/info.sadowne.pl\/index.php?rest_route=\/wp\/v2\/posts"}],"about":[{"href":"http:\/\/info.sadowne.pl\/index.php?rest_route=\/wp\/v2\/types\/post"}],"author":[{"embeddable":true,"href":"http:\/\/info.sadowne.pl\/index.php?rest_route=\/wp\/v2\/users\/1"}],"replies":[{"embeddable":true,"href":"http:\/\/info.sadowne.pl\/index.php?rest_route=%2Fwp%2Fv2%2Fcomments&post=12898"}],"version-history":[{"count":10,"href":"http:\/\/info.sadowne.pl\/index.php?rest_route=\/wp\/v2\/posts\/12898\/revisions"}],"predecessor-version":[{"id":12915,"href":"http:\/\/info.sadowne.pl\/index.php?rest_route=\/wp\/v2\/posts\/12898\/revisions\/12915"}],"wp:attachment":[{"href":"http:\/\/info.sadowne.pl\/index.php?rest_route=%2Fwp%2Fv2%2Fmedia&parent=12898"}],"wp:term":[{"taxonomy":"category","embeddable":true,"href":"http:\/\/info.sadowne.pl\/index.php?rest_route=%2Fwp%2Fv2%2Fcategories&post=12898"},{"taxonomy":"post_tag","embeddable":true,"href":"http:\/\/info.sadowne.pl\/index.php?rest_route=%2Fwp%2Fv2%2Ftags&post=12898"}],"curies":[{"name":"wp","href":"https:\/\/api.w.org\/{rel}","templated":true}]}}