{"id":13159,"date":"2016-07-29T23:41:42","date_gmt":"2016-07-29T21:41:42","guid":{"rendered":"http:\/\/www.infosadowne.boo.pl\/?p=13159"},"modified":"2020-04-24T16:17:29","modified_gmt":"2020-04-24T14:17:29","slug":"wspanialy-koncert","status":"publish","type":"post","link":"http:\/\/info.sadowne.pl\/?p=13159","title":{"rendered":"Wspania\u0142y koncert!"},"content":{"rendered":"<p style=\"text-align: justify;\"><strong><img loading=\"lazy\" decoding=\"async\" class=\"alignleft size-thumbnail wp-image-13160\" src=\"http:\/\/www.info.sadowne.pl\/wp-content\/uploads\/2016\/07\/2016.07.29.1-180x130.jpg\" alt=\"2016.07.29.1\" width=\"180\" height=\"130\" \/>29 lipca sadowie\u0144ska publiczno\u015b\u0107 mia\u0142a okazj\u0119 uczestniczy\u0107 w koncercie muzyk\u00f3w z Ukrainy.<\/strong><!--more--><\/p>\n<p style=\"text-align: justify;\">P\u00f3\u017anym popo\u0142udniem Sala OSP w Sadownem zape\u0142ni\u0142a si\u0119 widzami, kt\u00f3rzy przybyli specjalnie na spotkanie z zespo\u0142ami muzycznymi z Ukrainy. Muzycy, pomi\u0119dzy licznymi koncertami i spotkaniami w ramach \u015awiatowych Dni M\u0142odzie\u017cy, na zaproszenie W\u00f3jta Gminy Sadowne p. Waldemara Cyrana przybyli r\u00f3wnie\u017c do Sadownego. Przywi\u00f3d\u0142 ich tu znany mentor muzyki, nie tylko lokalnej \u2013 p. Andrzej Suchenek, dyrektor \u0142ochowskiego Liceum. Na jego terenie od pewnego czasu goszcz\u0105 w\u0142a\u015bnie ukrai\u0144scy muzycy.<\/p>\n<p style=\"text-align: justify;\">W Sadownem zaprezentowa\u0142y si\u0119 dwa zespo\u0142y:<\/p>\n<p style=\"text-align: justify;\">&#8211; \u201eS\u0142oneczna Struna\u201d \u2013 \u017ce\u0144ski zesp\u00f3\u0142 muzyczny z Rejonu Kos\u00f3w na Ukrainie, kt\u00f3rym kieruje Swiet\u0142ana Lazovan, prezentuj\u0105cy pie\u015bni w j\u0119zyku ukrai\u0144skim i polskim, do kt\u00f3rych akompaniament \u015bpiewaj\u0105ce Panie wykonuj\u0105 na standardowym, ukrai\u0144skim instrumencie \u2013 bandurze,<\/p>\n<p style=\"text-align: justify;\">&#8211; \u201eDuet Bravo\u201d \u2013 dwaj muzycy, wirtuozi akordeonowi \u2013 Kita Zenowij i Wasyl \u0141uczak, kt\u00f3rzy wywalczyli I miejsce na mi\u0119dzynarodowym festiwalu muzyki na Ukrainie. Wyr\u00f3\u017cniaj\u0105 si\u0119 dynamiczn\u0105 prezentacj\u0105 akordeonowych wersji znanych i lubianych utwor\u00f3w muzycznych, kt\u00f3re porywaj\u0105 publiczno\u015b\u0107 do wsp\u00f3lnej zabawy.<\/p>\n<p style=\"text-align: justify;\">Przypomnimy tylko, i\u017c organizatorami pi\u0105tkowego koncertu byli: Starosta W\u0119growski, W\u00f3jt Gminy Sadowne i Gminny O\u015brodek Kultury w Sadownem. Muzycy natomiast, po wspania\u0142ym przyj\u0119ciu przez publiczno\u015b\u0107, wyjechali z Sadownego, ale\u2026 z obietnic\u0105 powrotu w niedalekiej przysz\u0142o\u015bci. Zapraszamy ponownie, ch\u0119tnie si\u0119 spotkamy!<\/p>\n<p style=\"text-align: justify;\"><a href=\"https:\/\/photos.app.goo.gl\/HKSUnxauJfwzMgYi9\" target=\"_blank\" rel=\"noopener noreferrer\"><span style=\"color: #0000ff;\"><strong>Zdj\u0119cia w galerii Google&gt;&gt;&gt;<\/strong><\/span><\/a><\/p>\n<p style=\"text-align: justify;\"><strong>Zobacz te\u017c filmy:<\/strong><\/p>\n<p style=\"text-align: justify;\"><span style=\"color: #0000ff;\"><a style=\"color: #0000ff;\" href=\"https:\/\/youtu.be\/ooJeCcxojog\" target=\"_blank\" rel=\"noopener noreferrer\"><strong>Koncert muzyk\u00f3w z Ukrainy \u2013 cz\u0119\u015b\u0107 I&gt;&gt;&gt;<\/strong><\/a><\/span><\/p>\n<p style=\"text-align: justify;\"><span style=\"color: #0000ff;\"><a style=\"color: #0000ff;\" href=\"https:\/\/youtu.be\/iDyTOCcrWIk\" target=\"_blank\" rel=\"noopener noreferrer\"><strong>Koncert muzyk\u00f3w z Ukrainy \u2013 cze\u015b\u0107 II&gt;&gt;&gt;<\/strong><\/a><\/span><\/p>\n<p style=\"text-align: justify;\"><strong>Tekst\/foto:<\/strong> S\u0142awek Chyli\u0144ski<\/p>\n","protected":false},"excerpt":{"rendered":"<p>29 lipca sadowie\u0144ska publiczno\u015b\u0107 mia\u0142a okazj\u0119 uczestniczy\u0107 w koncercie muzyk\u00f3w z Ukrainy.<\/p>\n","protected":false},"author":1,"featured_media":0,"comment_status":"open","ping_status":"closed","sticky":false,"template":"","format":"standard","meta":{"footnotes":""},"categories":[5,91,6],"tags":[169,2113],"class_list":["post-13159","post","type-post","status-publish","format-standard","hentry","category-newsy","category-gminny-osrodek-kultury","category-kultura-rozrywka-edukacja","tag-gminny-osrodek-kultury-w-sadownem","tag-koncert-muzykow-z-ukrainy"],"views":3094,"_links":{"self":[{"href":"http:\/\/info.sadowne.pl\/index.php?rest_route=\/wp\/v2\/posts\/13159","targetHints":{"allow":["GET"]}}],"collection":[{"href":"http:\/\/info.sadowne.pl\/index.php?rest_route=\/wp\/v2\/posts"}],"about":[{"href":"http:\/\/info.sadowne.pl\/index.php?rest_route=\/wp\/v2\/types\/post"}],"author":[{"embeddable":true,"href":"http:\/\/info.sadowne.pl\/index.php?rest_route=\/wp\/v2\/users\/1"}],"replies":[{"embeddable":true,"href":"http:\/\/info.sadowne.pl\/index.php?rest_route=%2Fwp%2Fv2%2Fcomments&post=13159"}],"version-history":[{"count":2,"href":"http:\/\/info.sadowne.pl\/index.php?rest_route=\/wp\/v2\/posts\/13159\/revisions"}],"predecessor-version":[{"id":23198,"href":"http:\/\/info.sadowne.pl\/index.php?rest_route=\/wp\/v2\/posts\/13159\/revisions\/23198"}],"wp:attachment":[{"href":"http:\/\/info.sadowne.pl\/index.php?rest_route=%2Fwp%2Fv2%2Fmedia&parent=13159"}],"wp:term":[{"taxonomy":"category","embeddable":true,"href":"http:\/\/info.sadowne.pl\/index.php?rest_route=%2Fwp%2Fv2%2Fcategories&post=13159"},{"taxonomy":"post_tag","embeddable":true,"href":"http:\/\/info.sadowne.pl\/index.php?rest_route=%2Fwp%2Fv2%2Ftags&post=13159"}],"curies":[{"name":"wp","href":"https:\/\/api.w.org\/{rel}","templated":true}]}}