{"id":13212,"date":"2016-08-08T14:44:16","date_gmt":"2016-08-08T12:44:16","guid":{"rendered":"http:\/\/www.infosadowne.boo.pl\/?p=13212"},"modified":"2016-08-08T15:18:03","modified_gmt":"2016-08-08T13:18:03","slug":"oj-oj-gra","status":"publish","type":"post","link":"http:\/\/info.sadowne.pl\/?p=13212","title":{"rendered":"Oj tam, oj tam. Wszystko gra &#8211; aktualizacja"},"content":{"rendered":"<p style=\"text-align: justify;\"><strong><a href=\"http:\/\/www.info.sadowne.pl\/wp-content\/uploads\/2016\/08\/2016.08.05.6.jpg\" target=\"_blank\"><img loading=\"lazy\" decoding=\"async\" class=\"alignleft wp-image-13213 size-thumbnail\" src=\"http:\/\/www.info.sadowne.pl\/wp-content\/uploads\/2016\/08\/2016.08.05.6-180x130.jpg\" alt=\"2016.08.05.6\" width=\"180\" height=\"130\" \/><\/a>Wszystko przecie\u017c gra, s\u0105 wakacje i jest wymarzona pogoda. A jak\u017ce!<\/strong><!--more--><\/p>\n<p style=\"text-align: justify;\">O kolejnym urlopie wakacyjnym i wyje\u017adzie w upatrzone miejsce marzymy ju\u017c zazwyczaj ko\u0144cz\u0105c poprzedni urlop. Ustalamy terminy, atrakcje i widzimy w wyobra\u017ani efekty naszego dobrego planu. I sprawdza si\u0119\u2026 zazwyczaj. W fazie planowania nie dopuszczamy do siebie my\u015bli o \u201ezawirowaniach\u201d w naszej uk\u0142adance i jeste\u015bmy bezwzgl\u0119dni w jej realizacji. Ale\u2026 to Polska przecie\u017c\u2026<\/p>\n<p style=\"text-align: justify;\"><strong>Co mo\u017ce i\u015b\u0107 nie tak, co mo\u017ce nam zepsu\u0107 misternie przygotowany plan urlopowy?<\/strong> <strong>Wiele!<\/strong><\/p>\n<p style=\"text-align: justify;\"><a href=\"http:\/\/www.info.sadowne.pl\/wp-content\/uploads\/2016\/08\/2016.08.05.1.jpg\" target=\"_blank\"><img loading=\"lazy\" decoding=\"async\" class=\"alignright wp-image-13214 size-medium\" src=\"http:\/\/www.info.sadowne.pl\/wp-content\/uploads\/2016\/08\/2016.08.05.1-300x214.jpg\" alt=\"2016.08.05.1\" width=\"300\" height=\"214\" srcset=\"http:\/\/info.sadowne.pl\/wp-content\/uploads\/2016\/08\/2016.08.05.1-300x214.jpg 300w, http:\/\/info.sadowne.pl\/wp-content\/uploads\/2016\/08\/2016.08.05.1.jpg 414w\" sizes=\"auto, (max-width: 300px) 100vw, 300px\" \/><\/a>Nasi rodacy, pytani o wra\u017cenia z pobytu w r\u00f3\u017cnych kurortach, maj\u0105 wiele do powiedzenia \u2013 dobrego, ale i przeciwnie \u2013\u00a0 us\u0142yszymy du\u017co wielkiego formatu anegdot, przyg\u00f3d i drobnych przyk\u0142ad\u00f3w, kt\u00f3re powiedzmy wprost: \u201edenerwuj\u0105, dra\u017cni\u0105 i ostatecznie \u2013 psuj\u0105 nam ca\u0142kowicie nasze wakacje\u201d.<\/p>\n<p style=\"text-align: justify;\">Jedni\u00a0 wska\u017c\u0105 za przyk\u0142ad towarzystwo, czyli dobrze znany \u201ePolak na wakacjach\u201d, inni nieodpowiednie warunki lokalowe, jedzenie, a pozostali np. gryz\u0105ce, wszechobecne owady lub tak\u017ce brak zasi\u0119gu Internetu czy sieci kom\u00f3rkowej.<\/p>\n<p style=\"text-align: justify;\"><strong><a href=\"http:\/\/www.info.sadowne.pl\/wp-content\/uploads\/2016\/08\/2016.08.05.2.jpg\" target=\"_blank\"><img loading=\"lazy\" decoding=\"async\" class=\"alignleft wp-image-13215 size-medium\" src=\"http:\/\/www.info.sadowne.pl\/wp-content\/uploads\/2016\/08\/2016.08.05.2-300x196.jpg\" alt=\"2016.08.05.2\" width=\"300\" height=\"196\" srcset=\"http:\/\/info.sadowne.pl\/wp-content\/uploads\/2016\/08\/2016.08.05.2-300x196.jpg 300w, http:\/\/info.sadowne.pl\/wp-content\/uploads\/2016\/08\/2016.08.05.2.jpg 565w\" sizes=\"auto, (max-width: 300px) 100vw, 300px\" \/><\/a>Oj tam, oj tam\u2026 wymy\u015blamy, szukamy dziury w ca\u0142ym.<\/strong> Chyba nie, ale jedna z takich niby drobnostek mo\u017ce zawa\u017cy\u0107 na naszym samopoczuciu, szcz\u0119\u015bciu, kt\u00f3rego osi\u0105gni\u0119cie zak\u0142adali\u015bmy podczas tworzenia naszego planu, harmonogramu urlopu. I co? Przenie\u015bmy to na nasz grunt!<\/p>\n<p style=\"text-align: justify;\">Wszem i wobec masmedia og\u0142aszaj\u0105, \u017ce przed nami fale upa\u0142\u00f3w i prawie jeszcze miesi\u0105c wakacji. \u017bar b\u0119dzie \u201ela\u0142 si\u0119 z nieba\u201d, mamy wolne, brak zaj\u0119cia, spragnieni jeste\u015bmy leniuchowania w dobrym towarzystwie, k\u0105pieli s\u0142onecznych i \u2026 wodnych. Zapragn\u0119li\u015bmy zrealizowa\u0107 to nie gdzie indziej, jak u nas, na wsi, w Sadownem, obok i w \u2013 basenie pe\u0142nym \u017ar\u00f3dlanej wody, ch\u0142odnej, koj\u0105cej skwar. Zaplanowali to te\u017c co niekt\u00f3rzy wczasowicze, krajanie. I co?<\/p>\n<p style=\"text-align: justify;\"><strong><a href=\"http:\/\/www.info.sadowne.pl\/wp-content\/uploads\/2016\/08\/2016.08.05.4.jpg\" target=\"_blank\"><img loading=\"lazy\" decoding=\"async\" class=\"alignright wp-image-13216 size-medium\" src=\"http:\/\/www.info.sadowne.pl\/wp-content\/uploads\/2016\/08\/2016.08.05.4-300x200.jpg\" alt=\"2016.08.05.4\" width=\"300\" height=\"200\" srcset=\"http:\/\/info.sadowne.pl\/wp-content\/uploads\/2016\/08\/2016.08.05.4-300x200.jpg 300w, http:\/\/info.sadowne.pl\/wp-content\/uploads\/2016\/08\/2016.08.05.4.jpg 783w\" sizes=\"auto, (max-width: 300px) 100vw, 300px\" \/><\/a>Oj tam, oj tam! Trzeba by\u0142o korzysta\u0107.<\/strong> Basen otworzy\u0142 swoje podwoje dla spragnionych k\u0105pieli z pocz\u0105tkiem wakacji i\u2026 je zamkn\u0105\u0142. Od kilku dni na tych \u201epodwojach\u201d wisi k\u0142\u00f3dka, a \u017car \u201esi\u0119 leje\u201d z nieba i leje si\u0119 te\u017c \u017cal, \u017ce\u2026 chyba kto\u015b zapomnia\u0142 o swoich obowi\u0105zkach i zostali\u015bmy bez basenu.<\/p>\n<p style=\"text-align: justify;\">O co chodzi? Co si\u0119 sta\u0142o? Proza? Brak ratownika? A gdzie jest? Gdzie sobie poszed\u0142? Mo\u017ce wr\u00f3ci? Kiedy? Mo\u017ce b\u0119dzie nowy? A mo\u017ce nie!<\/p>\n<p style=\"text-align: justify;\"><strong><a href=\"http:\/\/www.info.sadowne.pl\/wp-content\/uploads\/2016\/08\/2016.08.05.5.jpg\" target=\"_blank\"><img loading=\"lazy\" decoding=\"async\" class=\"alignleft wp-image-13217 size-medium\" src=\"http:\/\/www.info.sadowne.pl\/wp-content\/uploads\/2016\/08\/2016.08.05.5-300x200.jpg\" alt=\"2016.08.05.5\" width=\"300\" height=\"200\" srcset=\"http:\/\/info.sadowne.pl\/wp-content\/uploads\/2016\/08\/2016.08.05.5-300x200.jpg 300w, http:\/\/info.sadowne.pl\/wp-content\/uploads\/2016\/08\/2016.08.05.5.jpg 783w\" sizes=\"auto, (max-width: 300px) 100vw, 300px\" \/><\/a>Oj tam, oj tam, tyle lat sobie wszyscy radzili i korzystali z naturalnych zbiornik\u00f3w wodnych.<\/strong> Prawda, ale czasy chyba ju\u017c nie te same i tych zbiornik\u00f3w jako\u015b mniej, a cz\u0119sto s\u0105 okolone szczelnymi ogrodzeniami, kt\u00f3re ustawili prywatni, lokalni \u201eprzedsi\u0119biorcy\u201d, a za nimi teraz stoi te\u017c prawo. A\u017c strach si\u0119 ba\u0107 i jeszcze straszniej zaryzykowa\u0107 k\u0105piel. A rzeczki? Troch\u0119 pozarasta\u0142y i wody w nich jakby mniej. Ale przecie\u017c nie o to chodzi &#8211; mamy XXI wiek, albo si\u0119 myl\u0119!<\/p>\n<p style=\"text-align: justify;\"><strong><a href=\"http:\/\/www.info.sadowne.pl\/wp-content\/uploads\/2016\/08\/2016.08.05.3.jpg\" target=\"_blank\"><img loading=\"lazy\" decoding=\"async\" class=\"alignright wp-image-13218 size-medium\" src=\"http:\/\/www.info.sadowne.pl\/wp-content\/uploads\/2016\/08\/2016.08.05.3-300x194.jpg\" alt=\"2016.08.05.3\" width=\"300\" height=\"194\" srcset=\"http:\/\/info.sadowne.pl\/wp-content\/uploads\/2016\/08\/2016.08.05.3-300x194.jpg 300w, http:\/\/info.sadowne.pl\/wp-content\/uploads\/2016\/08\/2016.08.05.3.jpg 406w\" sizes=\"auto, (max-width: 300px) 100vw, 300px\" \/><\/a>Wszystko przecie\u017c gra<\/strong>, s\u0105 wakacje, zaplanowane i jest wymarzona pogoda, a \u017car? Nadal \u201eleje si\u0119 z nieba\u201d. I ten \u017cal\u2026 Oj tam, oj tam, to\u017c to lato. Tak musi by\u0107, a natury nie da si\u0119 oszuka\u0107. Ludzi chyba czasami raczej tak, ale ucz\u0105 si\u0119 na swoich b\u0142\u0119dach. My tu zostaniemy, a czy przyjezdni ponownie odwiedz\u0105 nasz kurort, ryzykuj\u0105c i maj\u0105c na wzgl\u0119dzie ewentualn\u0105, nag\u0142\u0105 korekt\u0119 plan\u00f3w urlopowych?\u00a0<strong>I tylko tej \u017ar\u00f3dlanej wody \u017cal.<\/strong><\/p>\n<p style=\"text-align: justify;\"><strong>\u017bycz\u0119 udanych wakacji!\u00a0<\/strong><\/p>\n<p style=\"text-align: justify;\"><strong>Tekst\/foto:<\/strong> S\u0142awek Chyli\u0144ski<\/p>\n<p style=\"text-align: justify;\"><span style=\"color: #ff0000;\"><strong>Komunikat Urz\u0119du Gminy Sadowne z dnia 8 sierpnia 2016 r.<\/strong><\/span><\/p>\n<p style=\"text-align: justify;\"><em>Urz\u0105d Gminy w Sadownem informuje, i\u017c z dniem 8 sierpnia zamyka basen k\u0105pielowy, ze wzgl\u0119du na brak zainteresowania z powodu niesprzyjaj\u0105cych warunk\u00f3w atmosferycznych.<\/em><\/p>\n<p style=\"text-align: justify;\"><strong>\u0179r\u00f3d\u0142o:\u00a0<\/strong><\/p>\n<p style=\"text-align: justify;\"><a href=\"http:\/\/www.sadowne.pl\/\" target=\"_blank\">http:\/\/www.sadowne.pl\/<\/a><\/p>\n<p><a href=\"https:\/\/www.facebook.com\/gsadowne\/?fref=nf\" target=\"_blank\">https:\/\/www.facebook.com\/gsadowne\/?fref=nf<\/a><\/p>\n","protected":false},"excerpt":{"rendered":"<p>Wszystko przecie\u017c gra, s\u0105 wakacje i jest wymarzona pogoda. A jak\u017ce!<\/p>\n","protected":false},"author":1,"featured_media":0,"comment_status":"open","ping_status":"closed","sticky":false,"template":"","format":"standard","meta":{"footnotes":""},"categories":[5,1],"tags":[2122,297],"class_list":["post-13212","post","type-post","status-publish","format-standard","hentry","category-newsy","category-inne","tag-basen-nieczynny","tag-basen-w-sadownem"],"views":3399,"_links":{"self":[{"href":"http:\/\/info.sadowne.pl\/index.php?rest_route=\/wp\/v2\/posts\/13212","targetHints":{"allow":["GET"]}}],"collection":[{"href":"http:\/\/info.sadowne.pl\/index.php?rest_route=\/wp\/v2\/posts"}],"about":[{"href":"http:\/\/info.sadowne.pl\/index.php?rest_route=\/wp\/v2\/types\/post"}],"author":[{"embeddable":true,"href":"http:\/\/info.sadowne.pl\/index.php?rest_route=\/wp\/v2\/users\/1"}],"replies":[{"embeddable":true,"href":"http:\/\/info.sadowne.pl\/index.php?rest_route=%2Fwp%2Fv2%2Fcomments&post=13212"}],"version-history":[{"count":4,"href":"http:\/\/info.sadowne.pl\/index.php?rest_route=\/wp\/v2\/posts\/13212\/revisions"}],"predecessor-version":[{"id":13225,"href":"http:\/\/info.sadowne.pl\/index.php?rest_route=\/wp\/v2\/posts\/13212\/revisions\/13225"}],"wp:attachment":[{"href":"http:\/\/info.sadowne.pl\/index.php?rest_route=%2Fwp%2Fv2%2Fmedia&parent=13212"}],"wp:term":[{"taxonomy":"category","embeddable":true,"href":"http:\/\/info.sadowne.pl\/index.php?rest_route=%2Fwp%2Fv2%2Fcategories&post=13212"},{"taxonomy":"post_tag","embeddable":true,"href":"http:\/\/info.sadowne.pl\/index.php?rest_route=%2Fwp%2Fv2%2Ftags&post=13212"}],"curies":[{"name":"wp","href":"https:\/\/api.w.org\/{rel}","templated":true}]}}