{"id":13461,"date":"2016-09-08T14:20:26","date_gmt":"2016-09-08T12:20:26","guid":{"rendered":"http:\/\/www.infosadowne.boo.pl\/?p=13461"},"modified":"2020-04-24T16:09:11","modified_gmt":"2020-04-24T14:09:11","slug":"dozynki-wojewodztwa-mazowieckiego-2016","status":"publish","type":"post","link":"http:\/\/info.sadowne.pl\/?p=13461","title":{"rendered":"Wieniec z Sadownego najlepszy!"},"content":{"rendered":"<p style=\"text-align: justify;\"><strong><a href=\"http:\/\/www.info.sadowne.pl\/wp-content\/uploads\/2016\/09\/2016.09.07.31.jpg\" target=\"_blank\" rel=\"noopener noreferrer\"><img loading=\"lazy\" decoding=\"async\" class=\"alignleft wp-image-13462 size-thumbnail\" src=\"http:\/\/www.info.sadowne.pl\/wp-content\/uploads\/2016\/09\/2016.09.07.31-180x130.jpg\" alt=\"2016.09.07.31\" width=\"180\" height=\"130\" \/><\/a>W dniu 4 wrze\u015bnia 2016 roku w Otwocku odby\u0142y si\u0119 Do\u017cynki Wojew\u00f3dztwa Mazowieckiego. Wieniec z Sadownego by\u0142 najlepszy.<\/strong><!--more--><\/p>\n<p style=\"text-align: justify;\"><strong>Delegacja powiatu w\u0119growskiego, bior\u0105ca udzia\u0142 w do\u017cynkach liczy\u0142a, 50 os\u00f3b. Przewodnicz\u0105c\u0105 Delegacji Do\u017cynkowej by\u0142a Bo\u017cena Gierej<\/strong> &#8211; Naczelnik Wydzia\u0142u \u015arodowiska, Rolnictwa i Budownictwa Starostwa Powiatowego w W\u0119growie, wraz z pracownikami.<\/p>\n<p style=\"text-align: justify;\"><strong>Powiatowymi Starostami Do\u017cynek byli Pa\u0144stwo Adam i Aneta Olton z miejscowo\u015bci Sadowne, gmina Sadowne.<\/strong>\u00a0Od 2005 roku prowadz\u0105 gospodarstwo rolne o powierzchni 65 ha. Zajmuj\u0105 si\u0119 w du\u017cej mierze hodowl\u0105 kr\u00f3w mlecznych \u2013 30 kr\u00f3w i 30 m\u0142odzie\u017cy oraz produkcj\u0105 roln\u0105. Ca\u0142a produkcja ro\u015blinna przeznaczona jest na zabezpieczenie bazy paszowej dla byd\u0142a.<\/p>\n<p style=\"text-align: justify;\"><strong><a href=\"http:\/\/www.info.sadowne.pl\/wp-content\/uploads\/2016\/09\/2016.09.07.32.jpg\" target=\"_blank\" rel=\"noopener noreferrer\"><img loading=\"lazy\" decoding=\"async\" class=\"alignright wp-image-13463 size-medium\" src=\"http:\/\/www.info.sadowne.pl\/wp-content\/uploads\/2016\/09\/2016.09.07.32-300x225.jpg\" alt=\"2016.09.07.32\" width=\"300\" height=\"225\" srcset=\"http:\/\/info.sadowne.pl\/wp-content\/uploads\/2016\/09\/2016.09.07.32-300x225.jpg 300w, http:\/\/info.sadowne.pl\/wp-content\/uploads\/2016\/09\/2016.09.07.32.jpg 800w\" sizes=\"auto, (max-width: 300px) 100vw, 300px\" \/><\/a>Wieniec Do\u017cynkowy zosta\u0142 wykonany przez Zesp\u00f3\u0142 \u201eSadowianki&#8221; z gminy Sadowne pod kierunkiem Pani Marianny Szymanik.<\/strong>\u00a0Zesp\u00f3\u0142 od wielu pokole\u0144 kultywuje tradycje wicia\u00a0wie\u0144cy i popularyzuje ludow\u0105 tw\u00f3rczo\u015b\u0107 artystyczn\u0105. Przewodnicz\u0105c\u0105 zespo\u0142u jest Pani Krystyna Wetoszka. Wieniec zosta\u0142 uwity w spos\u00f3b tradycyjny z naturalnych materia\u0142\u00f3w takich, jak: k\u0142osy zb\u00f3\u017c (\u017cyto, pszenica, owies dwukolorowy i j\u0119czmie\u0144), proso, gryka. U\u017cyto r\u00f3wnie\u017c wielu gatunk\u00f3w zi\u00f3\u0142 (chwastnica, wrotycz pospolity, barwinek, borowina, trawy, dziurawiec, pio\u0142un, mi\u0119ta, lipa, aronia) i kwiat\u00f3w, a tak\u017ce jarz\u0119biny, kt\u00f3ra jest nieodzownym elementem towarzysz\u0105cym \u017cniwom oraz sosna, wrzos i owoce.<\/p>\n<p style=\"text-align: justify;\">Zesp\u00f3\u0142 \u201eSadowianki&#8221; bierze udzia\u0142 w do\u017cynkach parafialno &#8211; gminnych, diecezjalnych\u00a0i wojew\u00f3dzkich, jak r\u00f3wnie\u017c w Mazowieckim \u015awi\u0119cie Chleba. Zesp\u00f3\u0142 kultywuje tradycje swoich przodk\u00f3w, mi\u0119dzy innymi wicie wie\u0144cy do\u017cynkowych.<\/p>\n<p style=\"text-align: justify;\">Po Mszy \u015aw. uczestnicy \u0142amali si\u0119 wsp\u00f3lnie chlebem do\u017cynkowym. Podczas cz\u0119\u015bci oficjalnej wr\u0119czono odznaczenia pa\u0144stwowe i bran\u017cowe. Rozstrzygni\u0119to r\u00f3wnie\u017c konkurs na naj\u0142adniejszy wieniec do\u017cynkowy w stylu tradycyjnym, gdzie:<\/p>\n<p style=\"text-align: justify;\"><strong>I miejsce<\/strong>\u00a0 <strong>zaj\u0105\u0142 Powiat W\u0119growski, <\/strong>II miejsce &#8211; Powiat Gostyni\u0144ski, a\u00a0III miejsce &#8211; Powiat Zwole\u0144ski. Wr\u0119czono r\u00f3wnie\u017c 3 wyr\u00f3\u017cnienia: Powiat Nowodworski, Powiat Ciechanowski i Powiat Ostro\u0142\u0119cki.<\/p>\n<p style=\"text-align: justify;\">7 wrze\u015bnia, podczas Sesji Rady Powiatu, Starosta W\u0119growski Krzysztof Fedorczyk wraz z Wicestarost\u0105 Halin\u0105 Uli\u0144sk\u0105, pracownikami Wydzia\u0142u \u015arodowiska, Rolnictwa i Budownictwa wr\u0119czy\u0142 podzi\u0119kowania wraz z upominkami Starostom Do\u017cynek Powiatu W\u0119growskiego Pa\u0144stwu Anecie i Adamowi Olton z Sadownego oraz Paniom z zespo\u0142u \u201eSadowianki\u201d, kt\u00f3re wykona\u0142y Powiatowy Wieniec Do\u017cynkowy.<\/p>\n<p style=\"text-align: justify;\"><span style=\"color: #0000ff;\"><strong><a href=\"https:\/\/photos.app.goo.gl\/B6qBAAqbnZVMUFuC8\" target=\"_blank\" rel=\"noopener noreferrer\">Zdj\u0119cia w galerii Google&gt;&gt;&gt; \u00a0<\/a> \u00a0 \u00a0 \u00a0<\/strong><\/span><\/p>\n<p style=\"text-align: justify;\"><strong>Tekst\/foto: Starostwo Powiatowe w W\u0119growie<\/strong><\/p>\n","protected":false},"excerpt":{"rendered":"<p>W dniu 4 wrze\u015bnia 2016 roku w Otwocku odby\u0142y si\u0119 Do\u017cynki Wojew\u00f3dztwa Mazowieckiego. Wieniec z Sadownego by\u0142 najlepszy.<\/p>\n","protected":false},"author":1,"featured_media":0,"comment_status":"open","ping_status":"closed","sticky":false,"template":"","format":"standard","meta":{"footnotes":""},"categories":[5,2149,6],"tags":[2158,2157,198,960],"class_list":["post-13461","post","type-post","status-publish","format-standard","hentry","category-newsy","category-gminna-biblioteka-publiczna","category-kultura-rozrywka-edukacja","tag-dozynki","tag-dozynki-wojewodztwa-mazowieckiego-2016","tag-starostwo-powiatowe-w-wegrowie","tag-zespol-spiewaczy-sadowianki"],"views":3688,"_links":{"self":[{"href":"http:\/\/info.sadowne.pl\/index.php?rest_route=\/wp\/v2\/posts\/13461","targetHints":{"allow":["GET"]}}],"collection":[{"href":"http:\/\/info.sadowne.pl\/index.php?rest_route=\/wp\/v2\/posts"}],"about":[{"href":"http:\/\/info.sadowne.pl\/index.php?rest_route=\/wp\/v2\/types\/post"}],"author":[{"embeddable":true,"href":"http:\/\/info.sadowne.pl\/index.php?rest_route=\/wp\/v2\/users\/1"}],"replies":[{"embeddable":true,"href":"http:\/\/info.sadowne.pl\/index.php?rest_route=%2Fwp%2Fv2%2Fcomments&post=13461"}],"version-history":[{"count":9,"href":"http:\/\/info.sadowne.pl\/index.php?rest_route=\/wp\/v2\/posts\/13461\/revisions"}],"predecessor-version":[{"id":23192,"href":"http:\/\/info.sadowne.pl\/index.php?rest_route=\/wp\/v2\/posts\/13461\/revisions\/23192"}],"wp:attachment":[{"href":"http:\/\/info.sadowne.pl\/index.php?rest_route=%2Fwp%2Fv2%2Fmedia&parent=13461"}],"wp:term":[{"taxonomy":"category","embeddable":true,"href":"http:\/\/info.sadowne.pl\/index.php?rest_route=%2Fwp%2Fv2%2Fcategories&post=13461"},{"taxonomy":"post_tag","embeddable":true,"href":"http:\/\/info.sadowne.pl\/index.php?rest_route=%2Fwp%2Fv2%2Ftags&post=13461"}],"curies":[{"name":"wp","href":"https:\/\/api.w.org\/{rel}","templated":true}]}}