{"id":13701,"date":"2016-09-27T19:49:11","date_gmt":"2016-09-27T17:49:11","guid":{"rendered":"http:\/\/www.infosadowne.boo.pl\/?p=13701"},"modified":"2016-09-27T19:49:11","modified_gmt":"2016-09-27T17:49:11","slug":"troche-cukinii-troche-dyni","status":"publish","type":"post","link":"http:\/\/info.sadowne.pl\/?p=13701","title":{"rendered":"Troch\u0119 cukinii, troch\u0119 dyni\u2026"},"content":{"rendered":"<p style=\"text-align: justify;\"><strong><img loading=\"lazy\" decoding=\"async\" class=\"alignleft size-thumbnail wp-image-6493\" src=\"http:\/\/www.info.sadowne.pl\/wp-content\/uploads\/2014\/10\/2014.10.05.1-180x130.jpg\" alt=\"2014.10.05.1\" width=\"180\" height=\"130\" \/>W ogrodach by\u0107 mo\u017ce pozosta\u0142y nam jeszcze dynie i cukinie. Jak je wykorzysta\u0107?<\/strong><!--more--><\/p>\n<p style=\"text-align: justify;\"><span style=\"color: #0000ff;\"><strong>Ketchup z cukinii<\/strong><\/span><\/p>\n<p style=\"text-align: justify;\"><strong>Sk\u0142adniki:<\/strong><\/p>\n<p style=\"text-align: justify;\"><img loading=\"lazy\" decoding=\"async\" class=\"alignright size-medium wp-image-13702\" src=\"http:\/\/www.info.sadowne.pl\/wp-content\/uploads\/2016\/09\/2016.09.27.22-300x186.jpg\" alt=\"2016-09-27-22\" width=\"300\" height=\"186\" srcset=\"http:\/\/info.sadowne.pl\/wp-content\/uploads\/2016\/09\/2016.09.27.22-300x186.jpg 300w, http:\/\/info.sadowne.pl\/wp-content\/uploads\/2016\/09\/2016.09.27.22.jpg 477w\" sizes=\"auto, (max-width: 300px) 100vw, 300px\" \/>&#8211; 4 kg cukinii<\/p>\n<p style=\"text-align: justify;\">&#8211; 2 kg pomidor\u00f3w<\/p>\n<p style=\"text-align: justify;\">&#8211; 1 kg papryki czerwonej<\/p>\n<p style=\"text-align: justify;\">&#8211; 1 kg cebuli<\/p>\n<p style=\"text-align: justify;\">&#8211; 5 z\u0105bk\u00f3w czosnku<\/p>\n<p style=\"text-align: justify;\">&#8211; \u00bd szklanki soli<\/p>\n<p style=\"text-align: justify;\">&#8211; 2 szklanki cukru<\/p>\n<p style=\"text-align: justify;\">&#8211; 2 \u0142y\u017cki s\u0142odkiej papryki<\/p>\n<p style=\"text-align: justify;\">&#8211; 1 \u0142y\u017ceczka chilli<\/p>\n<p style=\"text-align: justify;\">&#8211; 1 \u0142y\u017cka pieprzu<\/p>\n<p style=\"text-align: justify;\">&#8211; 2 s\u0142oiczki koncentratu pomidorowego<\/p>\n<p style=\"text-align: justify;\">&#8211; 1 szklanka octu 10%<\/p>\n<p style=\"text-align: justify;\"><strong>Wykonanie:<\/strong><\/p>\n<p style=\"text-align: justify;\">Cukini\u0119 zetrze\u0107 na tarce o grubych oczkach, ods\u0105czy\u0107. Pozosta\u0142e warzywa drobno pokroi\u0107 i razem z cukini\u0105 prze\u0142o\u017cy\u0107 do garnka. Gotowa\u0107 do mi\u0119kko\u015bci, zblendowa\u0107 i jeszcze gor\u0105ce prze\u0142o\u017cy\u0107 do ma\u0142ych s\u0142oik\u00f3w, kt\u00f3re nast\u0119pnie pasteryzowa\u0107 przez 15 minut w temperaturze 90 st. C.<\/p>\n<p style=\"text-align: justify;\"><span style=\"color: #0000ff;\"><strong>Z\u0142ocista nutella z dyni<\/strong><\/span><\/p>\n<p style=\"text-align: justify;\"><strong>Sk\u0142adniki:<\/strong><\/p>\n<p style=\"text-align: justify;\"><img loading=\"lazy\" decoding=\"async\" class=\"alignright size-medium wp-image-13703\" src=\"http:\/\/www.info.sadowne.pl\/wp-content\/uploads\/2016\/09\/2016.09.27.21-300x221.jpg\" alt=\"2016-09-27-21\" width=\"300\" height=\"221\" srcset=\"http:\/\/info.sadowne.pl\/wp-content\/uploads\/2016\/09\/2016.09.27.21-300x221.jpg 300w, http:\/\/info.sadowne.pl\/wp-content\/uploads\/2016\/09\/2016.09.27.21.jpg 680w\" sizes=\"auto, (max-width: 300px) 100vw, 300px\" \/>&#8211; dynia \u2013 1 kg<\/p>\n<p style=\"text-align: justify;\">&#8211; cukier \u2013 200 g<\/p>\n<p style=\"text-align: justify;\">&#8211; mleko skondensowane \u2013 \u00bd puszki<\/p>\n<p style=\"text-align: justify;\">&#8211; bia\u0142a czekolada<\/p>\n<p style=\"text-align: justify;\">&#8211; cukier waniliowy \u2013 1 op.<\/p>\n<p style=\"text-align: justify;\"><strong>Wykonanie:<\/strong><\/p>\n<p style=\"text-align: justify;\">Dyni\u0119 pieczemy w temp. 200 st. C przez 15 minut, miksujemy na puree. Nast\u0119pnie zasypujemy cukrem i gotujemy jeszcze 20 minut. Dodajemy mleko skondensowane i czekolad\u0119. Przek\u0142adamy do s\u0142oik\u00f3w. Pasteryzujemy 15 minut.<\/p>\n<p style=\"text-align: justify;\"><span style=\"color: #0000ff;\"><strong>Czekoladowa nutella ze \u015bliwek<\/strong><\/span><\/p>\n<p style=\"text-align: justify;\"><strong>Sk\u0142adniki:<\/strong><\/p>\n<p style=\"text-align: justify;\"><img loading=\"lazy\" decoding=\"async\" class=\"alignright size-medium wp-image-13704\" src=\"http:\/\/www.info.sadowne.pl\/wp-content\/uploads\/2016\/09\/2016.09.27.23-300x198.jpg\" alt=\"2016-09-27-23\" width=\"300\" height=\"198\" srcset=\"http:\/\/info.sadowne.pl\/wp-content\/uploads\/2016\/09\/2016.09.27.23-300x198.jpg 300w, http:\/\/info.sadowne.pl\/wp-content\/uploads\/2016\/09\/2016.09.27.23.jpg 740w\" sizes=\"auto, (max-width: 300px) 100vw, 300px\" \/>&#8211; 2,5 kg \u015bliwek w\u0119gierek<\/p>\n<p style=\"text-align: justify;\">&#8211; 1 kg cukru<\/p>\n<p style=\"text-align: justify;\">&#8211; 5-6 \u0142y\u017ceczek kakao<\/p>\n<p style=\"text-align: justify;\"><strong>Wykonanie:<\/strong><\/p>\n<p style=\"text-align: justify;\">\u015aliwki blend ujemy, dosypujemy cukier, kakao i ca\u0142o\u015b\u0107 sma\u017cymy ok. 2 godziny na ma\u0142ym ogniu. Przek\u0142adamy do s\u0142oik\u00f3w i pasteryzujemy 15 minut.<\/p>\n","protected":false},"excerpt":{"rendered":"<p>W ogrodach by\u0107 mo\u017ce pozosta\u0142y nam jeszcze dynie i cukinie. Jak je wykorzysta\u0107?<\/p>\n","protected":false},"author":1,"featured_media":0,"comment_status":"open","ping_status":"closed","sticky":false,"template":"","format":"standard","meta":{"footnotes":""},"categories":[5,1407,181,1683],"tags":[2191,2190,139,2192],"class_list":["post-13701","post","type-post","status-publish","format-standard","hentry","category-newsy","category-w-domu-i-ogrodzie","category-kulinaria","category-przetwory","tag-cukinia","tag-dynia","tag-przepisy-kulinarne","tag-sliwki-wegierki"],"views":2894,"_links":{"self":[{"href":"http:\/\/info.sadowne.pl\/index.php?rest_route=\/wp\/v2\/posts\/13701","targetHints":{"allow":["GET"]}}],"collection":[{"href":"http:\/\/info.sadowne.pl\/index.php?rest_route=\/wp\/v2\/posts"}],"about":[{"href":"http:\/\/info.sadowne.pl\/index.php?rest_route=\/wp\/v2\/types\/post"}],"author":[{"embeddable":true,"href":"http:\/\/info.sadowne.pl\/index.php?rest_route=\/wp\/v2\/users\/1"}],"replies":[{"embeddable":true,"href":"http:\/\/info.sadowne.pl\/index.php?rest_route=%2Fwp%2Fv2%2Fcomments&post=13701"}],"version-history":[{"count":1,"href":"http:\/\/info.sadowne.pl\/index.php?rest_route=\/wp\/v2\/posts\/13701\/revisions"}],"predecessor-version":[{"id":13705,"href":"http:\/\/info.sadowne.pl\/index.php?rest_route=\/wp\/v2\/posts\/13701\/revisions\/13705"}],"wp:attachment":[{"href":"http:\/\/info.sadowne.pl\/index.php?rest_route=%2Fwp%2Fv2%2Fmedia&parent=13701"}],"wp:term":[{"taxonomy":"category","embeddable":true,"href":"http:\/\/info.sadowne.pl\/index.php?rest_route=%2Fwp%2Fv2%2Fcategories&post=13701"},{"taxonomy":"post_tag","embeddable":true,"href":"http:\/\/info.sadowne.pl\/index.php?rest_route=%2Fwp%2Fv2%2Ftags&post=13701"}],"curies":[{"name":"wp","href":"https:\/\/api.w.org\/{rel}","templated":true}]}}