{"id":13768,"date":"2024-09-14T17:00:36","date_gmt":"2024-09-14T15:00:36","guid":{"rendered":"http:\/\/www.infosadowne.boo.pl\/?p=13768"},"modified":"2024-09-14T17:15:06","modified_gmt":"2024-09-14T15:15:06","slug":"kosciol","status":"publish","type":"post","link":"http:\/\/info.sadowne.pl\/?p=13768","title":{"rendered":"Troch\u0119 o historii sadowie\u0144skiej Parafii"},"content":{"rendered":"<p style=\"text-align: justify;\"><strong><img loading=\"lazy\" decoding=\"async\" class=\"alignleft size-thumbnail wp-image-15707\" src=\"http:\/\/www.info.sadowne.pl\/wp-content\/uploads\/2016\/10\/2016.04.08.10-180x130.jpg\" alt=\"\" width=\"180\" height=\"130\" \/>Obchody 500-lecia Parafii pw. \u015bw. Jana Chrzciciela w Sadownem to wa\u017cne wydarzenie dla nas wszystkich &#8211; niech stanie si\u0119 ono okazj\u0105 do szczeg\u00f3\u0142owszego przypomnienia Jej historii.<\/strong><!--more--><\/p>\n<p style=\"text-align: justify;\">O sadowe\u0144skiej parafii i obecnym ko\u015bciele, kt\u00f3ry g\u00f3ruje nad nasz\u0105 miejscowo\u015bci\u0105, mo\u017cna by m\u00f3wi\u0107 wiele. Pisali\u015bmy na ten temat w wielu artyku\u0142ach i cytowali\u015bmy fragmenty ksi\u0105\u017cek cho\u0107by p. Edwarda S\u00f3wki czy p. Andrzeja Firewicza. Opisy znalaz\u0142y si\u0119 r\u00f3wnie\u017c przy okazji wydarze\u0144 ko\u015bcielnych, a tak\u017ce gminnych, kt\u00f3re cz\u0119sto s\u0105 wsp\u00f3\u0142organizowane z nasz\u0105 parafi\u0105. Zach\u0119camy Pa\u0144stwa do lektury tych publikacji na naszej stronie.<\/p>\n<p style=\"text-align: justify;\"><strong><span style=\"text-decoration: underline;\">Ale przytoczymy te\u017c fragmenty pewnych publikacji.<\/span><\/strong><\/p>\n<p style=\"text-align: justify;\"><strong>Po pierwsze: \u201eZarys historii parafii pw. \u015bw. Jana Chrzciciela w Sadownem\u201d wg ks. Zbigniewa Rostkowskiego:<\/strong><\/p>\n<p style=\"text-align: justify;\"><em>Wie\u015b Sadowne wchodzi\u0142a w sk\u0142ad d\u00f3br ra\u017cnie\u0144skich, stanowi\u0105cych od 1404 r. uposa\u017cenie Kapitu\u0142y Kolegiaty Warszawskiej \u015bw. Jana Chrzciciela (od 1434 do 1795 r.). W 1514 r. kapitu\u0142a ta ustanowi\u0142a w\u00f3jtostwo w Sadownem, nadaj\u0105c mu dwie w\u0142\u00f3ki ziemi. Wie\u015b pocz\u0105tkowo nale\u017ca\u0142a do parafii Brok. Jednak z powodu du\u017cych trudno\u015bci i niebezpiecze\u0144stw, na jakie byli nara\u017ceni wierni zd\u0105\u017caj\u0105cy do ko\u015bcio\u0142a w Broku, zaistnia\u0142a potrzeba lokacji nowej \u015bwi\u0105tyni. Kapitu\u0142a na posiedzeniu generalnym 10 kwietnia 1524 r., czyli w II niedziel\u0119 po Wielkanocy 1524 r. wyda\u0142a dokument fundacyjny i uposa\u017ceniowy dla ko\u015bcio\u0142a i proboszcza w Sadownem, w dekanacie kamie\u0144czykowskim. Nadano w\u00f3wczas plebanowi: cztery w\u0142\u00f3ki ziemi, dziesi\u0119ciny z Ko\u0142odzi\u0105\u017ca i Sadownego, prawo do \u0142owienia ryb w Bugu oraz stawie zwanym Ja\u017a i korzystania z las\u00f3w. W tej te\u017c sprawie we czwartek po \u015bw. Bart\u0142omieju &#8211; 26 sierpnia 1524 r. &#8211; przed Konsystorzem Archidiakonatu Pu\u0142tuskiego, a tak\u017ce przed ks. Rafa\u0142em Leszczy\u0144skim (zm. 24 marca 1527 r.), biskupem p\u0142ockim (1523-1527), stawi\u0142 si\u0119 delegat Kapitu\u0142y &#8211; ks. kan. Stanis\u0142aw Boniecki h. Bo\u0144cza (zm. po 1558 r.), proboszcz stromecki, przasnyski i radwankowski, kt\u00f3ry pe\u0142ni\u0142 jednocze\u015bnie funkcje pisarza ziemskiego czerskiego (1515 r.) oraz scholastyka i oficja\u0142a warszawskiego (1538 r.). Na jego wniosek, a tak\u017ce drugiego delegata Kapitu\u0142y ks. Miko\u0142aja \u017bukowskiego, kanonika p\u0142ockiego zosta\u0142 wydany w Pu\u0142tusku 13 wrze\u015bnia 1524 r. akt erekcyjny ko\u015bcio\u0142a w Sadownem.\u00a0<\/em><br \/>\n<em> Pierwszy &#8211; ma\u0142y, drewniany ko\u015bci\u00f3\u0142 pw. \u015bw. Jana Chrzciciela i \u015bw. Miko\u0142aja Biskupa wzni\u00f3s\u0142 w latach 1524-1525 delegat Kapitu\u0142y Warszawskiej ks. kan. Stanis\u0142aw Boniecki, kt\u00f3ry w tym czasie mieszka\u0142 w Mrozowej Woli (dawniej Ugoszcz oraz Mros Nowa) i zarz\u0105dza\u0142 dobrami ra\u017anie\u0144skimi. Po\u015bwi\u0119cenie \u015bwi\u0105tyni odby\u0142o si\u0119 przy udziale prawie ca\u0142ej Kapitu\u0142y w maju 1525 r. Pierwszym plebanem zosta\u0142 mianowany 6 pa\u017adziernika 1525 r. ks. Jan Drogoszewski z Drogoszewa (prob. 1524-1530). Kolejnym by\u0142 ks. Jan Podd\u0119bek. Na wniosek innego plebana &#8211; ks. Walentego Jeziorkowskiego (prob. 1560-1581) w 1580 r. Kapitu\u0142a warszawska poszerzy\u0142a wcze\u015bniejsze uposa\u017cenia ko\u015bcio\u0142a sadowie\u0144skiego, a 100 lat p\u00f3\u017aniej sprowadzi\u0142a tutaj wielu osadnik\u00f3w zwanych Kurpiami.\u00a0<\/em><br \/>\n<em> Na miejscu pierwszej, starej \u015bwi\u0105tyni Kapitu\u0142a warszawska postanowi\u0142a wznie\u015b\u0107 kolejn\u0105 now\u0105. To zadanie otrzyma\u0142 zarz\u0105dca d\u00f3br ra\u017anie\u0144skich (do 1748) &#8211; pra\u0142at i delegat Kapitu\u0142y warszawskiej &#8211; ks. Antoni Kazimierz Ostrowski (1713-1784), przysz\u0142y biskup kujawsko-pomorski (1753-1777) i arcybiskup gnie\u017anie\u0144ski (1777-1784). W 1747 r. postawi\u0142 tymczasow\u0105 kaplic\u0119 i plebani\u0119, a w 1748 r. &#8211; na miejscu poprzedniej &#8211; zbudowa\u0142 drewnian\u0105, \u201ena podmurowaniu\u201d z dwiema wie\u017cami \u015bwi\u0105tyni\u0119 pw. \u015bw. Jana Chrzciciela i \u015bw. Kazimierza. Jej konsekracji dokona\u0142 17 lipca 1803 r. prepozyt jadowski &#8211; ks. Franciszek Remigiusz Zambrzycki z Zambrzc (1746-ok. 1816), biskup tytularny Dardanus (10.12.1781), sufragan kijowski (1781-ok. 1816). Funkcj\u0119 proboszcza (1729-1751) w tym czasie pe\u0142ni\u0142 ks. Antoni Pawe\u0142 Zembrzuski (1689-1751). 15 stycznia 1793 r. Kapitu\u0142a warszawska powi\u0119kszy\u0142a fundusz ko\u015bcio\u0142a sadowie\u0144skiego, staraniem by\u0142ego wicekustosza ko\u015bcio\u0142a kolegiackiego w Warszawie &#8211; ks. kan. Jakuba Minaszowicza (1746-1800), \u00f3wczesnego proboszcza (1789-1800).\u00a0<\/em><br \/>\n<em> W 1816 r. dobra ra\u017anie\u0144skie, a wraz z nimi Sadowne, zosta\u0142y przekazane (za twierdz\u0119 zamojsk\u0105) przez rz\u0105d Ksi\u0119stwa Warszawskiego Stanis\u0142awowi Kostka hr. Zamoyjskiemu (1775-1856). 6 grudnia 1824 r. naby\u0142 je Andrzej hr. Zamoyski (1800-1874), kt\u00f3ry w 1834 r. przeprowadzi\u0142 gruntowny remont parafialnego ko\u015bcio\u0142a. W ramach represji popowstaniowych w 1866 r. wi\u0119kszo\u015b\u0107 beneficjum ko\u015bcielnego zosta\u0142a zabrana przez w\u0142adze carskie i przekazana oficerowi rosyjskiemu Andrzejowi Hulanickiemu.\u00a0<\/em><br \/>\n<em> Od 1898 r. zwolennikiem budowy nowej \u015bwi\u0105tyni by\u0142 ks. Adam Sadowski (1842-1909), proboszcz sadowie\u0144ski (1892-1905). Jego staraniem Urz\u0105d Gubernialny w Siedlcach przyj\u0105\u0142 30 pa\u017adziernika 1901 r. projekt arch. Kazimierza Zaj\u0105czkowskiego (1854-1904), g\u0142\u00f3wnego budowniczego powiatu w\u0119growskiego (1881-1904). Podj\u0119te dzie\u0142o kontynuowa\u0142 ks. Stefan Ob\u0142oza (1847-1924), kolejny proboszcz w Sadownem (1905-1922).\u00a0<\/em><br \/>\n<em> Obecny murowany ko\u015bci\u00f3\u0142 w stylu neogotyckim zosta\u0142 zbudowany w latach 1906-1909 na miejscu starej \u015bwi\u0105tyni, staraniem wspomnianego ks. Stefana Ob\u0142ozy. Autorem poprawionej wersji pierwszego projektu by\u0142 arch. Zygmunt Zda\u0144ski z Urz\u0119du Gubernialnego w Siedlcach, kt\u00f3ry razem z Wac\u0142awem W\u0119drowskim z Warszawy nadzorowa\u0142 r\u00f3wnie\u017c parce budowlane. Wznoszenie fundament\u00f3w rozpocz\u0119to 14 czerwca 1906 r. Roboty murarskie wykona\u0142 majster Wac\u0142aw W\u0119drowski. Po\u015bwi\u0119cenia kamienia w\u0119gielnego 24 czerwca 1907 r. dokona\u0142 ks. Ignacy Jasi\u0144ski (1860-1944), dziekan w\u0119growski (1914-1919). Budow\u0119 uko\u0144czono 26 wrze\u015bnia 1909 r., a 3 pa\u017adziernika tego\u017c roku w \u015bwi\u0119to Matki Bo\u017cej R\u00f3\u017ca\u0144cowej odby\u0142o si\u0119 po\u015bwi\u0119cenie \u015bwi\u0105tyni, kt\u00f3rego dokona\u0142 miejscowy proboszcz ks. Stefan Ob\u0142oza. Konsekracji nowej \u015bwi\u0105tyni dokona\u0142 w niedziel\u0119 po \u015bw. Bart\u0142omieju Apostole, czyli 27 sierpnia 1910 r., Franciszek Jaczewski (1832-1914), biskup lubelski i administrator apostolski diecezji podlaskiej (1889-1914).\u00a0<\/em><br \/>\n<em> W 1915 r. wojska rosyjskie zarekwirowa\u0142y trzy dzwony, kt\u00f3re rewindykowano w 1923 r. Na pocz\u0105tku II wojny \u015bwiatowej, ok. 13 wrze\u015bnia 1939 r., Niemcy spalili wikariat i budynki gospodarcze, a \u015bwi\u0105tyni\u0119 zamienili na tymczasowy ob\u00f3z dla polskich je\u0144c\u00f3w wojennych, niszcz\u0105c przy tym i rabuj\u0105c wiele sprz\u0119t\u00f3w liturgicznych. W czasie dzia\u0142a\u0144 wojennych w 1941 r. zosta\u0142 uszkodzony dach oraz wybito wiele szyb. W tym te\u017c roku wojska niemieckie zabra\u0142y cztery dzwony. Pierwsza gruntowna reperacja dachu zosta\u0142a przeprowadzona w 1948 i 1950 r., staraniem ks. J\u00f3zefa Makarewicza (1886-1952), \u00f3wczesnego proboszcza (1925-1952).\u00a0<\/em><br \/>\n<em> Na placu przed ko\u015bcio\u0142em stoi murowana kapliczka wzniesiona w stylu gotyckim w 1917 r., staraniem \u00f3wczesnego w\u00f3jta i prezesa Dozoru Ko\u015bcielnego Antoniego Brudko.\u00a0<\/em><br \/>\n<em> Obok ko\u015bcio\u0142a, po drugiej stronie drogi, znajduje si\u0119 stara, drewniana plebania zbudowana w latach 1827-1828, kosztem parafian i Andrzeja hr. Zamoyskiego, pod kierunkiem ks. Szymona Banaszewskiego (zm. 1858 r.), proboszcza sadowie\u0144skiego (1824-1832). Tu\u017c przy niej stoi pi\u0119trowa, murowana plebania zbudowana w 1977 r. przez ks. Piotra Aleksandrowicza (1904-1981), \u00f3wczesnego proboszcza (1952-1981). Na posesji ko\u015bcielnej ks. kan. Marian Zbie\u0107, proboszcz sadowie\u0144ski (1982-2003) wzni\u00f3s\u0142 w latach 2002-2003 nowy budynek parafialny, kt\u00f3ry zosta\u0142 po\u015bwi\u0119cony 27 grudnia 2003 r. przez bp. Antoniego P. Dydycza. Po drugiej stronie ko\u015bcio\u0142a stoi dom parafialny, kt\u00f3ry zosta\u0142 wzniesiony w latach 1942-1943 pod kierunkiem ks. J\u00f3zefa Makarewicza (prob. 1925-1952). Obecnie mieszkaj\u0105 w nim ksi\u0119\u017ca wikariusze.<\/em><\/p>\n<p style=\"text-align: justify;\"><em><strong>Kaplice:<\/strong>\u00a0<\/em><br \/>\n<em>&#8211; Ko\u0142odzi\u0105\u017c &#8211; kaplica dojazdowa murowana pw. Matki Bo\u017cej Nieustaj\u0105cej Pomocy, zbudowana w latach 1985-1986 staraniem ks. kan. Mariana Zbiecia. Jej projekt wykona\u0142 in\u017c. Wies\u0142aw Ratajski z W\u0119growa. 4 czerwca1986 r. zosta\u0142a po\u015bwi\u0119cona przez bp. Jana Mazura.\u00a0<\/em><br \/>\n<em>&#8211; Mrozowa Wola (dawniej Ugoszcz oraz Mros Nowa) &#8211; kaplica dojazdowa pw. Chrystusa Mi\u0142osiernego, zbudowana w latach 1991-1992 staraniem ks. kan. Mariana Zbiecia. Projekt wykona\u0142 in\u017c. Wies\u0142aw Ratajski z W\u0119growa. Jej po\u015bwi\u0119cenia dokona\u0142 13 czerwca 1992 r. W\u0142adys\u0142aw J\u0119druszuk (1918-1994), biskup drohiczy\u0144ski (1991-1994).\u00a0<\/em><br \/>\n<em>&#8211; Zarzetka &#8211; kaplica dojazdowa, murowana pw. Narodzenia Naj\u015bwi\u0119tszej Maryi Panny, zbudowana w latach 1983-1984 staraniem ks. kan. Mariana Zbiecia. Projekt wykona\u0142 in\u017c. Wies\u0142aw Ratajski z W\u0119growa. Jej po\u015bwi\u0119cenia dokona\u0142 28 czerwca 1984 r. bp Wac\u0142aw Skomorucha (1915-2001), biskup tytularny Zoara (21.11.1962), sufragan siedlecki, czyli podlaski (1962-1992).<\/em><\/p>\n<p style=\"text-align: justify;\"><em><strong>Porz\u0105dek Mszy \u015bw.:<\/strong>\u00a0<\/em><\/p>\n<p><em>Niedziele i \u015bwi\u0119ta:<\/em><\/p>\n<ul>\n<li><em>ko\u015bci\u00f3\u0142 parafialny: 8:00, 9:30, 11:00, 18:00 (czas zimowy 17:00); kaplica w Ko\u0142odzi\u0105\u017cu: 11:30; kaplica w Mrozowej Woli: 12:30; kaplica w Zarzetce: 12:30<\/em><\/li>\n<\/ul>\n<p><em>\u015awi\u0119ta nieb\u0119d\u0105ce dniami wolnymi od pracy:<\/em><\/p>\n<ul>\n<li><em>ko\u015bci\u00f3\u0142 parafialny: 9:30, 18:00 (czas zimowy 17:00)<\/em><\/li>\n<\/ul>\n<p><em>Dni powszednie:<\/em><\/p>\n<ul>\n<li><em>7:00, 18:00 (czas zimowy 17:00)<\/em><\/li>\n<\/ul>\n<p style=\"text-align: justify;\"><em><strong>Odpust w parafii:<\/strong>\u00a024 czerwca &#8211; uroczysto\u015b\u0107 Narodzenia \u015bw. Jana Chrzciciela<\/em><\/p>\n<p style=\"text-align: justify;\"><em><strong>Nabo\u017ce\u0144stwo adoracyjne:<\/strong>\u00a0przed III Niedziel\u0105 Adwentu<\/em><\/p>\n<p style=\"text-align: justify;\"><em><strong>Ksi\u0119gi metrykalne:<\/strong>\u00a0<\/em><br \/>\n<em> Ksi\u0119gi Chrzt\u00f3w: od 1643 r.\u00a0<\/em><br \/>\n<em> Ksi\u0119gi Ma\u0142\u017ce\u0144stw: od 1755 r.\u00a0<\/em><br \/>\n<em> Ksi\u0119gi Zmar\u0142ych: od 1755 r.<\/em><\/p>\n<p style=\"text-align: justify;\"><strong>Po drugie: dalsze dzieje parafii na stronie <a href=\"http:\/\/www.niedziela.pl\" target=\"_blank\" rel=\"noopener noreferrer\">www.niedziela.pl<\/a> wg p. Wies\u0142awa Rogali:<\/strong><\/p>\n<p style=\"text-align: justify;\"><em>W latach 1931-32 zbudowano parkan otaczaj\u0105cy cmentarz. W tych te\u017c latach zakupiono dodatkow\u0105 ziemi\u0119 na jego powi\u0119kszenie. W 1936 r. z okazji 25-lecia kap\u0142a\u0144stwa proboszcza ks. J\u00f3zefa Makarewicza wierni zakupili do o\u0142tarza g\u0142\u00f3wnego obraz przedstawiaj\u0105cy Chrzest Chrystusa, malowany na p\u0142\u00f3tnie, w stylu barokowym.\u00a0<\/em><\/p>\n<p><em> W 1939 r., w czasie wojny maj\u0105tek ko\u015bcielny uleg\u0142 zniszczeniu. Uszkodzony zosta\u0142 dach na ko\u015bciele, wybitych zosta\u0142o kilkaset szyb. Spalony zosta\u0142 wikariat i budynki gospodarcze. Straty by\u0142y usuwane przez wiele lat. Ju\u017c w 1942 r. zbudowano nowy wikariat. W tym celu zakupiono budynek drewniany w P\u0142atkownicy, kt\u00f3ry przewieziono do Sadownego. W 1945 r. zbudowano stodo\u0142\u0119 i obor\u0119 pleba\u0144sk\u0105. Po \u015bmierci ks. J\u00f3zefa Makarewicza obowi\u0105zki proboszcza w parafii Sadowne obj\u0105\u0142 od kwietnia 1952 r. ks. Piotr Aleksandrowicz, kt\u00f3ry swoj\u0105 dzia\u0142alno\u015b\u0107 duszpastersk\u0105 i gospodarcz\u0105 prowadzi\u0142 przez 27 lat. Podczas jego wieloletniej pracy do ko\u015bcio\u0142a zakupiono du\u017cy dzwon o wadze 550 kg, kt\u00f3ry zawieszono na wie\u017cy.\u00a0<\/em><\/p>\n<p><em> Wielkim osi\u0105gni\u0119ciem by\u0142o za\u0142o\u017cenie o\u015bwietlenia elektrycznego w 1954 r.\u00a0<\/em><\/p>\n<p><em> \u015awiat\u0142o wytwarza\u0142 zakupiony agregat umieszczony w budyneczku przy parkanie ko\u015bcielnym. Umo\u017cliwi\u0142o to za\u0142o\u017cenie \u017cyrandoli, kinkiet\u00f3w i \u015bwiecznik\u00f3w na bocznych \u015bcianach. Zainstalowano \u015bwiat\u0142o na g\u0142\u00f3wnym o\u0142tarzu oraz za\u0142o\u017cono g\u0142o\u015bniki. To zmieni\u0142o znacznie wystr\u00f3j \u015bwi\u0105tyni.\u00a0<\/em><\/p>\n<p><em> Zadbano r\u00f3wnie\u017c o otoczenie. W 1955 r. urz\u0105dzono skwerek przed ko\u015bcio\u0142em, gdzie posadzono ozdobne drzewka i krzewy oraz ogrodzono go p\u0142otem \u017cerdziowym. W tym roku r\u00f3wnie\u017c przeprowadzono remont wie\u017c. Zdj\u0119to dach\u00f3wk\u0119, wie\u017ce pokryto blach\u0105 i pomalowano mini\u0105. Prace remontowe wykonywane by\u0142y przy pomocy zbudowanych rusztowa\u0144.\u00a0<\/em><\/p>\n<p><em> Edward S\u00f3wka &#8211; nauczyciel z Sadownego, wymalowa\u0142 obraz Matki Bo\u017cej Cz\u0119stochowskiej Kr\u00f3lowej Polski, kt\u00f3ry oprawiono w z\u0142ocone ramy i zawieszono w ko\u015bciele.\u00a0<\/em><\/p>\n<p><em> A. Deoniziak wykona\u0142 stylowe gotyckie \u0142awki. W 1958 r. ko\u015bci\u00f3\u0142 i plebani\u0119 pod\u0142\u0105czono do og\u00f3lnej sieci elektrycznej. W 1959 r. F. Maksymiuk wykona\u0142 w stylu gotyckim boczny o\u0142tarz \u015bw. Kazimierza. Ten sam artysta wykona\u0142 w tym samym stylu ambon\u0119 oraz dwa konfesjona\u0142y. Pod koniec 1977 r. zosta\u0142a zbudowana nowa murowana plebania.\u00a0<\/em><\/p>\n<p><em> W tym czasie nast\u0105pi\u0142y zmiany w zarz\u0105dzaniu ko\u015bcio\u0142em. Na pro\u015bb\u0119 ks. Piotra Aleksandrowicza &#8211; \u00f3wczesnego proboszcza &#8211; Ksi\u0105dz Biskup powo\u0142a\u0142 ks. Mariana Zbiecia na stanowisko nowego proboszcza w Sadownem, z dniem 1 sierpnia 1979 r. Ju\u017c we wrze\u015bniu zakupi\u0142 1 ha 25 ar\u00f3w gruntu na powi\u0119kszenie cmentarza, kt\u00f3ry zosta\u0142 ogrodzony murowanym parkanem.\u00a0<\/em><\/p>\n<p><em> W 1980 r. zadbano o wygl\u0105d wewn\u0119trzny ko\u015bcio\u0142a. Ca\u0142\u0105 \u015bwi\u0105tyni\u0119 pomalowano farb\u0105 klejow\u0105 i olejn\u0105. Za\u0142o\u017cono nowe urz\u0105dzenia nag\u0142a\u015bniaj\u0105ce. W tym roku r\u00f3wnie\u017c posesj\u0119 plebanii ogrodzono metalowym p\u0142otem. Z innych bardzo wa\u017cnych prac jakie zosta\u0142y wykonane w tym roku, to remont kapitalny organ\u00f3w. Jest to zabytek wysokiej klasy, kt\u00f3ry zosta\u0142 zakupiony jeszcze do drugiego ko\u015bcio\u0142a w 1850 r. w P\u0142ockiej Fabryce Organ\u00f3w. Ponadto: odrestaurowano i poz\u0142ocono g\u0142\u00f3wny o\u0142tarz i wykonano elewacj\u0119 plebanii.\u00a0<\/em><\/p>\n<p><em> W 1982 r. zakupiono plac pod budow\u0119 kaplicy w Zarzetce. Budow\u0119 razem z ogrodzeniem uko\u0144czono w 1983 r. W latach 1985-86 zbudowano murowan\u0105 kaplic\u0119 w Ko\u0142odzi\u0105\u017cu. Pocz\u0105tkowo Msze \u015bw. dla wiernych kilku wsi by\u0142y odprawiane w domu prywatnym.\u00a0<\/em><\/p>\n<p><em> W 1985 r. wierni parafii Sadowne ufundowali dwa dzwony: jeden o wadze 450 kg nosi nazw\u0119 &#8222;Maryja&#8221;, drugi o wadze 250 kg &#8211; &#8221; Kazimierz&#8221;. Dzwony zawieszono w dzwonnicy o konstrukcji \u017celaznej przy parkanie ko\u015bcielnym. Przy udziale wiernych i samorz\u0105du gminnego w Sadownem zbudowano drog\u0119 asfaltow\u0105 obok ko\u015bcio\u0142a do cmentarza oraz doprowadzono do ko\u015bcio\u0142a now\u0105 lini\u0119 elektryczn\u0105. Drugi raz pomalowano farb\u0105 okr\u0119tow\u0105 dach na ko\u015bciele. Zagospodarowano otoczenie ko\u015bcio\u0142a, buduj\u0105c chodniki. Skwerek ogrodzono siatk\u0105. Ogrodzenie to ma chroni\u0107 krzewy przed zniszczeniem.\u00a0<\/em><\/p>\n<p><em> W latach 1991-93 zbudowano trzeci\u0105 kaplic\u0119 w Mrozowej Woli i ogrodzono j\u0105 pi\u0119knym, stylowym parkanem. W roku 1997 dokonano krycia ko\u015bcio\u0142a blach\u0105 miedzian\u0105. Za\u0142o\u017cono centralne ogrzewanie na plebanii. Wykonano r\u00f3wnie\u017c ocieplenie tego budynku, ok\u0142adaj\u0105c go styropianem i pokrywaj\u0105c zapraw\u0105 terrazytow\u0105.\u00a0<\/em><br \/>\n<em> Z najwa\u017cniejszych prac, jakie wykonano w 1999 r., to: malowanie wn\u0119trza ko\u015bcio\u0142a farb\u0105 emulsyjn\u0105 i olejn\u0105; odnowienie wszystkich \u017cyrandoli i kinkiet\u00f3w; poz\u0142ocenie o\u0142tarza bocznego, obraz\u00f3w Drogi Krzy\u017cowej, stylowej ambony i chrzcielnicy.\u00a0<\/em><\/p>\n<p><em> W 2001 r. przeprowadza si\u0119 m.in. remont wie\u017c ko\u015bcielnych i umocowanie krzy\u017cy na tych wie\u017cach. Dla o\u017cywienia i przypomnienia wiernym pie\u015bni ko\u015bcielnych: wielkopostnych, wielkanocnych, adwentowych, kol\u0119d i innych melodii zosta\u0142y zainstalowane na wie\u017cy ko\u015bcielnej tzw. kuranty, kt\u00f3re wydzwaniaj\u0105 godziny i melodie ca\u0142ego roku ko\u015bcielnego. Kuranty przypominaj\u0105 wiernym o potrzebie modlitwy w r\u00f3\u017cnych porach dnia. Kuranty za\u0142o\u017cono w marcu 2001 r. Urz\u0105dzenie to wykona\u0142a firma z Bia\u0142egostoku. Jest to aparatura niemiecka wysokiej klasy.\u00a0<\/em><\/p>\n<p><em> Wa\u017cnym wydarzeniem dla Ko\u015bcio\u0142a w kraju i w naszej parafii w 1990 r. by\u0142 powr\u00f3t religii do szk\u00f3\u0142. Dotychczas dzieci uczy\u0142y si\u0119 w punktach katechetycznych, kt\u00f3re mie\u015bci\u0142y si\u0119 w domach prywatnych.\u00a0<\/em><\/p>\n<p><em> Rok 1992 zapisa\u0142 si\u0119 w historii Ko\u015bcio\u0142a w Polsce ustanowieniem nowych struktur administracyjnych. Zosta\u0142y utworzone nowe diecezje i metropolie. Powsta\u0142o 13 nowych diecezji. Z diecezji siedleckiej dekanaty: w\u0119growski, soko\u0142owski, sterdy\u0144ski oraz cz\u0119\u015b\u0107 dekanatu liwskiego i \u0142osickiego wesz\u0142y w sk\u0142ad diecezji drohiczy\u0144skiej. Parafia Sadowne zosta\u0142a r\u00f3wnie\u017c w\u0142\u0105czona do tej diecezji. W 1995 r. dokonano podzia\u0142u dekanatu w\u0119growskiego. Powsta\u0142 dekanat w \u0141ochowie, do kt\u00f3rego w\u0142\u0105czono parafie: Budziska, Je\u017cyska, Ogrodniki, Ostr\u00f3wek, Kamionna, Prosty\u0144 i Sadowne.\u00a0<\/em><\/p>\n<p><em> Wielkim wydarzeniem duchowym dla parafii w 1959 r. by\u0142o nawiedzenie Matki Bo\u017cej Cz\u0119stochowskiej w obrazie po\u015bwi\u0119conym przez Papie\u017ca. W 1980 r. odby\u0142o si\u0119 nawiedzenie Matki Bo\u017cej w Kopii Cudownego Obrazu Kode\u0144skiego, kt\u00f3ry w roku jubileuszowym z okazji 350-lecia pobytu w Kodniu nawiedzi\u0142 parafi\u0119 Sadowne. Rok 1995 up\u0142yn\u0105\u0142 r\u00f3wnie\u017c pod znakiem nawiedzenia parafii przez kopi\u0119 Jasnog\u00f3rskiego Obrazu Matki Bo\u017cej, kt\u00f3ry przyby\u0142 z Prostyni. Na uwag\u0119 zas\u0142uguje r\u00f3wnie\u017c wizytacja kanoniczna w parafii Sadowne przeprowadzona w dniach 21-23 kwietnia 1997 r. przez bp. Antoniego Dydycza, kt\u00f3ry odwiedzi\u0142 11 szk\u00f3\u0142 na terenie parafii, Urz\u0105d Gminy i O\u015brodek Zdrowia. Przypad\u0142 i mnie zaszczyt witania i goszczenia Ksi\u0119dza Biskupa w Szkole Podstawowej w Szynkarzy\u017anie, w kt\u00f3rej razem z \u017con\u0105 pracowa\u0142em.\u00a0<\/em><\/p>\n<p><em> Innym wa\u017cnym prze\u017cyciem dla parafii Sadowne w historii nowego ko\u015bcio\u0142a by\u0142y misje \u015bw. Wszystkie one przynios\u0142y ogromne prze\u017cycia wiernym i pog\u0142\u0119bi\u0142y ich \u017cycie duchowe. Wiadomo z zapis\u00f3w parafialnych, \u017ce pierwsze misje odby\u0142y si\u0119 ju\u017c w 1919 r.\u00a0<\/em><\/p>\n<p><em> Ostatnie misje odby\u0142y si\u0119 w dniach od 9 do 16 maja 1999 r. &#8211; w roku VII pielgrzymki Papie\u017ca Polaka Jana Paw\u0142a II do Polski i do diecezji drohiczy\u0144skiej. Misje tego roku by\u0142y duchowym przygotowaniem do Roku Jubileuszowego &#8211; 2000.\u00a0<\/em><\/p>\n<p><em> Dzie\u0144 24 czerwca 2001 r. by\u0142 w parafii Sadowne dniem szczeg\u00f3lnym. W tym dniu odby\u0142y si\u0119 uroczysto\u015bci dzi\u0119kczynne za beatyfikacj\u0119 ks. Edwarda Grzyma\u0142y, kt\u00f3ry urodzi\u0142 si\u0119 w Ko\u0142odzi\u0105\u017cu 29 wrze\u015bnia 1906 r. Ochrzczony zosta\u0142 w ko\u015bciele \u015bw. Jana Chrzciciela w Sadownem dnia 30 wrze\u015bnia 1906 r. Zosta\u0142 og\u0142oszony b\u0142ogos\u0142awionym wraz ze 107 M\u0119czennikami podczas pielgrzymki Papie\u017ca Jana Paw\u0142a II do Polski w dniu 13 czerwca 1999 r. Uroczysto\u015bci ko\u015bcielne prowadzi\u0142 bp Antoni Dydycz, kt\u00f3ry odprawi\u0142 Msz\u0119 \u015bw., wyg\u0142osi\u0142 homili\u0119 i po\u015bwi\u0119ci\u0142 obraz b\u0142. ks. Edwarda Grzyma\u0142y. Obraz zosta\u0142 przekazany na r\u0119ce ks. Mariana Zbiecia &#8211; proboszcza parafii, kt\u00f3ry w tym dniu obchodzi\u0142 jubileusz 45-lecia kap\u0142a\u0144stwa. Obchody te by\u0142y poprzedzone uroczysto\u015bciami odpustowymi z racji, \u017ce ko\u015bci\u00f3\u0142 w Sadownem jest pod wezwaniem \u015bw. Jana Chrzciciela.\u00a0<\/em><\/p>\n<p><strong>I po trzecie:<\/strong> wszyscy wiemy i widzimy \u2013 proboszczem jest ks. Antoni Kunicki, wikariuszami: ks. Piotr P\u0119dzich i ks. Krzysztof Rzepczy\u0144ski, pomoc\u0105 s\u0142u\u017cy te\u017c emerytowany proboszcz parafii ks. Stanis\u0142aw Wojciechowski. W ko\u015bciele i obok nast\u0105pi\u0142o troch\u0119 zmian, odrestaurowany przyko\u015bcielny skwerek, nowe pomniki i ostatnio w dniach 8 &#8211; 14 wrze\u015bnia 2024 roku &#8211; Misje \u015awi\u0119te oraz 15 wrze\u015bnia br. masz \u015bw. jubileuszowa pod przewodnictwem ks. bpa Piotra Sawczuka.<\/p>\n<p style=\"text-align: justify;\"><strong>Zobaczmy obecne czasy na ma\u0142ym pokazie fotografii w naszej <a href=\"https:\/\/photos.app.goo.gl\/hTJgGwW8yt4atjdF9\" target=\"_blank\" rel=\"noopener noreferrer\"><span style=\"color: #0000ff;\">Galerii&gt;&gt;&gt;<\/span><\/a><\/strong><\/p>\n<p>Warto te\u017c poczyta\u0107 fragmenty maszynopisu <em>SADOWIE\u0143SKIE OBRAZY \u2013 Zebrane wspomnienia z dawnego i bli\u017cszego \u017cycia Sadownego i okolic<\/em>, autor Edward S\u00f3wka \u2013 SADOWNE 1970, zawieraj\u0105cych informacje na temat sadowie\u0144skiej parafii:<\/p>\n<p><span style=\"color: #0000ff;\"><strong><a style=\"color: #0000ff;\" href=\"http:\/\/info.sadowne.pl\/?p=5986\" target=\"_blank\" rel=\"noopener\">http:\/\/info.sadowne.pl\/?p=5986<\/a><\/strong><\/span> \u2013 Relikty dawnej przesz\u0142o\u015bci I<\/p>\n<p><span style=\"color: #0000ff;\"><strong><a style=\"color: #0000ff;\" href=\"http:\/\/info.sadowne.pl\/?p=6044\" target=\"_blank\" rel=\"noopener\">http:\/\/info.sadowne.pl\/?p=6044<\/a><\/strong><\/span> \u2013 Relikty dawnej przesz\u0142o\u015bci II<\/p>\n<p><span style=\"color: #0000ff;\"><strong><a style=\"color: #0000ff;\" href=\"http:\/\/info.sadowne.pl\/?p=6098\" target=\"_blank\" rel=\"noopener\">http:\/\/info.sadowne.pl\/?p=6098<\/a><\/strong><\/span> \u2013 Relikty dawnej przesz\u0142o\u015bci III<\/p>\n<p><span style=\"color: #0000ff;\"><strong><a style=\"color: #0000ff;\" href=\"http:\/\/info.sadowne.pl\/?p=6180\" target=\"_blank\" rel=\"noopener\">http:\/\/info.sadowne.pl\/?p=6180<\/a><\/strong><\/span> \u2013 Relikty dawnej przesz\u0142o\u015bci IV<\/p>\n<p><span style=\"color: #0000ff;\"><strong><a style=\"color: #0000ff;\" href=\"http:\/\/info.sadowne.pl\/?p=6256\" target=\"_blank\" rel=\"noopener\">http:\/\/info.sadowne.pl\/?p=6256<\/a><\/strong><\/span> \u2013 Relikty dawnej przesz\u0142o\u015bci V<\/p>\n<p style=\"text-align: justify;\"><strong>Tekst\/foto:<\/strong> S\u0142awek Chyli\u0144ski<\/p>\n<p style=\"text-align: justify;\"><strong>\u0179r\u00f3d\u0142a:<\/strong><\/p>\n<p><strong><span style=\"color: #0000ff;\"><a style=\"color: #0000ff;\" href=\"https:\/\/drohiczynska.pl\/parafie\/sadowne-parafia-sw-jana-chrzciciela\/\" target=\"_blank\" rel=\"noopener\">https:\/\/drohiczynska.pl\/parafie\/sadowne-parafia-sw-jana-chrzciciela\/<\/a><\/span><\/strong><\/p>\n<p style=\"text-align: justify;\"><span style=\"color: #0000ff;\"><strong><a style=\"color: #0000ff;\" href=\"http:\/\/www.niedziela.pl\/artykul\/39843\/nd\/Zarys-historii-parafii-pw-sw-Jana\" target=\"_blank\" rel=\"noopener noreferrer\">http:\/\/www.niedziela.pl\/artykul\/39843\/nd\/Zarys-historii-parafii-pw-sw-Jana<\/a><\/strong><\/span><\/p>\n<p style=\"text-align: justify;\"><a href=\"http:\/\/www.niedziela.pl\/wydruk\/2928\/nd\" target=\"_blank\" rel=\"noopener noreferrer\"><strong>http:\/\/www.niedziela.pl\/wydruk\/2928\/nd<\/strong><\/a><\/p>\n","protected":false},"excerpt":{"rendered":"<p>Obchody 500-lecia Parafii pw. \u015bw. Jana Chrzciciela w Sadownem to wa\u017cne wydarzenie dla nas wszystkich &#8211; niech stanie si\u0119 ono okazj\u0105 do szczeg\u00f3\u0142owszego przypomnienia Jej historii.<\/p>\n","protected":false},"author":1,"featured_media":0,"comment_status":"open","ping_status":"closed","sticky":false,"template":"","format":"standard","meta":{"footnotes":""},"categories":[5,1973,31],"tags":[101,2199,1974],"class_list":["post-13768","post","type-post","status-publish","format-standard","hentry","category-newsy","category-pisali-o-sadownem","category-historia-gminy","tag-historia-gminy-sadowne","tag-parafia-pw-sw-jana-chrzciciela-w-sadownem","tag-pisali-o-sadownem"],"views":10057,"_links":{"self":[{"href":"http:\/\/info.sadowne.pl\/index.php?rest_route=\/wp\/v2\/posts\/13768","targetHints":{"allow":["GET"]}}],"collection":[{"href":"http:\/\/info.sadowne.pl\/index.php?rest_route=\/wp\/v2\/posts"}],"about":[{"href":"http:\/\/info.sadowne.pl\/index.php?rest_route=\/wp\/v2\/types\/post"}],"author":[{"embeddable":true,"href":"http:\/\/info.sadowne.pl\/index.php?rest_route=\/wp\/v2\/users\/1"}],"replies":[{"embeddable":true,"href":"http:\/\/info.sadowne.pl\/index.php?rest_route=%2Fwp%2Fv2%2Fcomments&post=13768"}],"version-history":[{"count":8,"href":"http:\/\/info.sadowne.pl\/index.php?rest_route=\/wp\/v2\/posts\/13768\/revisions"}],"predecessor-version":[{"id":29431,"href":"http:\/\/info.sadowne.pl\/index.php?rest_route=\/wp\/v2\/posts\/13768\/revisions\/29431"}],"wp:attachment":[{"href":"http:\/\/info.sadowne.pl\/index.php?rest_route=%2Fwp%2Fv2%2Fmedia&parent=13768"}],"wp:term":[{"taxonomy":"category","embeddable":true,"href":"http:\/\/info.sadowne.pl\/index.php?rest_route=%2Fwp%2Fv2%2Fcategories&post=13768"},{"taxonomy":"post_tag","embeddable":true,"href":"http:\/\/info.sadowne.pl\/index.php?rest_route=%2Fwp%2Fv2%2Ftags&post=13768"}],"curies":[{"name":"wp","href":"https:\/\/api.w.org\/{rel}","templated":true}]}}