{"id":13866,"date":"2016-10-23T18:01:57","date_gmt":"2016-10-23T16:01:57","guid":{"rendered":"http:\/\/www.infosadowne.boo.pl\/?p=13866"},"modified":"2020-04-24T16:02:31","modified_gmt":"2020-04-24T14:02:31","slug":"hubertus-wegrowski","status":"publish","type":"post","link":"http:\/\/info.sadowne.pl\/?p=13866","title":{"rendered":"Hubertus W\u0119growski"},"content":{"rendered":"<p style=\"text-align: justify;\"><strong><img loading=\"lazy\" decoding=\"async\" class=\"alignleft size-thumbnail wp-image-13867\" src=\"http:\/\/www.info.sadowne.pl\/wp-content\/uploads\/2016\/10\/2016.10.23.1-180x130.jpg\" alt=\"2016-10-23-1\" width=\"180\" height=\"130\" \/>22 i 23 pa\u017adziernika my\u015bliwi \u015bwi\u0119towali podczas Og\u00f3lnopolskiego Hubertusa W\u0119growskiego.<\/strong><!--more--><\/p>\n<p style=\"text-align: justify;\">W sobot\u0119 polowania na w\u0142asnych terenach \u0142owieckich, a w niedziel\u0119 parada my\u015bliwska, pokazy, koncerty, pogo\u0144 za lisem oraz liczne okazje do spotka\u0144 i wymiany pogl\u0105d\u00f3w na temat dzia\u0142alno\u015bci k\u00f3\u0142 my\u015bliwskich, a tak\u017ce degustacja przygotowanych we w\u0142asnym zakresie potraw my\u015bliwskich.<\/p>\n<p style=\"text-align: justify;\">Wszystko to mo\u017cna by\u0142o zobaczy\u0107 na b\u0142oniach w\u0119growskich przy kaplicy parafialnej Ojca Pio. Mn\u00f3stwo ludzi i atrakcji. By\u0142a te\u017c telewizja, m.in. Polsat News, kt\u00f3ry zaprezentowa\u0142 swoj\u0105 relacj\u0119 z tej uroczysto\u015bci w niedzielnym programie \u201eAgropasja\u201d 30 pa\u017adziernika o godz. 17.30.<\/p>\n<p style=\"text-align: justify;\">Znacz\u0105cy udzia\u0142 w wydarzeniu mia\u0142 oczywi\u015bcie nasz by\u0142y wikariusz i my\u015bliwy ks. Tomasz Duszkiewicz, a swoj\u0105 dzia\u0142alno\u015b\u0107 i smaczne potrawy serwowa\u0142y Ko\u0142a \u0141owieckie dzia\u0142aj\u0105ce na naszym terenie: \u015aw. Huberta i LOT-HAZ.<\/p>\n<p style=\"text-align: justify;\"><a href=\"https:\/\/photos.app.goo.gl\/XkCtfy4kQF1khY9Y8\" target=\"_blank\" rel=\"noopener noreferrer\"><span style=\"color: #0000ff;\"><strong>Zdj\u0119cia w galerii Google&gt;&gt;&gt;<\/strong><\/span><\/a><\/p>\n<p style=\"text-align: justify;\"><strong>Tekst\/foto:<\/strong> S\u0142awek Chyli\u0144ski<\/p>\n","protected":false},"excerpt":{"rendered":"<p>22 i 23 pa\u017adziernika my\u015bliwi \u015bwi\u0119towali podczas Og\u00f3lnopolskiego Hubertusa W\u0119growskiego.<\/p>\n","protected":false},"author":1,"featured_media":0,"comment_status":"open","ping_status":"closed","sticky":false,"template":"","format":"standard","meta":{"footnotes":""},"categories":[5,1,690,2495],"tags":[2220,2129,2219],"class_list":["post-13866","post","type-post","status-publish","format-standard","hentry","category-newsy","category-inne","category-lowiectwo","category-nasi-sasiedzi","tag-kolo-lowieckie-lot-haz","tag-kolo-lowieckie-sw-huberta","tag-ogolnopolski-hubertus-wegrowski"],"views":3494,"_links":{"self":[{"href":"http:\/\/info.sadowne.pl\/index.php?rest_route=\/wp\/v2\/posts\/13866","targetHints":{"allow":["GET"]}}],"collection":[{"href":"http:\/\/info.sadowne.pl\/index.php?rest_route=\/wp\/v2\/posts"}],"about":[{"href":"http:\/\/info.sadowne.pl\/index.php?rest_route=\/wp\/v2\/types\/post"}],"author":[{"embeddable":true,"href":"http:\/\/info.sadowne.pl\/index.php?rest_route=\/wp\/v2\/users\/1"}],"replies":[{"embeddable":true,"href":"http:\/\/info.sadowne.pl\/index.php?rest_route=%2Fwp%2Fv2%2Fcomments&post=13866"}],"version-history":[{"count":3,"href":"http:\/\/info.sadowne.pl\/index.php?rest_route=\/wp\/v2\/posts\/13866\/revisions"}],"predecessor-version":[{"id":23186,"href":"http:\/\/info.sadowne.pl\/index.php?rest_route=\/wp\/v2\/posts\/13866\/revisions\/23186"}],"wp:attachment":[{"href":"http:\/\/info.sadowne.pl\/index.php?rest_route=%2Fwp%2Fv2%2Fmedia&parent=13866"}],"wp:term":[{"taxonomy":"category","embeddable":true,"href":"http:\/\/info.sadowne.pl\/index.php?rest_route=%2Fwp%2Fv2%2Fcategories&post=13866"},{"taxonomy":"post_tag","embeddable":true,"href":"http:\/\/info.sadowne.pl\/index.php?rest_route=%2Fwp%2Fv2%2Ftags&post=13866"}],"curies":[{"name":"wp","href":"https:\/\/api.w.org\/{rel}","templated":true}]}}