{"id":13941,"date":"2016-12-01T14:23:53","date_gmt":"2016-12-01T13:23:53","guid":{"rendered":"http:\/\/www.infosadowne.boo.pl\/?p=13941"},"modified":"2020-04-24T15:59:39","modified_gmt":"2020-04-24T13:59:39","slug":"nagroda-dla-wolontariuszy","status":"publish","type":"post","link":"http:\/\/info.sadowne.pl\/?p=13941","title":{"rendered":"Nagroda dla Wolontariuszy"},"content":{"rendered":"<p style=\"text-align: justify;\"><strong><img loading=\"lazy\" decoding=\"async\" class=\"alignleft size-thumbnail wp-image-13942\" src=\"http:\/\/www.info.sadowne.pl\/wp-content\/uploads\/2016\/12\/2016.12.01.11-180x130.jpg\" alt=\"2016-12-01-1\" width=\"180\" height=\"130\" \/>W Starostwie Powiatowym w W\u0119growie po raz kolejny obchodzono Powiatowy Dzie\u0144 Wolontariusza. W\u015br\u00f3d wyr\u00f3\u017cnionych by\u0142o te\u017c Szkolne Ko\u0142o Wolontariatu ZSP w Sadownem.<\/strong><!--more--><\/p>\n<p style=\"text-align: justify;\">1 grudnia odby\u0142a si\u0119 z tej okazji konferencja zorganizowana przez M\u0142odzie\u017cowy O\u015brodek Wychowawczy w Jaworku, Warsztaty Terapii Zaj\u0119ciowej i Stowarzyszenie Pomocy Osobom Niepe\u0142nosprawnym \u201eJawor\u201d. Konferencja by\u0142a podsumowaniem projektu \u201ePomagam\u201d realizowanego w ramach zadania publicznego \u201eWolontariat Szkolny\u201d ze \u015brodk\u00f3w Ministerstwa Edukacji Narodowej.<\/p>\n<p style=\"text-align: justify;\"><strong>Statuetki wykonane przez wychowank\u00f3w MOW w Jaworku \u201eWolontariusz Powiatu W\u0119growskiego 2016\u201d otrzymali:<\/strong><\/p>\n<ol style=\"text-align: justify;\">\n<li>El\u017cbieta Trojanowska<\/li>\n<li>Ma\u0142gorzata Korzeniowska<\/li>\n<li>Pawe\u0142 Polkowski<\/li>\n<li>El\u017cbieta \u017bo\u0142\u0119dowska<\/li>\n<li>Urszula Gromek<\/li>\n<li>Aldona Skup<\/li>\n<li>Marzena Pachnik<\/li>\n<li>Agnieszka Trojanowska<\/li>\n<li>Jolanta Zalewska<\/li>\n<li>Anna i Catalin Coman<\/li>\n<li>Rafa\u0142 Brzezik<\/li>\n<li>Micha\u0142 Popowski<\/li>\n<li>Jolanta Ol\u0119dzka<\/li>\n<li>Szkolny Klub Wolontariatu przy ZSP w Ostr\u00f3wku<\/li>\n<li><strong>Szkolne Ko\u0142o Wolontariatu przy ZSP w Sadownem<\/strong><\/li>\n<\/ol>\n<p style=\"text-align: justify;\"><strong>\u0179r\u00f3d\u0142o:<\/strong> <a href=\"http:\/\/www.powiatwegrowski.pl\">www.powiatwegrowski.pl<\/a><\/p>\n<p style=\"text-align: justify;\"><a href=\"https:\/\/photos.app.goo.gl\/yWa5kHqgG5xd5HYR8\" target=\"_blank\" rel=\"noopener noreferrer\"><span style=\"color: #0000ff;\"><strong>Zdj\u0119cia w galerii Google&gt;&gt;&gt;<\/strong><\/span><\/a><\/p>\n","protected":false},"excerpt":{"rendered":"<p>W Starostwie Powiatowym w W\u0119growie po raz kolejny obchodzono Powiatowy Dzie\u0144 Wolontariusza. W\u015br\u00f3d wyr\u00f3\u017cnionych by\u0142o te\u017c Szkolne Ko\u0142o Wolontariatu ZSP w Sadownem.<\/p>\n","protected":false},"author":1,"featured_media":0,"comment_status":"open","ping_status":"closed","sticky":false,"template":"","format":"standard","meta":{"footnotes":""},"categories":[5,1752,1370,85],"tags":[838,2039,182],"class_list":["post-13941","post","type-post","status-publish","format-standard","hentry","category-newsy","category-edukacja","category-wolontariat","category-zsp","tag-malgorzata-olton","tag-szkolne-kolo-wolontariatu-w-sadownem","tag-zespol-szkol-ponadgimnazjalnych-w-sadownem"],"views":2476,"_links":{"self":[{"href":"http:\/\/info.sadowne.pl\/index.php?rest_route=\/wp\/v2\/posts\/13941","targetHints":{"allow":["GET"]}}],"collection":[{"href":"http:\/\/info.sadowne.pl\/index.php?rest_route=\/wp\/v2\/posts"}],"about":[{"href":"http:\/\/info.sadowne.pl\/index.php?rest_route=\/wp\/v2\/types\/post"}],"author":[{"embeddable":true,"href":"http:\/\/info.sadowne.pl\/index.php?rest_route=\/wp\/v2\/users\/1"}],"replies":[{"embeddable":true,"href":"http:\/\/info.sadowne.pl\/index.php?rest_route=%2Fwp%2Fv2%2Fcomments&post=13941"}],"version-history":[{"count":3,"href":"http:\/\/info.sadowne.pl\/index.php?rest_route=\/wp\/v2\/posts\/13941\/revisions"}],"predecessor-version":[{"id":23184,"href":"http:\/\/info.sadowne.pl\/index.php?rest_route=\/wp\/v2\/posts\/13941\/revisions\/23184"}],"wp:attachment":[{"href":"http:\/\/info.sadowne.pl\/index.php?rest_route=%2Fwp%2Fv2%2Fmedia&parent=13941"}],"wp:term":[{"taxonomy":"category","embeddable":true,"href":"http:\/\/info.sadowne.pl\/index.php?rest_route=%2Fwp%2Fv2%2Fcategories&post=13941"},{"taxonomy":"post_tag","embeddable":true,"href":"http:\/\/info.sadowne.pl\/index.php?rest_route=%2Fwp%2Fv2%2Ftags&post=13941"}],"curies":[{"name":"wp","href":"https:\/\/api.w.org\/{rel}","templated":true}]}}