{"id":14170,"date":"2016-12-13T20:47:24","date_gmt":"2016-12-13T19:47:24","guid":{"rendered":"http:\/\/www.infosadowne.boo.pl\/?p=14170"},"modified":"2020-04-24T15:55:49","modified_gmt":"2020-04-24T13:55:49","slug":"mikolajki-w-gok-3","status":"publish","type":"post","link":"http:\/\/info.sadowne.pl\/?p=14170","title":{"rendered":"Miko\u0142ajki w GOK"},"content":{"rendered":"<p style=\"text-align: justify;\"><strong><img loading=\"lazy\" decoding=\"async\" class=\"alignleft size-thumbnail wp-image-14171\" src=\"http:\/\/www.info.sadowne.pl\/wp-content\/uploads\/2016\/12\/2016.12.13.1-180x130.jpg\" alt=\"2016-12-13-1\" width=\"180\" height=\"130\" \/>13 grudnia w sadowie\u0144skim Gminnym O\u015brodku Kultury dzieci oczekiwa\u0142y na Miko\u0142aja.<\/strong><!--more--><\/p>\n<p style=\"text-align: justify;\">Gminny O\u015brodek Kultury w Sadownem przygotowa\u0142 naszym dzieciom popo\u0142udnie pe\u0142ne niespodzianek. Na pocz\u0105tku przywitali je aktorzy z Teatru Edukacji i Profilaktyki\u00a0\u201eMaska\u201d w Krakowie, kt\u00f3rzy zaprezentowali\u00a0spektakl pt. \u201eZimowa afera, kto\u015b porwa\u0142 renifera\u201d. Dzieci bardzo \u017cywio\u0142owo reagowa\u0142y na wydarzenia, kt\u00f3rych g\u0142\u00f3wnym bohaterem by\u0142 ba\u0142wanek Kuleczka, a tak\u017ce aktywnie uczestniczy\u0142y w spektaklu, rozszyfrowuj\u0105c opisan\u0105 w sztuce zimow\u0105 afer\u0119 \u2013 podszywanie si\u0119 pod \u015awi\u0119tego Miko\u0142aja, znikni\u0119cie Renifera Kopytko\u2026<\/p>\n<p style=\"text-align: justify;\">Zaniepokojeni widzowie, w kt\u00f3rych przedstawienie wywo\u0142a\u0142o obaw\u0119 niedostarczenia na czas przez Miko\u0142aja prezent\u00f3w, g\u0142o\u015bnymi okrzykami przywo\u0142a\u0142y go do siebie. W sali GOK-u pojawi\u0142 si\u0119 \u015awi\u0119ty Miko\u0142aj, kt\u00f3ry natychmiast przyst\u0105pi\u0142 do wykonywania swoich obowi\u0105zk\u00f3w \u2013 wr\u0119czania prezent\u00f3w grzecznym dzieciom i oczywi\u015bcie ku ich uciesze.<\/p>\n<p style=\"text-align: justify;\"><a href=\"https:\/\/photos.app.goo.gl\/gfX7Eg6e7Autob3dA\" target=\"_blank\" rel=\"noopener noreferrer\"><span style=\"color: #0000ff;\"><strong>Zdj\u0119cia w galerii Google&gt;&gt;&gt;<\/strong><\/span><\/a><\/p>\n<p style=\"text-align: justify;\"><strong>Tekst\/foto:<\/strong> S\u0142awek Chyli\u0144ski<\/p>\n","protected":false},"excerpt":{"rendered":"<p>13 grudnia w sadowie\u0144skim Gminnym O\u015brodku Kultury dzieci oczekiwa\u0142y na Miko\u0142aja.<\/p>\n","protected":false},"author":1,"featured_media":0,"comment_status":"open","ping_status":"closed","sticky":false,"template":"","format":"standard","meta":{"footnotes":""},"categories":[5,91,6],"tags":[169,509],"class_list":["post-14170","post","type-post","status-publish","format-standard","hentry","category-newsy","category-gminny-osrodek-kultury","category-kultura-rozrywka-edukacja","tag-gminny-osrodek-kultury-w-sadownem","tag-mikolajki-w-gok"],"views":2558,"_links":{"self":[{"href":"http:\/\/info.sadowne.pl\/index.php?rest_route=\/wp\/v2\/posts\/14170","targetHints":{"allow":["GET"]}}],"collection":[{"href":"http:\/\/info.sadowne.pl\/index.php?rest_route=\/wp\/v2\/posts"}],"about":[{"href":"http:\/\/info.sadowne.pl\/index.php?rest_route=\/wp\/v2\/types\/post"}],"author":[{"embeddable":true,"href":"http:\/\/info.sadowne.pl\/index.php?rest_route=\/wp\/v2\/users\/1"}],"replies":[{"embeddable":true,"href":"http:\/\/info.sadowne.pl\/index.php?rest_route=%2Fwp%2Fv2%2Fcomments&post=14170"}],"version-history":[{"count":2,"href":"http:\/\/info.sadowne.pl\/index.php?rest_route=\/wp\/v2\/posts\/14170\/revisions"}],"predecessor-version":[{"id":23181,"href":"http:\/\/info.sadowne.pl\/index.php?rest_route=\/wp\/v2\/posts\/14170\/revisions\/23181"}],"wp:attachment":[{"href":"http:\/\/info.sadowne.pl\/index.php?rest_route=%2Fwp%2Fv2%2Fmedia&parent=14170"}],"wp:term":[{"taxonomy":"category","embeddable":true,"href":"http:\/\/info.sadowne.pl\/index.php?rest_route=%2Fwp%2Fv2%2Fcategories&post=14170"},{"taxonomy":"post_tag","embeddable":true,"href":"http:\/\/info.sadowne.pl\/index.php?rest_route=%2Fwp%2Fv2%2Ftags&post=14170"}],"curies":[{"name":"wp","href":"https:\/\/api.w.org\/{rel}","templated":true}]}}