{"id":14307,"date":"2016-12-20T21:28:19","date_gmt":"2016-12-20T20:28:19","guid":{"rendered":"http:\/\/www.infosadowne.boo.pl\/?p=14307"},"modified":"2016-12-20T21:28:19","modified_gmt":"2016-12-20T20:28:19","slug":"swiateczny-dar-serca","status":"publish","type":"post","link":"http:\/\/info.sadowne.pl\/?p=14307","title":{"rendered":"\u015awi\u0105teczny dar Serca"},"content":{"rendered":"<p style=\"text-align: justify;\"><strong><a href=\"http:\/\/www.info.sadowne.pl\/wp-content\/uploads\/2016\/12\/2016.12.20.1.jpg\" target=\"_blank\"><img loading=\"lazy\" decoding=\"async\" class=\"alignleft wp-image-14308 size-thumbnail\" src=\"http:\/\/www.info.sadowne.pl\/wp-content\/uploads\/2016\/12\/2016.12.20.1-180x130.jpg\" alt=\"2016-12-20-1\" width=\"180\" height=\"130\" \/><\/a>W minion\u0105 niedziel\u0119 ju\u017c po raz kolejny rozwozi\u0142y\u015bmy paczki \u015bwi\u0105teczne dla rodzin oraz samotnych os\u00f3b, kt\u00f3re wed\u0142ug nas takiej pomocy potrzebuj\u0105. <\/strong><!--more--><\/p>\n<p style=\"text-align: justify;\">Jak zwykle w tym dniu wspiera\u0142 nas i pomaga\u0142 nam, pe\u0142ni\u0105c rol\u0119 kierowcy, pan Andrzej Szczechura, za co mu serdecznie dzi\u0119kujemy! Prezenty zabrali\u015bmy z ko\u015bcio\u0142a: by\u0142y tam torby pe\u0142ne produkt\u00f3w spo\u017cywczych, jak i przygotowane paczki dla konkretnych rodzin.<\/p>\n<p style=\"text-align: justify;\"><a href=\"http:\/\/www.info.sadowne.pl\/wp-content\/uploads\/2016\/12\/2016.12.20.2.jpg\" target=\"_blank\"><img loading=\"lazy\" decoding=\"async\" class=\"alignright wp-image-14309 size-medium\" src=\"http:\/\/www.info.sadowne.pl\/wp-content\/uploads\/2016\/12\/2016.12.20.2-300x169.jpg\" alt=\"2016-12-20-2\" width=\"300\" height=\"169\" srcset=\"http:\/\/info.sadowne.pl\/wp-content\/uploads\/2016\/12\/2016.12.20.2-300x169.jpg 300w, http:\/\/info.sadowne.pl\/wp-content\/uploads\/2016\/12\/2016.12.20.2.jpg 800w\" sizes=\"auto, (max-width: 300px) 100vw, 300px\" \/><\/a>To specyficzny rodzaj \u201ewycieczki\u201d po gminie. W tym roku skupili\u015bmy si\u0119 g\u0142\u00f3wnie na pomocy osobom starszym, chorym, samotnym, ale nie tylko. Odwiedzali\u015bmy dzieci, kt\u00f3re niecierpliwie czeka\u0142y na otwarcie przywiezionych przez nas prezent\u00f3w. By\u0142o kilka \u015bmiesznych moment\u00f3w, ale r\u00f3wnie\u017c wiele wzrusze\u0144, za\u0142zawionych oczu i mocnych u\u015bcisk\u00f3w, szczeg\u00f3lnie od starszych, zaskoczonych nasz\u0105 obecno\u015bci\u0105 os\u00f3b.<\/p>\n<p style=\"text-align: justify;\"><a href=\"http:\/\/www.info.sadowne.pl\/wp-content\/uploads\/2016\/12\/2016.12.20.3.jpg\" target=\"_blank\"><img loading=\"lazy\" decoding=\"async\" class=\"alignleft wp-image-14310 size-medium\" src=\"http:\/\/www.info.sadowne.pl\/wp-content\/uploads\/2016\/12\/2016.12.20.3-300x169.jpg\" alt=\"2016-12-20-3\" width=\"300\" height=\"169\" srcset=\"http:\/\/info.sadowne.pl\/wp-content\/uploads\/2016\/12\/2016.12.20.3-300x169.jpg 300w, http:\/\/info.sadowne.pl\/wp-content\/uploads\/2016\/12\/2016.12.20.3.jpg 800w\" sizes=\"auto, (max-width: 300px) 100vw, 300px\" \/><\/a>W ka\u017cdym domu starali\u015bmy si\u0119 porozmawia\u0107 i pozna\u0107 cho\u0107 troch\u0119 osoby, kt\u00f3re odwiedzamy. Los starszych, chorych i cz\u0119sto samotnych os\u00f3b dla wielu z nas jest zupe\u0142nie nieznany. W codziennym po\u015bpiechu i wielu obowi\u0105zkach nie my\u015blimy o losie os\u00f3b starszych. Niekt\u00f3re z nich maj\u0105 dzieci, ale nie utrzymuj\u0105 one kontaktu ze swymi rodzicami\u2026<\/p>\n<p style=\"text-align: justify;\">Nadchodz\u0105 \u015awi\u0119ta Bo\u017cego Narodzenia, pami\u0119tajmy o samotnych rodzicach, cz\u0142onkach dalszej i bli\u017cszej rodziny, s\u0105siadach. Niech nie zostaj\u0105 oni w tym czasie zupe\u0142nie sami ze \u015bwiadomo\u015bci\u0105, \u017ce staro\u015b\u0107 musi by\u0107 przykra i zapomniana przez innych. Czasami tak niewiele potrzeba by wywo\u0142a\u0107 u\u015bmiech na zm\u0119czonej twarzy starszej osoby.<\/p>\n<p style=\"text-align: justify;\"><strong>Przy tej okazji cz\u0142onkowie Szkolnego Ko\u0142a Wolontariatu wraz z opiekunem sk\u0142adaj\u0105 Pa\u0144stwu Najlepsze \u015awi\u0105teczne \u017byczenia: Mi\u0142o\u015bci, Szacunku, Zrozumienia i Rado\u015bci w te nadchodz\u0105ce \u015awi\u0119ta oraz Szcz\u0119\u015bliwego Nowego Roku 2017.<\/strong><\/p>\n<p style=\"text-align: justify;\"><strong>Ma\u0142gorzata Olton<\/strong><\/p>\n","protected":false},"excerpt":{"rendered":"<p>W minion\u0105 niedziel\u0119 ju\u017c po raz kolejny rozwozi\u0142y\u015bmy paczki \u015bwi\u0105teczne dla rodzin oraz samotnych os\u00f3b, kt\u00f3re wed\u0142ug nas takiej pomocy potrzebuj\u0105.<\/p>\n","protected":false},"author":1,"featured_media":0,"comment_status":"open","ping_status":"closed","sticky":false,"template":"","format":"standard","meta":{"footnotes":""},"categories":[5,1752,1370],"tags":[838,1676,2039],"class_list":["post-14307","post","type-post","status-publish","format-standard","hentry","category-newsy","category-edukacja","category-wolontariat","tag-malgorzata-olton","tag-swiateczna-paczka","tag-szkolne-kolo-wolontariatu-w-sadownem"],"views":2785,"_links":{"self":[{"href":"http:\/\/info.sadowne.pl\/index.php?rest_route=\/wp\/v2\/posts\/14307","targetHints":{"allow":["GET"]}}],"collection":[{"href":"http:\/\/info.sadowne.pl\/index.php?rest_route=\/wp\/v2\/posts"}],"about":[{"href":"http:\/\/info.sadowne.pl\/index.php?rest_route=\/wp\/v2\/types\/post"}],"author":[{"embeddable":true,"href":"http:\/\/info.sadowne.pl\/index.php?rest_route=\/wp\/v2\/users\/1"}],"replies":[{"embeddable":true,"href":"http:\/\/info.sadowne.pl\/index.php?rest_route=%2Fwp%2Fv2%2Fcomments&post=14307"}],"version-history":[{"count":1,"href":"http:\/\/info.sadowne.pl\/index.php?rest_route=\/wp\/v2\/posts\/14307\/revisions"}],"predecessor-version":[{"id":14311,"href":"http:\/\/info.sadowne.pl\/index.php?rest_route=\/wp\/v2\/posts\/14307\/revisions\/14311"}],"wp:attachment":[{"href":"http:\/\/info.sadowne.pl\/index.php?rest_route=%2Fwp%2Fv2%2Fmedia&parent=14307"}],"wp:term":[{"taxonomy":"category","embeddable":true,"href":"http:\/\/info.sadowne.pl\/index.php?rest_route=%2Fwp%2Fv2%2Fcategories&post=14307"},{"taxonomy":"post_tag","embeddable":true,"href":"http:\/\/info.sadowne.pl\/index.php?rest_route=%2Fwp%2Fv2%2Ftags&post=14307"}],"curies":[{"name":"wp","href":"https:\/\/api.w.org\/{rel}","templated":true}]}}