{"id":14326,"date":"2016-12-22T21:20:25","date_gmt":"2016-12-22T20:20:25","guid":{"rendered":"http:\/\/www.infosadowne.boo.pl\/?p=14326"},"modified":"2020-04-24T15:49:14","modified_gmt":"2020-04-24T13:49:14","slug":"wyloniono-laureatow-konkursu-gok","status":"publish","type":"post","link":"http:\/\/info.sadowne.pl\/?p=14326","title":{"rendered":"Wy\u0142oniono laureat\u00f3w Konkursu GOK"},"content":{"rendered":"<p style=\"text-align: justify;\"><strong><img loading=\"lazy\" decoding=\"async\" class=\"alignleft size-thumbnail wp-image-14327\" src=\"http:\/\/www.info.sadowne.pl\/wp-content\/uploads\/2016\/12\/2016.12.22.12-180x130.jpg\" alt=\"2016-12-22-12\" width=\"180\" height=\"130\" \/>22 grudnia 2016 roku zako\u0144czono konkurs \u201eNaj\u0142adniejsza ozdoba \u015bwi\u0105teczna\u201d, organizowany przez Gminny O\u015brodek Kultury w Sadownem. <\/strong><!--more--><\/p>\n<p style=\"text-align: justify;\">Nap\u0142yn\u0119\u0142o wiele bardzo ciekawych i oryginalnych \u00a0prac wykonanych przez uczni\u00f3w ze wszystkich szk\u00f3\u0142 z terenu gminy Sadowne. Liczne by\u0142y te\u017c prace przedszkolak\u00f3w.<\/p>\n<p style=\"text-align: justify;\">Komisja mia\u0142a nie lada problem z wy\u0142onieniem najlepszych prac. Punktowane by\u0142y przede wszystkim: samodzielno\u015b\u0107 wykonania danej pracy i \u00a0nawi\u0105zanie do tradycji. Prace oceniono w trzech kategoriach wiekowych: 3-9 lat, 10-15 lat i 15+.<\/p>\n<p style=\"text-align: justify;\"><strong>W grupie najm\u0142odszej laureatami zostali:<\/strong><\/p>\n<p style=\"text-align: justify;\">I miejsce &#8211; Julia Koro\u015b, ZSP Grabiny, klasa &#8222;0&#8221;<\/p>\n<p style=\"text-align: justify;\">II miejsce &#8211; Rados\u0142aw Tymi\u0144ski &#8211; Przedszkole w Sadownem<\/p>\n<p style=\"text-align: justify;\">III miejsce &#8211; Natalia Wis\u0142owska &#8211; ZSP Grabiny, kl.III<\/p>\n<p style=\"text-align: justify;\">W tej kategorii wiekowej przyznano dwa wyr\u00f3\u017cnienia: dla Leny Skonecznej z SP Ko\u0142odzi\u0105\u017c, kl.I i dla \u00a0Aleksandry Skonecznej z kl. III SP Ko\u0142odzi\u0105\u017c.<\/p>\n<p style=\"text-align: justify;\"><strong>Laureaci w grupie 10-15 lat:<\/strong><\/p>\n<p style=\"text-align: justify;\">I miejsce &#8211; Izabella Ilczuk, SP Sadowne, kl.Vb<\/p>\n<p style=\"text-align: justify;\">II miejsce &#8211; Aleksandra Sobolewska, SP Ko\u0142odzi\u0105\u017c, kl. VI<\/p>\n<p style=\"text-align: justify;\">III miejsce &#8211; Julia Buber \u2013 Bubrowiecka, ZSP Grabiny, kl.IV<\/p>\n<p style=\"text-align: justify;\"><strong>Laureaci w grupie 15+:<\/strong><\/p>\n<p style=\"text-align: justify;\">I miejsce &#8211; Natalia Brzostek Gimnazjum w Sadownem, kl. IIc<\/p>\n<p style=\"text-align: justify;\">II miejsce &#8211; Natalia Ogonowska, Gimnazjum w Sadownem, kl. II c<\/p>\n<p style=\"text-align: justify;\">III miejsce &#8211; Karolina Kowalewska, Gimnazjum w Sadownem, \u00a0kl.I c.<\/p>\n<p style=\"text-align: justify;\">W tej kategorii przyznano jedno wyr\u00f3\u017cnienie dla Wiktorii Kowalczyk z kl. I c Gimnazjum w Sadownem.<\/p>\n<p style=\"text-align: justify;\"><strong>Wr\u0119czenie nagr\u00f3d dla laureat\u00f3w nast\u0105pi 20 stycznia 2017 roku w GOK Sadownem \u00a0(po premierze spektaklu w re\u017cyserii p. Danusi Chyli\u0144skiej).<\/strong><\/p>\n<p style=\"text-align: justify;\"><a href=\"https:\/\/photos.app.goo.gl\/SBCWHTkoxFoWtDZu8\" target=\"_blank\" rel=\"noopener noreferrer\"><span style=\"color: #0000ff;\"><strong>Zdj\u0119cia w galerii Google&gt;&gt;&gt;<\/strong><\/span><\/a><\/p>\n<p style=\"text-align: justify;\"><strong>GOK Sadowne<\/strong><\/p>\n","protected":false},"excerpt":{"rendered":"<p>22 grudnia 2016 roku zako\u0144czono konkurs \u201eNaj\u0142adniejsza ozdoba \u015bwi\u0105teczna\u201d, organizowany przez Gminny O\u015brodek Kultury w Sadownem.<\/p>\n","protected":false},"author":1,"featured_media":0,"comment_status":"open","ping_status":"closed","sticky":false,"template":"","format":"standard","meta":{"footnotes":""},"categories":[5,91,6],"tags":[169,2239],"class_list":["post-14326","post","type-post","status-publish","format-standard","hentry","category-newsy","category-gminny-osrodek-kultury","category-kultura-rozrywka-edukacja","tag-gminny-osrodek-kultury-w-sadownem","tag-konkurs-najladniejsza-ozdoba-swiateczna"],"views":2896,"_links":{"self":[{"href":"http:\/\/info.sadowne.pl\/index.php?rest_route=\/wp\/v2\/posts\/14326","targetHints":{"allow":["GET"]}}],"collection":[{"href":"http:\/\/info.sadowne.pl\/index.php?rest_route=\/wp\/v2\/posts"}],"about":[{"href":"http:\/\/info.sadowne.pl\/index.php?rest_route=\/wp\/v2\/types\/post"}],"author":[{"embeddable":true,"href":"http:\/\/info.sadowne.pl\/index.php?rest_route=\/wp\/v2\/users\/1"}],"replies":[{"embeddable":true,"href":"http:\/\/info.sadowne.pl\/index.php?rest_route=%2Fwp%2Fv2%2Fcomments&post=14326"}],"version-history":[{"count":2,"href":"http:\/\/info.sadowne.pl\/index.php?rest_route=\/wp\/v2\/posts\/14326\/revisions"}],"predecessor-version":[{"id":23175,"href":"http:\/\/info.sadowne.pl\/index.php?rest_route=\/wp\/v2\/posts\/14326\/revisions\/23175"}],"wp:attachment":[{"href":"http:\/\/info.sadowne.pl\/index.php?rest_route=%2Fwp%2Fv2%2Fmedia&parent=14326"}],"wp:term":[{"taxonomy":"category","embeddable":true,"href":"http:\/\/info.sadowne.pl\/index.php?rest_route=%2Fwp%2Fv2%2Fcategories&post=14326"},{"taxonomy":"post_tag","embeddable":true,"href":"http:\/\/info.sadowne.pl\/index.php?rest_route=%2Fwp%2Fv2%2Ftags&post=14326"}],"curies":[{"name":"wp","href":"https:\/\/api.w.org\/{rel}","templated":true}]}}