{"id":14382,"date":"2017-01-04T13:52:47","date_gmt":"2017-01-04T12:52:47","guid":{"rendered":"http:\/\/www.infosadowne.boo.pl\/?p=14382"},"modified":"2020-04-24T15:47:01","modified_gmt":"2020-04-24T13:47:01","slug":"zawody-sportowe","status":"publish","type":"post","link":"http:\/\/info.sadowne.pl\/?p=14382","title":{"rendered":"Zawody sportowe"},"content":{"rendered":"<p style=\"text-align: justify;\"><strong><img loading=\"lazy\" decoding=\"async\" class=\"alignleft size-thumbnail wp-image-14383\" src=\"http:\/\/www.info.sadowne.pl\/wp-content\/uploads\/2017\/01\/2017.01.04.1-180x130.jpg\" alt=\"2017-01-04-1\" width=\"180\" height=\"130\" \/>3 stycznia w Gminnej Hali Sportowej w Sadownem odby\u0142y si\u0119 Gminne Zawody Sportowe w dru\u017cynowym tenisie sto\u0142owym dziewcz\u0105t i ch\u0142opc\u00f3w szk\u00f3\u0142 podstawowych i gimnazjum.<\/strong><!--more--><\/p>\n<p style=\"text-align: justify;\">Zawody w\u015br\u00f3d ch\u0142opc\u00f3w rozegrano systemem \u201edo dw\u00f3ch przegranych\u201d, za\u015b w\u015br\u00f3d dziewcz\u0105t systemem \u201eka\u017cdy z ka\u017cdym\u201d.<\/p>\n<p style=\"text-align: justify;\"><strong><span style=\"text-decoration: underline;\">Dziewcz\u0119ta szk\u00f3\u0142 podstawowych<\/span><\/strong><\/p>\n<ol style=\"text-align: justify;\">\n<li>Szko\u0142a Podstawowa w Sadownem \u2013 dru\u017cyna I<\/li>\n<li>Szko\u0142a Podstawowa w Sadownem \u2013 dru\u017cyna II<\/li>\n<li>Zesp\u00f3\u0142 Szkolno \u2013 Przedszkolny w Grabinach<\/li>\n<li>Niepubliczna Szko\u0142a Podstawowa w Orze\u0142ku<\/li>\n<\/ol>\n<p style=\"text-align: justify;\"><span style=\"color: #3366ff;\"><strong><span style=\"text-decoration: underline;\">Klasyfikacja ko\u0144cowa<\/span><\/strong><\/span><\/p>\n<p style=\"text-align: justify;\"><strong>I miejsce \u2013 <\/strong>Z\u2013S P w Grabinach \u2013 <strong>Sylwia Wikie\u0142, Martyna Podg\u00f3rska<\/strong><\/p>\n<p style=\"text-align: justify;\"><strong>II miejsce \u2013 <\/strong>NSP w Orze\u0142ku<strong> \u2013 Karolina Materska, Sylwia Urbankowska, Kinga Rydzewska<\/strong><\/p>\n<p style=\"text-align: justify;\"><strong>III miejsce \u2013 <\/strong>SP w Sadownem dru\u017cyna II <strong>\u2013 Marta Szymanik, Aleksandra Biernat<\/strong><\/p>\n<p style=\"text-align: justify;\"><strong>IV miejsce \u2013 <\/strong>SP w Sadownem dru\u017cyna I <strong>\u2013 Zuzanna Szczechura, Julia G\u00f3ral<\/strong><\/p>\n<p style=\"text-align: justify;\"><strong><span style=\"text-decoration: underline;\">Ch\u0142opcy szk\u00f3\u0142 podstawowych<\/span><\/strong><\/p>\n<ol style=\"text-align: justify;\">\n<li>Szko\u0142a Podstawowa w Sadownem \u2013 dru\u017cyna I<\/li>\n<li>Szko\u0142a Podstawowa w Sadownem \u2013 dru\u017cyna II<\/li>\n<li>Zesp\u00f3\u0142 Szkolno \u2013 Przedszkolny w Grabinach<\/li>\n<li>Niepubliczna Szko\u0142a Podstawowa w Orze\u0142ku<\/li>\n<li>Niepubliczna Szko\u0142a Podstawowa w Ko\u0142odzi\u0105\u017cu<\/li>\n<\/ol>\n<p style=\"text-align: justify;\"><span style=\"color: #3366ff;\"><strong><span style=\"text-decoration: underline;\">Klasyfikacja ko\u0144cowa<\/span><\/strong><\/span><\/p>\n<p style=\"text-align: justify;\"><strong>I miejsce \u2013 <\/strong>SP w Sadownem dru\u017cyna II \u2013 <strong>Marcin Tyszka, Daniel Korpalski<\/strong><\/p>\n<p style=\"text-align: justify;\"><strong>II miejsce \u2013 <\/strong>SP w Sadownem dru\u017cyna I\u00a0<strong>\u2013 Krystian Cichocki, Jakub Jab\u0142onka<\/strong><\/p>\n<p style=\"text-align: justify;\"><strong>III miejsce \u2013<\/strong> NSP w Orze\u0142ku<strong> \u2013 Marcin \u015acibor, Mateusz Rostek, Kacper Wlaz\u0142owski<\/strong><\/p>\n<p style=\"text-align: justify;\"><strong>IV miejsce \u2013 <\/strong>Z\u2013S P w Grabinach\u00a0<strong>\u2013 Damian Karczmarczyk, Jakub Kowalczyk<\/strong><\/p>\n<p style=\"text-align: justify;\"><strong>V miejsce \u2013 <\/strong>NSP w Ko\u0142odzi\u0105\u017cu \u2013 <strong>Dawid Sobolewski, Dawid Ogonowski<\/strong><\/p>\n<p style=\"text-align: justify;\"><strong><span style=\"text-decoration: underline;\">Dziewcz\u0119ta gimnazjum<\/span><\/strong><\/p>\n<p style=\"text-align: justify;\"><span style=\"color: #3366ff;\"><strong><span style=\"text-decoration: underline;\">Klasyfikacja ko\u0144cowa<\/span><\/strong><\/span><\/p>\n<p style=\"text-align: justify;\"><strong>I miejsce \u2013 <\/strong>Gimnazjum \u00a0w Sadownem dru\u017cyna\u00a0 I \u2013 <strong>Solarska Zuzanna, Pu\u015bcion Aleksandra<\/strong><\/p>\n<p style=\"text-align: justify;\"><strong>II miejsce \u2013 <\/strong>Gimnazjum w Sadownem dru\u017cyna II\u00a0<strong>\u2013 Kania Katarzyna, Olton Klaudia<\/strong><\/p>\n<p style=\"text-align: justify;\"><strong>III miejsce \u2013<\/strong> Gimnazjum w Sadownem dru\u017cyna III<strong> \u2013 Nowak Klarysa, Gajewska Magdalena<\/strong><\/p>\n<p style=\"text-align: justify;\"><strong><span style=\"text-decoration: underline;\">Ch\u0142opcy gimnazjum<\/span><\/strong><\/p>\n<p style=\"text-align: justify;\"><span style=\"color: #3366ff;\"><strong><span style=\"text-decoration: underline;\">Klasyfikacja ko\u0144cowa<\/span><\/strong><\/span><\/p>\n<p style=\"text-align: justify;\"><strong>I miejsce \u2013 <\/strong>Gimnazjum \u00a0w Sadownem dru\u017cyna\u00a0 II \u2013 \u00a0<strong>S\u00f3wka Kamil ,Wyszy\u0144ski Maciej<\/strong><\/p>\n<p style=\"text-align: justify;\"><strong>II miejsce \u2013 <\/strong>Gimnazjum w Sadownem dru\u017cyna I\u00a0<strong>\u2013 Zi\u00f3\u0142kowski Karol, Sadowski Piotr<\/strong><\/p>\n<p style=\"text-align: justify;\"><strong>III miejsce \u2013<\/strong> Gimnazjum w Sadownem dru\u017cyna IV<strong> \u2013 Tytman Piotr, Tytman Pawe\u0142<\/strong><\/p>\n<p style=\"text-align: justify;\"><strong>IV miejsce \u2013<\/strong> Gimnazjum w Sadownem dru\u017cyna III \u2013 <strong>Wycech Pawe\u0142, Kujawa \u0141ukasz<\/strong><\/p>\n<p style=\"text-align: justify;\"><strong>V miejsce \u2013<\/strong> Gimnazjum w Sadownem dru\u017cyna V \u2013 <strong>Biernat Kacper, Biernat Mateusz<\/strong><\/p>\n<p style=\"text-align: justify;\"><a href=\"https:\/\/photos.app.goo.gl\/16LJ3sBawnXn78MQ7\" target=\"_blank\" rel=\"noopener noreferrer\"><span style=\"color: #0000ff;\"><strong>Zdj\u0119cia w galerii Google&gt;&gt;&gt;<\/strong><\/span><\/a><\/p>\n","protected":false},"excerpt":{"rendered":"<p>3 stycznia w Gminnej Hali Sportowej w Sadownem odby\u0142y si\u0119 Gminne Zawody Sportowe w dru\u017cynowym tenisie sto\u0142owym dziewcz\u0105t i ch\u0142opc\u00f3w szk\u00f3\u0142 podstawowych i gimnazjum.<\/p>\n","protected":false},"author":1,"featured_media":0,"comment_status":"open","ping_status":"closed","sticky":false,"template":"","format":"standard","meta":{"footnotes":""},"categories":[5,83,1752],"tags":[2276,2277],"class_list":["post-14382","post","type-post","status-publish","format-standard","hentry","category-newsy","category-gimnazjum","category-edukacja","tag-gminne-zawody-sportowe-w-sadownem","tag-tenis-stolowy"],"views":2904,"_links":{"self":[{"href":"http:\/\/info.sadowne.pl\/index.php?rest_route=\/wp\/v2\/posts\/14382","targetHints":{"allow":["GET"]}}],"collection":[{"href":"http:\/\/info.sadowne.pl\/index.php?rest_route=\/wp\/v2\/posts"}],"about":[{"href":"http:\/\/info.sadowne.pl\/index.php?rest_route=\/wp\/v2\/types\/post"}],"author":[{"embeddable":true,"href":"http:\/\/info.sadowne.pl\/index.php?rest_route=\/wp\/v2\/users\/1"}],"replies":[{"embeddable":true,"href":"http:\/\/info.sadowne.pl\/index.php?rest_route=%2Fwp%2Fv2%2Fcomments&post=14382"}],"version-history":[{"count":4,"href":"http:\/\/info.sadowne.pl\/index.php?rest_route=\/wp\/v2\/posts\/14382\/revisions"}],"predecessor-version":[{"id":23173,"href":"http:\/\/info.sadowne.pl\/index.php?rest_route=\/wp\/v2\/posts\/14382\/revisions\/23173"}],"wp:attachment":[{"href":"http:\/\/info.sadowne.pl\/index.php?rest_route=%2Fwp%2Fv2%2Fmedia&parent=14382"}],"wp:term":[{"taxonomy":"category","embeddable":true,"href":"http:\/\/info.sadowne.pl\/index.php?rest_route=%2Fwp%2Fv2%2Fcategories&post=14382"},{"taxonomy":"post_tag","embeddable":true,"href":"http:\/\/info.sadowne.pl\/index.php?rest_route=%2Fwp%2Fv2%2Ftags&post=14382"}],"curies":[{"name":"wp","href":"https:\/\/api.w.org\/{rel}","templated":true}]}}