{"id":14518,"date":"2017-01-17T15:43:37","date_gmt":"2017-01-17T14:43:37","guid":{"rendered":"http:\/\/www.infosadowne.boo.pl\/?p=14518"},"modified":"2017-01-17T15:45:30","modified_gmt":"2017-01-17T14:45:30","slug":"gramy-coraz-glosniej-i-radosniej","status":"publish","type":"post","link":"http:\/\/info.sadowne.pl\/?p=14518","title":{"rendered":"Gramy coraz g\u0142o\u015bniej i rado\u015bniej"},"content":{"rendered":"<p><strong><a href=\"http:\/\/www.info.sadowne.pl\/wp-content\/uploads\/2017\/01\/2017.01.17.1.jpg\" target=\"_blank\"><img loading=\"lazy\" decoding=\"async\" class=\"alignleft wp-image-14520 size-thumbnail\" src=\"http:\/\/www.info.sadowne.pl\/wp-content\/uploads\/2017\/01\/2017.01.17.1-180x130.jpg\" width=\"180\" height=\"130\" \/><\/a>Realizacj\u0119 fina\u0142\u00f3w WO\u015aP rozkr\u0119camy coraz bardziej, a przez to coraz g\u0142o\u015bniej j\u0105 s\u0142ycha\u0107. To zas\u0142uga wielu ludzi dobrej woli, kt\u00f3rzy w\u0142\u0105czaj\u0105 si\u0119 w to wielkie dzie\u0142o pomocy. <\/strong><!--more--><\/p>\n<p>W tym roku \u2013 jakby na przek\u00f3r tym, kt\u00f3rzy hejtuj\u0105 to, co WO\u015aP i Jurek Owsiak robi\u0105 \u2013 Orkiestra zyska\u0142a bezp\u0142atn\u0105 reklam\u0119,\u00a0 a to spowodowa\u0142o, \u017ce ci, kt\u00f3rzy ju\u017c wcze\u015bniej si\u0119 anga\u017cowali, teraz wysilali si\u0119 jeszcze bardziej, a ci, kt\u00f3rzy do tej pory nie wyra\u017cali swojego zdania, zostali zmuszeni do zaj\u0119cia konkretnego stanowiska.<\/p>\n<p><a href=\"http:\/\/www.info.sadowne.pl\/wp-content\/uploads\/2017\/01\/2017.01.17.2.jpg\" target=\"_blank\"><img loading=\"lazy\" decoding=\"async\" class=\"alignright wp-image-14521 size-thumbnail\" src=\"http:\/\/www.info.sadowne.pl\/wp-content\/uploads\/2017\/01\/2017.01.17.2-180x130.jpg\" width=\"180\" height=\"130\" \/><\/a>W sztabie XXV fina\u0142u WO\u015aP w Ko\u0142odzi\u0105\u017cu by\u0142o to szczeg\u00f3lnie wida\u0107. Ju\u017c w momencie przygotowa\u0144 okaza\u0142o si\u0119, \u017ce sztab b\u0119dzie mia\u0142 wi\u0119cej wolontariuszy ni\u017c w latach poprzednich \u2013 ich liczba zwi\u0119kszy\u0142a si\u0119 do 9 os\u00f3b. Ponadto do wsp\u00f3\u0142pracy zg\u0142osi\u0142y si\u0119 osoby z ca\u0142ej gminy, a nawet spoza niej.<\/p>\n<p><a href=\"http:\/\/www.info.sadowne.pl\/wp-content\/uploads\/2017\/01\/2017.01.17.3.jpg\" target=\"_blank\"><img loading=\"lazy\" decoding=\"async\" class=\"alignleft wp-image-14522 size-thumbnail\" src=\"http:\/\/www.info.sadowne.pl\/wp-content\/uploads\/2017\/01\/2017.01.17.3-180x130.jpg\" width=\"180\" height=\"130\" \/><\/a>Du\u017cym wsparciem okaza\u0142o si\u0119 poparcie i zaanga\u017cowanie w\u00f3jta gminy Sadowne, p. Waldemara Cyrana, kt\u00f3ry swoj\u0105 obecno\u015bci\u0105 u\u015bwietni\u0142 rozpocz\u0119cie imprezy w sztabie i asystowa\u0142 przy licytacji za\u015bwiadczenia o jednodniowym pe\u0142nieniu honorowej funkcji w\u00f3jta gminy Sadowne. Wynik licytacji zaskoczy\u0142 chyba wszystkich, bo okaza\u0142o si\u0119, \u017ce \u201efotel\u201d w\u00f3jta bardzo spodoba\u0142 si\u0119 ubieg\u0142orocznemu zwyci\u0119zcy podobnej licytacji, Mateuszowi Kowalczykowi z Ko\u0142odzi\u0105\u017ca Rybie. W tym roku Mateusz wylicytowa\u0142 \u201ew\u00f3jtowanie\u201d za 630 z\u0142.<\/p>\n<p><a href=\"http:\/\/www.info.sadowne.pl\/wp-content\/uploads\/2017\/01\/2017.01.17.4.jpg\" target=\"_blank\"><img loading=\"lazy\" decoding=\"async\" class=\"alignright wp-image-14523 size-thumbnail\" src=\"http:\/\/www.info.sadowne.pl\/wp-content\/uploads\/2017\/01\/2017.01.17.4-180x130.jpg\" width=\"180\" height=\"130\" \/><\/a>Dzi\u0119ki poparciu sklep\u00f3w \u201eRobert\u201d, \u201eTopaz\u201d i \u201eMr\u00f3wka\u201d z Sadownego nasi wolontariusze mieli mo\u017cliwo\u015b\u0107 kwestowania nie tylko w dniu fina\u0142u, ale i du\u017co wcze\u015bniej. To pozwoli\u0142o im na zebranie do puszek niebagatelnej kwoty 8 900 z\u0142.<\/p>\n<p>Od samego pocz\u0105tku naszej wsp\u00f3\u0142pracy z Orkiestr\u0105, czyli od 9 lat, nasz sztab wspiera &#8211; maj\u0105cy ogromne serce &#8211; zesp\u00f3\u0142 \u201eSami Swoi\u201d. To jego fani wspieraj\u0105 nasz\u0105 inicjatyw\u0119 i ch\u0119tnie bior\u0105 udzia\u0142\u00a0\u00a0\u00a0\u00a0 w zabawie tanecznej w siedzibie sztabu a\u017c do odpalenia \u201e\u015awiate\u0142ka do Nieba\u201d, oczywi\u015bcie z przerw\u0105 na licytacje. W tym roku z licytacji wielu gad\u017cet\u00f3w od WO\u015aPu i innych darczy\u0144c\u00f3w zebrano kwot\u0119\u00a0\u00a0\u00a0\u00a0 \u00a03 415 z\u0142.<\/p>\n<p><a href=\"http:\/\/www.info.sadowne.pl\/wp-content\/uploads\/2017\/01\/2017.01.17.5.jpg\" target=\"_blank\"><img loading=\"lazy\" decoding=\"async\" class=\"alignleft wp-image-14524 size-thumbnail\" src=\"http:\/\/www.info.sadowne.pl\/wp-content\/uploads\/2017\/01\/2017.01.17.5-180x130.jpg\" width=\"180\" height=\"130\" \/><\/a>Og\u00f3lnie sztab w Ko\u0142odzi\u0105\u017cu, podczas tegorocznego jubileuszowego fina\u0142u, zebra\u0142 ponad 14\u00a0000 z\u0142. Ch\u0119tni wp\u0142acali pieni\u0105dze nawet po odpaleniu przez OSP w Sok\u00f3\u0142ce naszego \u015awiate\u0142ka.<\/p>\n<p>Tym sposobem uda\u0142o si\u0119 nam pobi\u0107 zesz\u0142oroczny rekord, za co sztab chcia\u0142by serdecznie podzi\u0119kowa\u0107:<\/p>\n<ul>\n<li>W\u00f3jtowi gminy Sadowne p. Waldemarowi Cyranowi za otwarcie imprezy u\u015bwietniaj\u0105cej udzia\u0142 sztabu w XXV finale WO\u015aP i asyst\u0119 przy licytacji za\u015bwiadczenia na jednodniowe pe\u0142nienie honorowej funkcji w\u00f3jta;<\/li>\n<li><a href=\"http:\/\/www.info.sadowne.pl\/wp-content\/uploads\/2017\/01\/2017.01.17.6.jpg\" target=\"_blank\"><img loading=\"lazy\" decoding=\"async\" class=\"alignright wp-image-14525 size-thumbnail\" src=\"http:\/\/www.info.sadowne.pl\/wp-content\/uploads\/2017\/01\/2017.01.17.6-180x130.jpg\" width=\"180\" height=\"130\" \/><\/a>zespo\u0142owi \u201eSami Swoi\u201d za obs\u0142ug\u0119 muzyczn\u0105 imprezy;<\/li>\n<li>kierownictwu i obs\u0142udze sklep\u00f3w: \u201eRobert\u201d, \u201eTopaz\u201d i \u201eMr\u00f3wka\u201d w Sadownem za umo\u017cliwienie w tych sklepach kwestowania naszym wolontariuszom;<\/li>\n<li>sklepowi Sad-Pol w Sadownem za ofiarowanie fajerwerk\u00f3w na \u201e\u015awiate\u0142ko do Nieba\u201d;<\/li>\n<li>wolontariuszom: Joannie Telak, Julii G\u00f3ral, Karolinie Koralewskiej, Karolinie Kami\u0144skiej, Paw\u0142owi Tytmanowi, Mateuszowi Kowalczykowi, Sebastianowi Zawadzkiemu, Patrycji Parafia\u0144czyk i Daminice Ga\u0142\u0105zce za zbi\u00f3rk\u0119 pieni\u0119dzy do puszek;<\/li>\n<li>rodzicom i rodzinom wolontariuszy za pomoc kwestuj\u0105cym w dotarciu do r\u00f3\u017cnych miejsc zbierania pieni\u0119dzy w naszej gminie i poza ni\u0105;<\/li>\n<li><a href=\"http:\/\/www.info.sadowne.pl\/wp-content\/uploads\/2017\/01\/2017.01.17.7.jpg\" target=\"_blank\"><img loading=\"lazy\" decoding=\"async\" class=\"alignright wp-image-14526 size-thumbnail\" src=\"http:\/\/www.info.sadowne.pl\/wp-content\/uploads\/2017\/01\/2017.01.17.7-180x130.jpg\" width=\"180\" height=\"130\" \/><\/a>Szkole Podstawowej im. Czes\u0142awa Wycecha i ZSP w Sadownem za umo\u017cliwienie wolontariuszom kwestowania na terenie tych szk\u00f3\u0142;<\/li>\n<li>p. Marcie Kar\u0142owicz i Mateuszowi Kowalczykowi\u00a0 za malowanie twarzy i wykonywanie tatua\u017cy podczas imprezy w sztabie;<\/li>\n<li>stra\u017cakom OSP Sok\u00f3\u0142ka za przeprowadzenie szkolenia z zakresu pierwszej pomocy przed medycznej i pomoc w odpaleniu \u201e\u015awiate\u0142ka do Nieba\u201d;<\/li>\n<li>dyrekcji, nauczycielom i pracownikom NSP im. J. Korczaka w Ko\u0142odzi\u0105\u017cu za dekoracj\u0119 sali na XXV Fina\u0142, udost\u0119pnienie pomieszcze\u0144, promocj\u0119 wydarzenia i za szereg innych prac organizacyjnych;<\/li>\n<li>rodzicom uczni\u00f3w NSP w Ko\u0142odzi\u0105\u017cu i cz\u0142onkom Przyszkolnego Stowarzyszenia \u201eWszyscy Razem\u201d za pomoc w organizacji dzia\u0142a\u0144 sztabu, przygotowanie wyposa\u017cenia bufetu i jego obs\u0142ug\u0119;<\/li>\n<li>zwyci\u0119zcom licytacji gad\u017cet\u00f3w od WO\u015aP i innych darczy\u0144c\u00f3w;<\/li>\n<li>ofiarodawcom gad\u017cet\u00f3w na licytacje XXV fina\u0142u<\/li>\n<li>darczy\u0144com za udzia\u0142 w dzia\u0142aniach sztabu i ofiarne serce na rzecz WO\u015aP.<\/li>\n<\/ul>\n<p>Zdj\u0119cia na stronie <span style=\"color: #0000ff;\"><a style=\"color: #0000ff;\" href=\"http:\/\/www.spkolodziaz.szkolnastrona.pl\/art,97,rekordowy-final-wielkiej-orkiestry-swiatecznej-pomocy-gramy-coraz-glosniej-i-radosniej\" target=\"_blank\"><strong>Niepublicznej Szko\u0142y Podstawowej w Ko\u0142odzi\u0105\u017cu&gt;&gt;&gt;<\/strong><\/a><\/span><\/p>\n<p><strong>Zofia Kowalczyk<\/strong><\/p>\n","protected":false},"excerpt":{"rendered":"<p>Realizacj\u0119 fina\u0142\u00f3w WO\u015aP rozkr\u0119camy coraz bardziej, a przez to coraz g\u0142o\u015bniej j\u0105 s\u0142ycha\u0107. To zas\u0142uga wielu ludzi dobrej woli, kt\u00f3rzy w\u0142\u0105czaj\u0105 si\u0119 w to wielkie dzie\u0142o pomocy.<\/p>\n","protected":false},"author":1,"featured_media":0,"comment_status":"closed","ping_status":"closed","sticky":false,"template":"","format":"standard","meta":{"footnotes":""},"categories":[5,1752,42],"tags":[2281,1151,105],"class_list":["post-14518","post","type-post","status-publish","format-standard","hentry","category-newsy","category-edukacja","category-szkola-podstawowa-w-kolodziazu","tag-25-final-wosp-w-kolodziazu","tag-niepubliczna-szkola-podstawowa-w-kolodziazu","tag-przyszkolne-stowarzyszenie-wszyscy-razem"],"views":3418,"_links":{"self":[{"href":"http:\/\/info.sadowne.pl\/index.php?rest_route=\/wp\/v2\/posts\/14518","targetHints":{"allow":["GET"]}}],"collection":[{"href":"http:\/\/info.sadowne.pl\/index.php?rest_route=\/wp\/v2\/posts"}],"about":[{"href":"http:\/\/info.sadowne.pl\/index.php?rest_route=\/wp\/v2\/types\/post"}],"author":[{"embeddable":true,"href":"http:\/\/info.sadowne.pl\/index.php?rest_route=\/wp\/v2\/users\/1"}],"replies":[{"embeddable":true,"href":"http:\/\/info.sadowne.pl\/index.php?rest_route=%2Fwp%2Fv2%2Fcomments&post=14518"}],"version-history":[{"count":2,"href":"http:\/\/info.sadowne.pl\/index.php?rest_route=\/wp\/v2\/posts\/14518\/revisions"}],"predecessor-version":[{"id":14529,"href":"http:\/\/info.sadowne.pl\/index.php?rest_route=\/wp\/v2\/posts\/14518\/revisions\/14529"}],"wp:attachment":[{"href":"http:\/\/info.sadowne.pl\/index.php?rest_route=%2Fwp%2Fv2%2Fmedia&parent=14518"}],"wp:term":[{"taxonomy":"category","embeddable":true,"href":"http:\/\/info.sadowne.pl\/index.php?rest_route=%2Fwp%2Fv2%2Fcategories&post=14518"},{"taxonomy":"post_tag","embeddable":true,"href":"http:\/\/info.sadowne.pl\/index.php?rest_route=%2Fwp%2Fv2%2Ftags&post=14518"}],"curies":[{"name":"wp","href":"https:\/\/api.w.org\/{rel}","templated":true}]}}