{"id":14530,"date":"2017-01-17T16:55:41","date_gmt":"2017-01-17T15:55:41","guid":{"rendered":"http:\/\/www.infosadowne.boo.pl\/?p=14530"},"modified":"2017-01-17T16:55:41","modified_gmt":"2017-01-17T15:55:41","slug":"nie-chwalimy-sie-ale","status":"publish","type":"post","link":"http:\/\/info.sadowne.pl\/?p=14530","title":{"rendered":"Nie chwalimy si\u0119, ale\u2026"},"content":{"rendered":"<p><strong><img loading=\"lazy\" decoding=\"async\" class=\"alignleft size-thumbnail wp-image-14532\" src=\"http:\/\/www.info.sadowne.pl\/wp-content\/uploads\/2017\/01\/2017.01.17.14-180x130.jpg\" alt=\"\" width=\"180\" height=\"130\" \/>Gminna Biblioteka Publiczna w Sadownem ponownie zaj\u0119\u0142a wysok\u0105, 112. pozycj\u0119 w og\u00f3lnopolskim \u201eRankingu Bibliotek\u201d.<\/strong><!--more--><\/p>\n<p>Jak podaje Instytut Ksi\u0105\u017cki \u2013 narodowa instytucja kultury, w VI Rankingu Bibliotek (prowadzonym przez Instytut Ksi\u0105\u017cki i \u201eRzeczpospolit\u0105\u201d), kt\u00f3ry podsumowuje prac\u0119 wszystkich bibliotek w Polsce, wzi\u0119\u0142o udzia\u0142 ponad 800 plac\u00f3wek tego typu. W opisie podsumowania Rankingu mo\u017cemy przeczyta\u0107:<\/p>\n<p><em><a href=\"http:\/\/www.info.sadowne.pl\/wp-content\/uploads\/2017\/01\/2017.01.17.11.jpg\" target=\"_blank\"><img loading=\"lazy\" decoding=\"async\" class=\"alignright wp-image-14533 size-medium\" src=\"http:\/\/www.info.sadowne.pl\/wp-content\/uploads\/2017\/01\/2017.01.17.11-300x225.jpg\" width=\"300\" height=\"225\" srcset=\"http:\/\/info.sadowne.pl\/wp-content\/uploads\/2017\/01\/2017.01.17.11-300x225.jpg 300w, http:\/\/info.sadowne.pl\/wp-content\/uploads\/2017\/01\/2017.01.17.11.jpg 448w\" sizes=\"auto, (max-width: 300px) 100vw, 300px\" \/><\/a>Rozes\u0142anych zosta\u0142o 2300 ankiet do wszystkich gmin wiejskich i miejsko-wiejskich oraz miast maj\u0105cych mniej ni\u017c 15 tys. mieszka\u0144c\u00f3w. Odpowiedzia\u0142o nam ponad 760 bibliotek. W\u015br\u00f3d bibliotek, kt\u00f3re nades\u0142a\u0142y ankiety a\u017c 75 posiada filie. Tylko oko\u0142o 35-40 proc. plac\u00f3wek bibliotecznych jest przystosowanych dla os\u00f3b niepe\u0142nosprawnych, przewa\u017cnie s\u0105 to nowe biblioteki\u00a0 lub powstaj\u0105ce filie. W ponad po\u0142owie plac\u00f3wek znajduj\u0105 si\u0119 zbiory dla os\u00f3b niewidz\u0105cych lub s\u0142abowidz\u0105cych: ksi\u0105\u017cki z du\u017c\u0105 czcionk\u0105 czy m\u00f3wione. Niemal we wszystkich bibliotekach mo\u017cna skorzysta\u0107 z Internetu, a w ponad 60 proc. tak\u017ce z WI-F. Ponad 60 proc. bibliotek deklaruje \u017ce ma swoj\u0105 stron\u0119 internetow\u0105\u2026 \u015aredni tygodniowy czas otwarcia biblioteki g\u0142\u00f3wnej wynosi 42 godziny, filie s\u0105 otwarte 16 godziny w tygodniu. W bibliotece g\u0142\u00f3wnej\u00a0 na stanowisku bibliotekarskim w przeliczeniu na etaty pracuje 2,6 osoby. \u015arednia powierzchnia biblioteki wynosi prawie 200 mkw., filii 60 mkw. \u015arednio na ka\u017cdy 1000 mieszka\u0144c\u00f3w 145 jest czytelnikami biblioteki. Jedna osoba \u015brednio wypo\u017cycza 19 ksi\u0105\u017cek rocznie. \u015aredni ksi\u0119gozbi\u00f3r biblioteki to prawie 40 tys. ksi\u0105\u017cek. Oko\u0142o 30 proc. to ksi\u0105\u017cki nabyte po 2002 roku. W 2012 roku \u015brednio do jednej biblioteki trafi\u0142o ponad 1000 nowych ksi\u0105\u017cek. W wi\u0119kszo\u015bci bibliotek dotacje w 2013 roku pozosta\u0142y na takim samym poziomie jak w 2012 roku. \u015arednia dotacja dla biblioteki stanowi 1.06 proc. bud\u017cetu gminny. <\/em>To tyle statystyki og\u00f3lnej, a jak si\u0119 to przedstawia u nas?<\/p>\n<p>Gminna Biblioteka Publiczna w 2016 roku zaj\u0119\u0142a bardzo wysokie \u2013 112. miejsce. W podsumowaniu swojej dzia\u0142alno\u015bci uzyska\u0142a punkt\u00f3w, na kt\u00f3re mia\u0142o wp\u0142yw kilka czynnik\u00f3w: m.in. liczba czytelnik\u00f3w na 1000 mieszka\u0144c\u00f3w, wypo\u017cyczenia ksi\u0119gozbioru na 1 czytelnika w woluminach, ksi\u0119gozbi\u00f3r na 1000 mieszka\u0144c\u00f3w, liczba ksi\u0105\u017cek nabytych przed i w 2005 roku, a tak\u017ce wysoko\u015b\u0107 uzyskanych dotacji.<\/p>\n<p><a href=\"http:\/\/www.info.sadowne.pl\/wp-content\/uploads\/2017\/01\/2017.01.17.12.jpg\" target=\"_blank\"><img loading=\"lazy\" decoding=\"async\" class=\"alignleft wp-image-14534 size-medium\" src=\"http:\/\/www.info.sadowne.pl\/wp-content\/uploads\/2017\/01\/2017.01.17.12-300x225.jpg\" width=\"300\" height=\"225\" srcset=\"http:\/\/info.sadowne.pl\/wp-content\/uploads\/2017\/01\/2017.01.17.12-300x225.jpg 300w, http:\/\/info.sadowne.pl\/wp-content\/uploads\/2017\/01\/2017.01.17.12.jpg 448w\" sizes=\"auto, (max-width: 300px) 100vw, 300px\" \/><\/a>Ale, co najwa\u017cniejsze, sadowe\u0144ska Biblioteka, opr\u00f3cz 112. miejsca na ponad 800 plac\u00f3wek w kraju, uplasowa\u0142a si\u0119 na 9. miejscu w wojew\u00f3dztwie mazowieckim. Dla przyk\u0142adu: ni\u017cej w rankingu znalaz\u0142y si\u0119 biblioteki: w \u0141ochowie \u2013 515. miejsce, Ma\u0142kini G\u00f3rnej \u2013 250. miejsce i w Broku \u2013 195. miejsce. A wi\u0119c trudno nie zauwa\u017cy\u0107, i\u017c Nasza Gmina przoduje w okolicy pod wzgl\u0119dem czytelnictwa i jako\u015bci dzia\u0142a\u0144 prowadzonych przez Gminn\u0105 Bibliotek\u0119 Publiczn\u0105.<\/p>\n<p>I a\u017c szkoda, \u017ce zazwyczaj w takich rankingach wyr\u00f3\u017cnia si\u0119 tylko pierwsz\u0105 \u201edziesi\u0105tk\u0119\u201d, a w sto\u0142ecznym Pa\u0142acu Rzeczypospolitej, b\u0119d\u0105cym jedn\u0105 z siedzib Biblioteki Narodowej, mogli odebra\u0107 nagrody tylko zwyci\u0119zcy Rankingu Bibliotek 2016.<\/p>\n<p><a href=\"http:\/\/www.info.sadowne.pl\/wp-content\/uploads\/2017\/01\/2017.01.17.13.jpg\" target=\"_blank\"><img loading=\"lazy\" decoding=\"async\" class=\"alignright wp-image-14535 size-medium\" src=\"http:\/\/www.info.sadowne.pl\/wp-content\/uploads\/2017\/01\/2017.01.17.13-300x225.jpg\" width=\"300\" height=\"225\" srcset=\"http:\/\/info.sadowne.pl\/wp-content\/uploads\/2017\/01\/2017.01.17.13-300x225.jpg 300w, http:\/\/info.sadowne.pl\/wp-content\/uploads\/2017\/01\/2017.01.17.13.jpg 448w\" sizes=\"auto, (max-width: 300px) 100vw, 300px\" \/><\/a>Jak podkre\u015blano podczas tej uroczysto\u015bci, biblioteki s\u0105 cz\u0119\u015bci\u0105 setek lat szlachetnego dziedzictwa narodu, a drog\u0105 do rozwoju Polski jest rozw\u00f3j ma\u0142ych bibliotek. Jak m\u00f3wi\u0142 prezes Instytutu Ksi\u0105\u017cki Dariusz Jaworski \u2013 <em>Samorz\u0105dy cz\u0119sto maj\u0105 dylemat: inwestowa\u0107 w drogi czy w biblioteki. Ale zapyta\u0142 te\u017c: po co drogi, kt\u00f3re nie prowadz\u0105 do bibliotek?<\/em> I jest to s\u0142uszne pytanie!<\/p>\n<p><strong>Podsumowuj\u0105c: brawa dla Gminnej Biblioteki Publicznej w Sadownem. Oby rozw\u00f3j czytelnictwa w Gminie Sadowne nadal post\u0119powa\u0142 w takim tempie, a \u201edr\u00f3g do biblioteki przybywa\u0142o\u201d.<\/strong><\/p>\n<p><span style=\"color: #0000ff;\"><a style=\"color: #0000ff;\" href=\"http:\/\/www.rp.pl\/instytutksiazki\" target=\"_blank\"><strong>Pe\u0142na lista jest ju\u017c dost\u0119pna na stronach internetowych \u201eRzeczpospolitej\u201d&gt;&gt;&gt;<\/strong><\/a><\/span><\/p>\n<p><strong>Tekst:<\/strong> S\u0142awek Chyli\u0144ski<\/p>\n<p><strong>\u0179r\u00f3d\u0142a: <\/strong><\/p>\n<p><a href=\"http:\/\/www.instytutksiazki.pl\/w-instytucie,o-nas,30398,wyniki-rankingu-bibliotek.html\" target=\"_blank\">http:\/\/www.instytutksiazki.pl\/w-instytucie,o-nas,30398,wyniki-rankingu-bibliotek.html<\/a><\/p>\n<p><a href=\"http:\/\/www.rp.pl\/instytutksiazki\" target=\"_blank\">http:\/\/www.rp.pl\/instytutksiazki<\/a><\/p>\n","protected":false},"excerpt":{"rendered":"<p>Gminna Biblioteka Publiczna w Sadownem ponownie zaj\u0119\u0142a wysok\u0105, 112. pozycj\u0119 w og\u00f3lnopolskim \u201eRankingu Bibliotek\u201d.<\/p>\n","protected":false},"author":1,"featured_media":0,"comment_status":"closed","ping_status":"closed","sticky":false,"template":"","format":"standard","meta":{"footnotes":""},"categories":[5,2149,6],"tags":[113,2298],"class_list":["post-14530","post","type-post","status-publish","format-standard","hentry","category-newsy","category-gminna-biblioteka-publiczna","category-kultura-rozrywka-edukacja","tag-gminna-biblioteka-publiczna-w-sadownem","tag-ranking-bibliotek-2016"],"views":2957,"_links":{"self":[{"href":"http:\/\/info.sadowne.pl\/index.php?rest_route=\/wp\/v2\/posts\/14530","targetHints":{"allow":["GET"]}}],"collection":[{"href":"http:\/\/info.sadowne.pl\/index.php?rest_route=\/wp\/v2\/posts"}],"about":[{"href":"http:\/\/info.sadowne.pl\/index.php?rest_route=\/wp\/v2\/types\/post"}],"author":[{"embeddable":true,"href":"http:\/\/info.sadowne.pl\/index.php?rest_route=\/wp\/v2\/users\/1"}],"replies":[{"embeddable":true,"href":"http:\/\/info.sadowne.pl\/index.php?rest_route=%2Fwp%2Fv2%2Fcomments&post=14530"}],"version-history":[{"count":1,"href":"http:\/\/info.sadowne.pl\/index.php?rest_route=\/wp\/v2\/posts\/14530\/revisions"}],"predecessor-version":[{"id":14537,"href":"http:\/\/info.sadowne.pl\/index.php?rest_route=\/wp\/v2\/posts\/14530\/revisions\/14537"}],"wp:attachment":[{"href":"http:\/\/info.sadowne.pl\/index.php?rest_route=%2Fwp%2Fv2%2Fmedia&parent=14530"}],"wp:term":[{"taxonomy":"category","embeddable":true,"href":"http:\/\/info.sadowne.pl\/index.php?rest_route=%2Fwp%2Fv2%2Fcategories&post=14530"},{"taxonomy":"post_tag","embeddable":true,"href":"http:\/\/info.sadowne.pl\/index.php?rest_route=%2Fwp%2Fv2%2Ftags&post=14530"}],"curies":[{"name":"wp","href":"https:\/\/api.w.org\/{rel}","templated":true}]}}