{"id":14693,"date":"2017-01-29T12:26:47","date_gmt":"2017-01-29T11:26:47","guid":{"rendered":"http:\/\/www.infosadowne.boo.pl\/?p=14693"},"modified":"2017-01-29T12:26:47","modified_gmt":"2017-01-29T11:26:47","slug":"piekna-tradycja","status":"publish","type":"post","link":"http:\/\/info.sadowne.pl\/?p=14693","title":{"rendered":"Pi\u0119kna tradycja"},"content":{"rendered":"<p><strong><a href=\"http:\/\/www.info.sadowne.pl\/wp-content\/uploads\/2017\/01\/2017.01.29.1.jpg\" target=\"_blank\"><img loading=\"lazy\" decoding=\"async\" class=\"alignleft wp-image-14695 size-thumbnail\" src=\"http:\/\/www.info.sadowne.pl\/wp-content\/uploads\/2017\/01\/2017.01.29.1-180x130.jpg\" width=\"180\" height=\"130\" \/><\/a>Po raz kolejny, zgodnie z tradycj\u0105 w Niepublicznej Szkole Podstawowej w Ko\u0142odzi\u0105\u017cu 19 stycznia uroczy\u015bcie obchodzono Dzie\u0144 Babci i Dziadka.<\/strong><!--more--><\/p>\n<p>Jest to impreza \u015brodowiskowa, cieszy si\u0119 ogromnym zainteresowaniem w\u015br\u00f3d mieszka\u0144c\u00f3w okolicznych miejscowo\u015bci. Bardzo ch\u0119tnie przychodz\u0105 na ni\u0105 nie tylko Dziadkowie i Babcie z naszej szko\u0142y, ale tak\u017ce ci, kt\u00f3rzy ju\u017c tu\u00a0 nie maj\u0105 swoich wnuk\u00f3w. Dla Bab\u0107 i Dziadk\u00f3w jest to okazja, \u017ceby zn\u00f3w spotka\u0107 si\u0119 ze znajomymi w wi\u0119kszym gronie, podzieli\u0107 si\u0119 wspomnieniami z dawnych czas\u00f3w, tak\u017ce nowinkami. Dla podkre\u015blenia wa\u017cno\u015bci w naszym \u017cyciu tradycji i wsp\u00f3lnoty \u015brodowiska lokalnego uroczysto\u015b\u0107 odby\u0142a si\u0119 w pi\u0119knie udekorowanej sali, w \u015bwi\u0105tecznym nastroju przy sto\u0142ach nakrytych bia\u0142ymi obrusami, w blasku \u015bwiec z herbatk\u0105 i ciastem- tak jak nakazuje szacunek dla mi\u0142ych go\u015bci.<\/p>\n<p><a href=\"http:\/\/www.info.sadowne.pl\/wp-content\/uploads\/2017\/01\/2017.01.29.2.jpg\" target=\"_blank\"><img loading=\"lazy\" decoding=\"async\" class=\"alignright wp-image-14696 size-medium\" src=\"http:\/\/www.info.sadowne.pl\/wp-content\/uploads\/2017\/01\/2017.01.29.2-300x225.jpg\" width=\"300\" height=\"225\" srcset=\"http:\/\/info.sadowne.pl\/wp-content\/uploads\/2017\/01\/2017.01.29.2-300x225.jpg 300w, http:\/\/info.sadowne.pl\/wp-content\/uploads\/2017\/01\/2017.01.29.2-768x576.jpg 768w, http:\/\/info.sadowne.pl\/wp-content\/uploads\/2017\/01\/2017.01.29.2.jpg 792w\" sizes=\"auto, (max-width: 300px) 100vw, 300px\" \/><\/a>Zebranych ciep\u0142o powita\u0142a pani dyrektor Gra\u017cyna Fr\u0105czek sk\u0142adaj\u0105c serdeczne \u017cyczenia Babciom i Dziadkom. Uroczysto\u015b\u0107 rozpocz\u0119li dzieci klas 0-III przedstawiaj\u0105c s\u0142owno- muzyczny koncert \u017cycze\u0144 skierowany do Bab\u0107 i Dziadk\u00f3w, kt\u00f3rzy s\u0105 prawdziwymi skarbami naszych rodzin (B. Sobolewska i M. Kornacka). Po od\u015bpiewaniu ,, Sto lat\u201d wnucz\u0119ta w dow\u00f3d swojej mi\u0142o\u015bci i wdzi\u0119czno\u015bci podarowa\u0142y pi\u0119kne laurki i z\u0142o\u017cy\u0142y \u017cyczenia. W dalszej cz\u0119\u015bci tego niezwyk\u0142ego wieczoru by\u0142o wsp\u00f3lne \u015bpiewanie kol\u0119d przy akompaniamencie gitarowym pana Wojciecha Jakubika. Przed ka\u017cd\u0105 kol\u0119d\u0105 przekazywana by\u0142a kr\u00f3tka informacja na temat powstania tego utworu. Czas up\u0142ywa\u0142 bardzo szybko i mi\u0142o, i trudno by\u0142o si\u0119 rozsta\u0107.<\/p>\n<p><strong>Wi\u0119cej na stronie <span style=\"color: #0000ff;\"><a style=\"color: #0000ff;\" href=\"http:\/\/www.spkolodziaz.szkolnastrona.pl\/art,99,wiwat-nasi-dziadkowie\" target=\"_blank\">Niepublicznej Szko\u0142y Podstawowej w Ko\u0142odzi\u0105\u017cu&gt;&gt;&gt;<\/a><\/span><\/strong><\/p>\n<p><strong>\u0179r\u00f3d\u0142o: <\/strong><a href=\"http:\/\/www.spkolodziaz.szkolnastrona.pl\/art,99,wiwat-nasi-dziadkowie\" target=\"_blank\">http:\/\/www.spkolodziaz.szkolnastrona.pl\/art,99,wiwat-nasi-dziadkowie<\/a><\/p>\n","protected":false},"excerpt":{"rendered":"<p>Po raz kolejny, zgodnie z tradycj\u0105 w Niepublicznej Szkole Podstawowej w Ko\u0142odzi\u0105\u017cu 19 stycznia uroczy\u015bcie obchodzono Dzie\u0144 Babci i Dziadka.<\/p>\n","protected":false},"author":1,"featured_media":0,"comment_status":"closed","ping_status":"closed","sticky":false,"template":"","format":"standard","meta":{"footnotes":""},"categories":[5,1752,42],"tags":[551,1151],"class_list":["post-14693","post","type-post","status-publish","format-standard","hentry","category-newsy","category-edukacja","category-szkola-podstawowa-w-kolodziazu","tag-dzien-babci-i-dziadka-w-niepublicznej-szkole-podstawowej-im-j-korczaka-w-kolodziazu","tag-niepubliczna-szkola-podstawowa-w-kolodziazu"],"views":3246,"_links":{"self":[{"href":"http:\/\/info.sadowne.pl\/index.php?rest_route=\/wp\/v2\/posts\/14693","targetHints":{"allow":["GET"]}}],"collection":[{"href":"http:\/\/info.sadowne.pl\/index.php?rest_route=\/wp\/v2\/posts"}],"about":[{"href":"http:\/\/info.sadowne.pl\/index.php?rest_route=\/wp\/v2\/types\/post"}],"author":[{"embeddable":true,"href":"http:\/\/info.sadowne.pl\/index.php?rest_route=\/wp\/v2\/users\/1"}],"replies":[{"embeddable":true,"href":"http:\/\/info.sadowne.pl\/index.php?rest_route=%2Fwp%2Fv2%2Fcomments&post=14693"}],"version-history":[{"count":1,"href":"http:\/\/info.sadowne.pl\/index.php?rest_route=\/wp\/v2\/posts\/14693\/revisions"}],"predecessor-version":[{"id":14698,"href":"http:\/\/info.sadowne.pl\/index.php?rest_route=\/wp\/v2\/posts\/14693\/revisions\/14698"}],"wp:attachment":[{"href":"http:\/\/info.sadowne.pl\/index.php?rest_route=%2Fwp%2Fv2%2Fmedia&parent=14693"}],"wp:term":[{"taxonomy":"category","embeddable":true,"href":"http:\/\/info.sadowne.pl\/index.php?rest_route=%2Fwp%2Fv2%2Fcategories&post=14693"},{"taxonomy":"post_tag","embeddable":true,"href":"http:\/\/info.sadowne.pl\/index.php?rest_route=%2Fwp%2Fv2%2Ftags&post=14693"}],"curies":[{"name":"wp","href":"https:\/\/api.w.org\/{rel}","templated":true}]}}