{"id":14743,"date":"2017-02-02T21:01:07","date_gmt":"2017-02-02T20:01:07","guid":{"rendered":"http:\/\/www.infosadowne.boo.pl\/?p=14743"},"modified":"2017-02-02T21:01:07","modified_gmt":"2017-02-02T20:01:07","slug":"bramy-otwarte","status":"publish","type":"post","link":"http:\/\/info.sadowne.pl\/?p=14743","title":{"rendered":"Bramy otwarte"},"content":{"rendered":"<p><strong><a href=\"http:\/\/www.info.sadowne.pl\/wp-content\/uploads\/2017\/02\/2017.02.02.13.jpg\" target=\"_blank\"><img loading=\"lazy\" decoding=\"async\" class=\"alignleft wp-image-14745 size-thumbnail\" src=\"http:\/\/www.info.sadowne.pl\/wp-content\/uploads\/2017\/02\/2017.02.02.13-180x130.jpg\" width=\"180\" height=\"130\" \/><\/a>Od niedzieli 29.01.2017 roku do soboty 4.02.2017<\/strong> <strong>Sadowne prze\u017cywa niezwyk\u0142e \u015bwi\u0119to. W Zespole Szk\u00f3\u0142 Ponadgimnazjalnych go\u015bcimy uczestnik\u00f3w projektu<\/strong><strong>\u00a0<\/strong><em><strong>ERASMUS+ pt:<\/strong><\/em><strong><em>\u00a0<\/em><\/strong><strong><span style=\"font-style: inherit; font-weight: inherit;\"><em>,,Gates and Keys\u201d, czyli ,,Klucze i Bramy\u201d<\/em><\/span><\/strong><strong><span style=\"font-style: inherit; font-weight: inherit;\">. <\/span><\/strong><!--more--><\/p>\n<p><strong>Takiego licznego grona wspania\u0142ych go\u015bci, w jednym czasie, nasza miejscowo\u015b\u0107 chyba jeszcze nie mia\u0142a. Na t\u0105 okazj\u0119 w Sadownem wywieszone zosta\u0142y flagi 7 pa\u0144stw, z kt\u00f3rych pochodz\u0105 nasi przyjaciele. R\u00f3wnie\u017c w szkole zarobi\u0142o si\u0119 bardzo \u015bwiatowo. Wsz\u0119dzie s\u0142ycha\u0107 j\u0119zyk angielski ale r\u00f3wnie\u017c niemiecki, w\u0142oski, turecki, du\u0144ski, w\u0119gierski. To wszystko za spraw\u0105 49 go\u015bci<\/strong><span style=\"font-style: inherit; font-weight: inherit;\">\u00a0<\/span>ze szk\u00f3\u0142 partnerskich\u00a0<strong><span style=\"font-style: inherit; font-weight: inherit;\">(z Anglii, Danii, W\u0119gier, Niemiec, Turcji i W\u0142och).<\/span><\/strong><strong>\u00a0<\/strong>\u00a0<span style=\"font-style: inherit; font-weight: inherit;\"><br \/>\n<a href=\"http:\/\/www.info.sadowne.pl\/wp-content\/uploads\/2017\/02\/2017.02.02.11.jpg\" target=\"_blank\"><img loading=\"lazy\" decoding=\"async\" class=\"aligncenter wp-image-14746 size-medium\" src=\"http:\/\/www.info.sadowne.pl\/wp-content\/uploads\/2017\/02\/2017.02.02.11-300x107.jpg\" width=\"300\" height=\"107\" srcset=\"http:\/\/info.sadowne.pl\/wp-content\/uploads\/2017\/02\/2017.02.02.11-300x107.jpg 300w, http:\/\/info.sadowne.pl\/wp-content\/uploads\/2017\/02\/2017.02.02.11.jpg 640w\" sizes=\"auto, (max-width: 300px) 100vw, 300px\" \/><\/a><\/span><\/p>\n<p><span style=\"font-style: inherit; font-weight: inherit;\">\u0141\u0105cznie w domach sadowie\u0144skiej m\u0142odzie\u017cy mieszka 34\u00a0\u00a0uczni\u00f3w z zagranicy, pozostali to ich nauczyciele i opiekunowie.\u00a0\u00a0Program wizyty w Sadownem jest bardzo bogaty. Uczestnicy (go\u015bcie i uczniowie ZSP) codziennie pracuj\u0105 podczas wsp\u00f3lnych zaj\u0119\u0107 warsztatowych, wyg\u0142aszaj\u0105 referaty, ogl\u0105daj\u0105 filmy, prezentacje i wykonuj\u0105 zadania zwi\u0105zane z projektem. Ponadto bior\u0105 udzia\u0142 w warsztatach tanecznych, gastronomicznych i lepienia z gliny.\u00a0\u00a0Go\u015bcie spotkali si\u0119 r\u00f3wnie\u017c z lokalnymi w\u0142adzami. Wizyta w Sadownem sta\u0142a si\u0119 r\u00f3wnie\u017c okazj\u0105 do pokazania ciekawych miejsc w okolicy (Liw, W\u0119gr\u00f3w, Treblinka) oraz zwiedzenia Warszawy.<\/span><\/p>\n<p><span style=\"font-style: inherit; font-weight: inherit;\"><a href=\"http:\/\/www.info.sadowne.pl\/wp-content\/uploads\/2017\/02\/2017.02.02.12.jpg\" target=\"_blank\"><img loading=\"lazy\" decoding=\"async\" class=\"alignright wp-image-14747 size-medium\" src=\"http:\/\/www.info.sadowne.pl\/wp-content\/uploads\/2017\/02\/2017.02.02.12-300x225.jpg\" width=\"300\" height=\"225\" srcset=\"http:\/\/info.sadowne.pl\/wp-content\/uploads\/2017\/02\/2017.02.02.12-300x225.jpg 300w, http:\/\/info.sadowne.pl\/wp-content\/uploads\/2017\/02\/2017.02.02.12.jpg 640w\" sizes=\"auto, (max-width: 300px) 100vw, 300px\" \/><\/a>Najwspanialsze dla wszystkich s\u0105 jednak nieformalne, wieczorne spotkania w mniejszych grupach. To wtedy jest okazja do bliskiego poznania swoich egzotycznych przyjaci\u00f3\u0142 w spos\u00f3b osobisty i bezpo\u015bredni. Mo\u017cna wtedy dowiedzie\u0107 si\u0119 wielu ciekawych rzeczy, np.: czym r\u00f3\u017cni si\u0119 pizza w\u0142oska od polskiej, lub jak parzy si\u0119 kaw\u0119 po turecku. Wizyta przebiega w bardzo atrakcyjny i intensywny spos\u00f3b. I tylko szkoda, ze ju\u017c nied\u0142ugo si\u0119 ko\u0144czy.<\/span><\/p>\n<p><span style=\"font-style: inherit; font-weight: inherit;\">Zesp\u00f3\u0142 Szk\u00f3\u0142 Ponadgimnazjalnych w Sadownem jest jedn\u0105 z niewielu szk\u00f3\u0142 na Mazowszu, kt\u00f3ra realizuje wymian\u0119 m\u0142odzie\u017cy w ramach ERASMUS +.\u00a0<\/span><span style=\"font-style: inherit; font-weight: inherit;\">1 wrze\u015bnia 2015 roku\u00a0<\/span><strong><span style=\"font-style: inherit; font-weight: inherit;\">ZSP przyst\u0105pi\u0142 do projektu, kt\u00f3rego tematem przewodnim s\u0105 ,,Gates and Keys\u201d, czyli ,,Klucze i Bramy\u201d. Koordynatorem przedsi\u0119wzi\u0119cia jest Hanna \u0141ojek \u2013 nauczyciel j\u0119zyka angielskiego.<\/span><\/strong><\/p>\n<p><strong>Wi\u0119cej na stronie <span style=\"color: #0000ff;\"><a style=\"color: #0000ff;\" href=\"http:\/\/www.liceumsadowne\" target=\"_blank\">Zespo\u0142u Szk\u00f3\u0142 Ponadgimnazjalnych w Sadownem&gt;&gt;&gt;<\/a><\/span><\/strong><\/p>\n<p><strong>\u0179r\u00f3d\u0142o: <a href=\"http:\/\/www.liceumsadowne.pl\/70-erasmus\/751-bramy-otwarte.html\" target=\"_blank\">http:\/\/www.liceumsadowne.pl\/70-erasmus\/751-bramy-otwarte.html<\/a><\/strong><\/p>\n","protected":false},"excerpt":{"rendered":"<p>Od niedzieli 29.01.2017 roku do soboty 4.02.2017 Sadowne prze\u017cywa niezwyk\u0142e \u015bwi\u0119to. W Zespole Szk\u00f3\u0142 Ponadgimnazjalnych go\u015bcimy uczestnik\u00f3w projektu\u00a0ERASMUS+ pt:\u00a0,,Gates and Keys\u201d, czyli ,,Klucze i Bramy\u201d.<\/p>\n","protected":false},"author":1,"featured_media":0,"comment_status":"closed","ping_status":"closed","sticky":false,"template":"","format":"standard","meta":{"footnotes":""},"categories":[5,1752,85],"tags":[1813,182],"class_list":["post-14743","post","type-post","status-publish","format-standard","hentry","category-newsy","category-edukacja","category-zsp","tag-projekt-erasmus","tag-zespol-szkol-ponadgimnazjalnych-w-sadownem"],"views":3528,"_links":{"self":[{"href":"http:\/\/info.sadowne.pl\/index.php?rest_route=\/wp\/v2\/posts\/14743","targetHints":{"allow":["GET"]}}],"collection":[{"href":"http:\/\/info.sadowne.pl\/index.php?rest_route=\/wp\/v2\/posts"}],"about":[{"href":"http:\/\/info.sadowne.pl\/index.php?rest_route=\/wp\/v2\/types\/post"}],"author":[{"embeddable":true,"href":"http:\/\/info.sadowne.pl\/index.php?rest_route=\/wp\/v2\/users\/1"}],"replies":[{"embeddable":true,"href":"http:\/\/info.sadowne.pl\/index.php?rest_route=%2Fwp%2Fv2%2Fcomments&post=14743"}],"version-history":[{"count":1,"href":"http:\/\/info.sadowne.pl\/index.php?rest_route=\/wp\/v2\/posts\/14743\/revisions"}],"predecessor-version":[{"id":14749,"href":"http:\/\/info.sadowne.pl\/index.php?rest_route=\/wp\/v2\/posts\/14743\/revisions\/14749"}],"wp:attachment":[{"href":"http:\/\/info.sadowne.pl\/index.php?rest_route=%2Fwp%2Fv2%2Fmedia&parent=14743"}],"wp:term":[{"taxonomy":"category","embeddable":true,"href":"http:\/\/info.sadowne.pl\/index.php?rest_route=%2Fwp%2Fv2%2Fcategories&post=14743"},{"taxonomy":"post_tag","embeddable":true,"href":"http:\/\/info.sadowne.pl\/index.php?rest_route=%2Fwp%2Fv2%2Ftags&post=14743"}],"curies":[{"name":"wp","href":"https:\/\/api.w.org\/{rel}","templated":true}]}}