{"id":14755,"date":"2017-02-03T19:45:03","date_gmt":"2017-02-03T18:45:03","guid":{"rendered":"http:\/\/www.infosadowne.boo.pl\/?p=14755"},"modified":"2017-02-03T19:45:03","modified_gmt":"2017-02-03T18:45:03","slug":"erasmus-podsumowanie","status":"publish","type":"post","link":"http:\/\/info.sadowne.pl\/?p=14755","title":{"rendered":"ERASMUS+ podsumowanie"},"content":{"rendered":"<p><strong><img loading=\"lazy\" decoding=\"async\" class=\"alignleft size-thumbnail wp-image-14757\" src=\"http:\/\/www.info.sadowne.pl\/wp-content\/uploads\/2017\/02\/2017.02.03.2-180x130.jpg\" alt=\"\" width=\"180\" height=\"130\" \/>3 lutego w Zespole Szk\u00f3\u0142 Ponadgimnazjalnych w Sadownem podsumowano kilkudniow\u0105 wizyt\u0119 zagranicznych uczestnik\u00f3w projektu ERASMUS+ pt. &#8222;Gates and Keys\u201d.<\/strong><!--more--><\/p>\n<p>49. go\u015bci ze szk\u00f3\u0142 partnerskich w Anglii, Danii, W\u0119gier, Niemiec, Turcji i W\u0142och przebywa\u0142o w Sadownem od niedzieli 29 stycznia, a teraz nadszed\u0142 czas podsumowa\u0144.<\/p>\n<p>Przypomnimy tylko, \u017ce ZSP w Sadownem jest jedn\u0105 z niewielu szk\u00f3\u0142 na Mazowszu, kt\u00f3ra realizuje wymian\u0119 m\u0142odzie\u017cy w ramach ERASMUS+ i przyst\u0105pi\u0142 do tego projektu 1 wrze\u015bnia 2015 roku. Tematem przewodnim projektu s\u0105 \u201eGates and Keys\u201d, czyli \u201eKlucze i Bramy\u201d, a koordynatorem przedsi\u0119wzi\u0119cia jest p. Hanna \u0141ojek \u2013 nauczyciel j\u0119zyka angielskiego ZSP w Sadownem.<\/p>\n<p>Podsumowanie projektu to oczywi\u015bcie spotkanie uczestnik\u00f3w projektu, zaproszonych go\u015bci, w\u015br\u00f3d kt\u00f3rych znale\u017ali si\u0119 m.in. pp. Marek Renik, Waldemar Cyran, Ewa Pi\u00f3rkowska, ale te\u017c uczni\u00f3w miejscowych szk\u00f3\u0142, w\u015br\u00f3d kt\u00f3rych znajdzie si\u0119 zapewne niejeden uczestnik program\u00f3w, kt\u00f3re uruchomione zostan\u0105 w Sadownem w przysz\u0142o\u015bci. Podsumowanie to r\u00f3wnie\u017c cz\u0119\u015b\u0107 artystyczna z opraw\u0105 muzyczn\u0105 i wyst\u0119pem oraz prezentacj\u0105 znanych polskich ta\u0144c\u00f3w przez cz\u0142onk\u00f3w przyszkolnego ko\u0142a tanecznego, kt\u00f3re prowadzi p. Miros\u0142awa Renik.<\/p>\n<p>Ale podsumowanie, to g\u0142\u00f3wnie opis kilkudniowego pobytu go\u015bci na Naszej Ziemi, kt\u00f3re swoimi s\u0142owami przedstawi\u0142 g\u0142\u00f3wny organizator przedsi\u0119wzi\u0119cia p. S\u0142awomir Ryszawa \u2013 Dyrektor Zespo\u0142u Szk\u00f3\u0142 Ponadgimnazjalnych w Sadownem. Zacytujmy te s\u0142owa:<\/p>\n<p><em>\u201e Szanowni Pa\u0144stwo. Droga m\u0142odzie\u017cy. <\/em><\/p>\n<p><em>Pragn\u0119 gor\u0105co i serdecznie powita\u0107 w go\u015bcinnych progach naszego Zespo\u0142u Szk\u00f3\u0142 Ponadgimnazjalnych w Sadownem na gali podsumowuj\u0105cej projekt Erasmus+, kt\u00f3ry to realizuje nasza szko\u0142a. Jak ju\u017c wcze\u015bniej wspomnia\u0142em, jest to dla naszej szko\u0142y ogromne wyr\u00f3\u017cnienie, \u017ce wsp\u00f3lnie z partnerskimi szko\u0142ami z Turcji, W\u0142och, W\u0119gier, Niemiec, Danii i Wielkiej Brytanii mo\u017cemy realizowa\u0107 projekt, kt\u00f3ry \u0142\u0105czy nasze kultury narodowe, ukazuje ich pi\u0119kno, pozwala m\u0142odym ludziom poszerza\u0107 swoj\u0105 wiedz\u0119 i stwarza nowe mo\u017cliwo\u015bci na wsp\u00f3lne tworzenie naszej przysz\u0142o\u015bci. My\u015bl\u0119, \u017ce te kilka dni sp\u0119dzonych tu w naszej szkole, na naszej sadowie\u0144skiej ziemi, w przysz\u0142o\u015bci zaowocuje dobr\u0105 wsp\u00f3\u0142prac\u0105 mi\u0119dzy naszymi partnerskimi szko\u0142ami. Przez te kilka dni chcieli\u015bmy pokaza\u0107 to, co dla nas tu mieszkaj\u0105cych jest najwa\u017cniejsze i najcenniejsze. Pokazali\u015bmy pi\u0119kno naszej Gminy Sadowne, zwiedzili\u015bmy neogotycki ko\u015bci\u00f3\u0142 parafialny, ukazali\u015bmy pi\u0119kno ca\u0142ego powiatu w\u0119growskiego podczas odwiedzin w Starostwie Powiatowym w W\u0119growie, zaprosili\u015bmy do zwiedzania Zamku w Liwie i Bazyliki w W\u0119growie oraz wsp\u00f3lnie zwiedzali\u015bmy Muzeum Walki i M\u0119cze\u0144stwa w Treblince. Zaprosili\u015bmy Was, drodzy go\u015bcie, do zwiedzania stolicy Polski \u2013 Warszawy, a tam zaprosili\u015bmy do zwiedzania Muzeum Powstania Warszawskiego, pi\u0119knej Star\u00f3wki i \u0141azienek. Wiele czasu sp\u0119dzili\u015bmy te\u017c w murach tej szko\u0142y, kt\u00f3ra w tym mijaj\u0105cym tygodniu sta\u0142a si\u0119 dla Was miejscem spotka\u0144 i wsp\u00f3lnej projektowej pracy. W tym czasie uda\u0142o si\u0119 zrealizowa\u0107 zaplanowane w projekcie Erasmus+ zaj\u0119cia i warsztaty, w\u015br\u00f3d kt\u00f3rych odby\u0142y si\u0119 zaj\u0119cia \u0142\u0105cz\u0105ce wielokulturowo\u015b\u0107 naszych narod\u00f3w, odby\u0142y si\u0119 warsztaty ceramiczne, teatralne, ale chyba najbardziej integrowa\u0142y warsztaty taneczne, na kt\u00f3rych to m\u0142odzie\u017c wszystkich szk\u00f3\u0142 ta\u0144czy\u0142a ta\u0144ce charakterystyczne dla poszczeg\u00f3lnych kraj\u00f3w. W dniu dzisiejszym odb\u0119d\u0105 si\u0119 jeszcze warsztaty kulinarne, gdzie nasi go\u015bcie b\u0119d\u0105 lepi\u0107 pierogi i wsp\u00f3lnie z naszymi uczniami przygotowywa\u0107 polskie posi\u0142ki. Chcieliby\u015bmy pokaza\u0107 Wam drodzy go\u015bcie wiele wi\u0119cej, ale ogranicza nas czas Waszego pobytu.<\/em><\/p>\n<p><em>My\u015bl\u0119, \u017ce ten wsp\u00f3lnie sp\u0119dzony tydzie\u0144 dobrej, mi\u0119dzynarodowej wsp\u00f3\u0142pracy w ramach projektu Erasmus+, pozytywnie wp\u0142ynie na rozw\u00f3j ka\u017cdej szko\u0142y uczestnicz\u0105cej w tym projekcie oraz ca\u0142ej spo\u0142eczno\u015bci Sadownego, a czas po\u015bwi\u0119cony na przygotowanie i realizacj\u0119 tego projektu zaowocuje rozwojem intelektualnym uczestnik\u00f3w.<\/em><\/p>\n<p><em>Na zako\u0144czenie pragn\u0119 serdecznie podzi\u0119kowa\u0107 naszym zagranicznym go\u015bciom za wsp\u00f3ln\u0105, dobr\u0105 wsp\u00f3\u0142prac\u0119 oraz przeprosi\u0107 za niedoci\u0105gni\u0119cia \u2013 je\u017celi co\u015b nie spe\u0142ni\u0142o Pa\u0144stwa oczekiwa\u0144, mo\u017ce nasza niedu\u017ca szko\u0142a, a mo\u017ce zimowa pogoda. Jednak\u017ce wszystkim uczestnikom projektu Erasmus+, a szczeg\u00f3lnie naszym zagranicznym go\u015bciom, \u017cycz\u0119 wspania\u0142ych wspomnie\u0144 z naszego spotkania oraz bezpiecznego powrotu do swoich dom\u00f3w.<\/em><\/p>\n<p><em>Wszystkiego dobrego.\u201d<\/em><\/p>\n<p>I to by by\u0142o na tyle. Aha, jeszcze warsztaty kulinarne, kt\u00f3re obiecano przeprowadzi\u0107 i nauczy\u0107 zagranicznych go\u015bci \u201elepienia pierog\u00f3w\u201d. Oczywi\u015bcie odby\u0142y si\u0119, by\u0142a te\u017c pr\u00f3ba smakowa powsta\u0142ych specja\u0142\u00f3w \u2013 pozytywna. Teraz zostan\u0105 ju\u017c tylko po\u017cegnania, rozstania\u2026 i wyjazdy do dalekich, ale jak\u017ce ju\u017c teraz nam bliskich kraj\u00f3w. Do zobaczenia!<\/p>\n<p><span style=\"color: #0000ff;\"><a style=\"color: #0000ff;\" href=\"https:\/\/photos.google.com\/share\/AF1QipMqRT5LZSb3CbAvEjQDkoOAS8SlibzhJHWoPNdg1frQJi3nrxVkrr-hZZMGFh2l8A\/photo\/AF1QipOezcBx1QvseHn0U_3xaAc_ObGpDVKoeKhRmSgk?key=ME5PY0lMbEl6Mkw2eDdTZ2xlZWNnQUNkcGhqRmR3\" target=\"_blank\"><strong>Zdj\u0119cia w galerii Google&gt;&gt;&gt;<\/strong><\/a><\/span><\/p>\n<p><strong>Tekst\/foto:<\/strong> S\u0142awek Chyli\u0144ski<\/p>\n","protected":false},"excerpt":{"rendered":"<p>3 lutego w Zespole Szk\u00f3\u0142 Ponadgimnazjalnych w Sadownem podsumowano kilkudniow\u0105 wizyt\u0119 zagranicznych uczestnik\u00f3w projektu ERASMUS+ pt. &#8222;Gates and Keys\u201d.<\/p>\n","protected":false},"author":1,"featured_media":0,"comment_status":"closed","ping_status":"closed","sticky":false,"template":"","format":"standard","meta":{"footnotes":""},"categories":[5,85],"tags":[1813,182],"class_list":["post-14755","post","type-post","status-publish","format-standard","hentry","category-newsy","category-zsp","tag-projekt-erasmus","tag-zespol-szkol-ponadgimnazjalnych-w-sadownem"],"views":3265,"_links":{"self":[{"href":"http:\/\/info.sadowne.pl\/index.php?rest_route=\/wp\/v2\/posts\/14755","targetHints":{"allow":["GET"]}}],"collection":[{"href":"http:\/\/info.sadowne.pl\/index.php?rest_route=\/wp\/v2\/posts"}],"about":[{"href":"http:\/\/info.sadowne.pl\/index.php?rest_route=\/wp\/v2\/types\/post"}],"author":[{"embeddable":true,"href":"http:\/\/info.sadowne.pl\/index.php?rest_route=\/wp\/v2\/users\/1"}],"replies":[{"embeddable":true,"href":"http:\/\/info.sadowne.pl\/index.php?rest_route=%2Fwp%2Fv2%2Fcomments&post=14755"}],"version-history":[{"count":1,"href":"http:\/\/info.sadowne.pl\/index.php?rest_route=\/wp\/v2\/posts\/14755\/revisions"}],"predecessor-version":[{"id":14759,"href":"http:\/\/info.sadowne.pl\/index.php?rest_route=\/wp\/v2\/posts\/14755\/revisions\/14759"}],"wp:attachment":[{"href":"http:\/\/info.sadowne.pl\/index.php?rest_route=%2Fwp%2Fv2%2Fmedia&parent=14755"}],"wp:term":[{"taxonomy":"category","embeddable":true,"href":"http:\/\/info.sadowne.pl\/index.php?rest_route=%2Fwp%2Fv2%2Fcategories&post=14755"},{"taxonomy":"post_tag","embeddable":true,"href":"http:\/\/info.sadowne.pl\/index.php?rest_route=%2Fwp%2Fv2%2Ftags&post=14755"}],"curies":[{"name":"wp","href":"https:\/\/api.w.org\/{rel}","templated":true}]}}