{"id":14855,"date":"2017-02-08T19:45:16","date_gmt":"2017-02-08T18:45:16","guid":{"rendered":"http:\/\/www.infosadowne.boo.pl\/?p=14855"},"modified":"2017-02-08T19:45:16","modified_gmt":"2017-02-08T18:45:16","slug":"wreczono-stypendia-starosty","status":"publish","type":"post","link":"http:\/\/info.sadowne.pl\/?p=14855","title":{"rendered":"Wr\u0119czono stypendia Starosty"},"content":{"rendered":"<p><strong><a href=\"http:\/\/www.info.sadowne.pl\/wp-content\/uploads\/2017\/02\/2017.02.08.20-1.jpg\" target=\"_blank\"><img loading=\"lazy\" decoding=\"async\" class=\"alignleft wp-image-14858 size-thumbnail\" src=\"http:\/\/www.info.sadowne.pl\/wp-content\/uploads\/2017\/02\/2017.02.08.20-1-180x130.jpg\" width=\"180\" height=\"130\" \/><\/a>8 lutego rozdano stypendia Starosty W\u0119growskiego. W\u015br\u00f3d stypendyst\u00f3w znale\u017ali si\u0119 te\u017c uczniowie z Sadownego.<\/strong><!--more--><\/p>\n<p><em>8 lutego 2017 r. uczniowie z terenu Powiatu W\u0119growskiego, kt\u00f3rzy osi\u0105gn\u0119li w pierwszym p\u00f3\u0142roczu roku kalendarzowego 2016\/2017 najlepsze wyniki w nauce i sporcie zostali zaproszeni wraz z dyrektorami szk\u00f3\u0142 do Starostwa Powiatowego w W\u0119growie na uroczysto\u015b\u0107 wr\u0119czenia Stypendium Starosty W\u0119growskiego.\u00a0<\/em><\/p>\n<p><strong><a href=\"http:\/\/www.info.sadowne.pl\/wp-content\/uploads\/2017\/02\/2017.02.08.21-1.jpg\" target=\"_blank\"><img loading=\"lazy\" decoding=\"async\" class=\"alignright wp-image-14859 size-medium\" src=\"http:\/\/www.info.sadowne.pl\/wp-content\/uploads\/2017\/02\/2017.02.08.21-1-300x200.jpg\" width=\"300\" height=\"200\" srcset=\"http:\/\/info.sadowne.pl\/wp-content\/uploads\/2017\/02\/2017.02.08.21-1-300x200.jpg 300w, http:\/\/info.sadowne.pl\/wp-content\/uploads\/2017\/02\/2017.02.08.21-1-768x513.jpg 768w, http:\/\/info.sadowne.pl\/wp-content\/uploads\/2017\/02\/2017.02.08.21-1.jpg 800w\" sizes=\"auto, (max-width: 300px) 100vw, 300px\" \/><\/a>Czworo uczni\u00f3w otrzyma\u0142o stypendia za wybitne wyniki w nauce, natomiast za bardzo dobre wyniki w nauce stypendia otrzymali tak\u017ce:<\/strong><\/p>\n<p>Klaudia Rostek &#8211; Zesp\u00f3\u0142 Szk\u00f3\u0142 Ponadgimnazjalnych w Sadownem<\/p>\n<p>Jakub \u0141opaci\u0144ski &#8211; Zesp\u00f3\u0142 Szk\u00f3\u0142 Ponadgimnazjalnych w Sadownem<\/p>\n<p>Gabriela Renik &#8211; Zesp\u00f3\u0142 Szk\u00f3\u0142 Ponadgimnazjalnych w Sadownem<\/p>\n<p>Patrycja Siadkowska &#8211; Zesp\u00f3\u0142 Szk\u00f3\u0142 Ponadgimnazjalnych w Sadownem<\/p>\n<p>Ma\u0142gorzata Sobieska &#8211; Zesp\u00f3\u0142 Szk\u00f3\u0142 Ponadgimnazjalnych w Sadownem<\/p>\n<p>Zuzanna Majba\u0144ska &#8211; Zesp\u00f3\u0142 Szk\u00f3\u0142 Ponadgimnazjalnych w Sadownem<\/p>\n<p>Anna Ryszawa &#8211; Zesp\u00f3\u0142 Szk\u00f3\u0142 Ponadgimnazjalnych w Sadownem<\/p>\n<p>Alicja Zy\u015bk &#8211; Zesp\u00f3\u0142 Szk\u00f3\u0142 Ponadgimnazjalnych w Sadownem<\/p>\n<p>Wyr\u00f3\u017cnienia wr\u0119czy\u0142a p. Halina Uli\u0144ska \u2013 Wicestarosta W\u0119growski oraz przedstawiciele Rady Powiatu W\u0119growskiego.<\/p>\n<p><strong>Wi\u0119cej na stronie <span style=\"color: #0000ff;\"><a style=\"color: #0000ff;\" href=\"http:\/\/www.powiatwegrowski.pl\" target=\"_blank\">Starostwa Powiatowego w W\u0119growie&gt;&gt;&gt;<\/a><\/span><\/strong><\/p>\n<p><strong>Tekst:<\/strong> S\u0142awek Chyli\u0144ski<\/p>\n<p><strong>Foto:<\/strong> <a href=\"http:\/\/www.powiatwegrowski.pl\" target=\"_blank\">www.powiatwegrowski.pl<\/a><\/p>\n<p><strong>\u0179r\u00f3d\u0142o:<\/strong> <a href=\"http:\/\/www.powiatwegrowski.pl\" target=\"_blank\">www.powiatwegrowski.pl<\/a><\/p>\n","protected":false},"excerpt":{"rendered":"<p>8 lutego rozdano stypendia Starosty W\u0119growskiego. W\u015br\u00f3d stypendyst\u00f3w znale\u017ali si\u0119 te\u017c uczniowie z Sadownego.<\/p>\n","protected":false},"author":1,"featured_media":0,"comment_status":"closed","ping_status":"closed","sticky":false,"template":"","format":"standard","meta":{"footnotes":""},"categories":[5,1752,85],"tags":[2339,182],"class_list":["post-14855","post","type-post","status-publish","format-standard","hentry","category-newsy","category-edukacja","category-zsp","tag-stypendia-starosty-wegrowskiego-2017","tag-zespol-szkol-ponadgimnazjalnych-w-sadownem"],"views":3413,"_links":{"self":[{"href":"http:\/\/info.sadowne.pl\/index.php?rest_route=\/wp\/v2\/posts\/14855","targetHints":{"allow":["GET"]}}],"collection":[{"href":"http:\/\/info.sadowne.pl\/index.php?rest_route=\/wp\/v2\/posts"}],"about":[{"href":"http:\/\/info.sadowne.pl\/index.php?rest_route=\/wp\/v2\/types\/post"}],"author":[{"embeddable":true,"href":"http:\/\/info.sadowne.pl\/index.php?rest_route=\/wp\/v2\/users\/1"}],"replies":[{"embeddable":true,"href":"http:\/\/info.sadowne.pl\/index.php?rest_route=%2Fwp%2Fv2%2Fcomments&post=14855"}],"version-history":[{"count":1,"href":"http:\/\/info.sadowne.pl\/index.php?rest_route=\/wp\/v2\/posts\/14855\/revisions"}],"predecessor-version":[{"id":14861,"href":"http:\/\/info.sadowne.pl\/index.php?rest_route=\/wp\/v2\/posts\/14855\/revisions\/14861"}],"wp:attachment":[{"href":"http:\/\/info.sadowne.pl\/index.php?rest_route=%2Fwp%2Fv2%2Fmedia&parent=14855"}],"wp:term":[{"taxonomy":"category","embeddable":true,"href":"http:\/\/info.sadowne.pl\/index.php?rest_route=%2Fwp%2Fv2%2Fcategories&post=14855"},{"taxonomy":"post_tag","embeddable":true,"href":"http:\/\/info.sadowne.pl\/index.php?rest_route=%2Fwp%2Fv2%2Ftags&post=14855"}],"curies":[{"name":"wp","href":"https:\/\/api.w.org\/{rel}","templated":true}]}}