{"id":14923,"date":"2017-02-18T11:37:03","date_gmt":"2017-02-18T10:37:03","guid":{"rendered":"http:\/\/www.infosadowne.boo.pl\/?p=14923"},"modified":"2020-04-24T15:33:03","modified_gmt":"2020-04-24T13:33:03","slug":"minal-tydzien-ferii","status":"publish","type":"post","link":"http:\/\/info.sadowne.pl\/?p=14923","title":{"rendered":"Min\u0105\u0142 tydzie\u0144 ferii"},"content":{"rendered":"<p><img loading=\"lazy\" decoding=\"async\" class=\"alignleft wp-image-14925 size-thumbnail\" src=\"http:\/\/www.info.sadowne.pl\/wp-content\/uploads\/2017\/02\/2017.02.18.1-180x130.jpg\" width=\"180\" height=\"130\" \/><\/p>\n<p><strong>Nie tak dawno rozpoczynali\u015bmy ferie zimowe, a tu ju\u017c p\u00f3\u0142metek. Co\u00a0 si\u0119 dzia\u0142o w tym czasie w Sadownem?<\/strong><!--more--><\/p>\n<p>Skupmy si\u0119 na zorganizowanych zaj\u0119ciach, w\u0142\u0105czonych do programu o nazwie \u201eSmak \u017cycia\u201d, kt\u00f3ry jest nowo\u015bci\u0105 na naszym terenie. Podczas ferii w minionych latach organizowano czas wolny naszym najm\u0142odszym tak\u017ce w ramach zaj\u0119\u0107 sta\u0142ych i dodatkowych Gminnego O\u015brodka Kultury w Sadownem. Tak jest i tym razem \u2013 w GOK-u mo\u017cna korzysta\u0107 z wyposa\u017cenia elektronicznego z dost\u0119pem do Internetu, audiowizualnego, urz\u0105dze\u0144 sportowych i r\u00f3\u017cnego rodzaju gier zr\u0119czno\u015bciowych oraz planszowych, a Gminna Biblioteka Publiczna pracuje w wyd\u0142u\u017conych godzinach (8.00 \u2013 18.00). Wszystkie te atrakcje ciesz\u0105 si\u0119 du\u017c\u0105 popularno\u015bci\u0105 i zainteresowanych takimi formami sp\u0119dzenia wolnego czasu nie brakuje.<\/p>\n<p><strong>W tym roku postanowiono jednak wprowadzi\u0107 dodatkowe atrakcje. <\/strong><strong>Gminny O\u015brodek Kultury w Sadownem, we wsp\u00f3\u0142pracy z Gminn\u0105 Komisj\u0105 Rozwi\u0105zywania Problem\u00f3w Alkoholowych i Gminnym O\u015brodkiem Pomocy Spo\u0142ecznej w Sadownem, przygotowa\u0142 dla dzieci ze szk\u00f3l z terenu Gminy program profilaktyczny zatytu\u0142owany \u201eSmak \u017cycia\u201d.<\/strong> Wzi\u0119to w nim pod uwag\u0119, i\u017c dzieci z gminy Sadowne, podobnie, jak dzieci z pozosta\u0142ych polskich miejscowo\u015bci, s\u0105 nara\u017cone na wiele czynnik\u00f3w negatywnych, kt\u00f3re maj\u0105 zgubny wp\u0142yw na ich dalszy rozw\u00f3j. W programie wi\u0119c za\u0142o\u017cono podj\u0119cie wszelkich dzia\u0142a\u0144 profilaktycznych, kt\u00f3re maj\u0105 za zadanie promowanie zdrowego stylu \u017cycia oraz kszta\u0142towanie u odbiorc\u00f3w odpowiednich postaw i systemu warto\u015bci. Czas ferii mo\u017ce by\u0107 wykorzystany na dotarcie do najm\u0142odszego pokolenia mieszka\u0144c\u00f3w Sadownego, ale tak\u017ce \u2013 po raz pierwszy \u2013 poprzez dzieci dotarcie do ich rodzic\u00f3w, wzmacniaj\u0105c tym samym dzia\u0142ania z profilaktyki prozdrowotnej. Program taki jak najbardziej wpisuje si\u0119 w gminny program profilaktyki .<\/p>\n<p>W\u015br\u00f3d cel\u00f3w, kt\u00f3re za\u0142o\u017cyli wsp\u00f3\u0142tw\u00f3rcy programu \u201eSmak \u017cycia\u201d \u2013 tym razem skierowanego do dzieci i doros\u0142ych \u2013 dominuj\u0105 dzia\u0142ania w kierunku: kszta\u0142towania postaw prospo\u0142ecznych, ekologicznych, nauki gospodarowania wolnym czasem, integracji grupy r\u00f3wie\u015bniczej, eliminowania negatywnych emocji poprzez kontakt z przyrod\u0105, sportem, kultur\u0105 i sztuk\u0105, ale te\u017c propagowania zdrowego stylu \u017cycia, kszta\u0142towania w\u0142a\u015bciwej postawy np. uczestnika ruchu drogowego czy wsp\u00f3\u0142tworzenia zdrowych zasad funkcjonowania grup r\u00f3wie\u015bniczych. Pod tym k\u0105tem przygotowano harmonogram zaj\u0119\u0107 profilaktycznych, w realizacji kt\u00f3rego ch\u0119tnie bior\u0105 udzia\u0142 nasi mieszka\u0144cy, a szczeg\u00f3lnie najm\u0142odsi. W pierwszym tygodniu ferii, ka\u017cdego dnia w przygotowanych przez Gminny O\u015brodek Kultury w Sadownem zaj\u0119ciach bra\u0142o udzia\u0142 ok. czterdzie\u015bcioro dzieci, cz\u0119sto wsp\u00f3lnie ze swoimi opiekunami.<\/p>\n<p><strong>Pierwszy dzie\u0144 ferii <\/strong>by\u0142 dniem przeznaczonym na utrwalenie zasad bezpiecze\u0144stwa na drodze, zw\u0142aszcza w okresie ferii zimowych i na terenach wiejskich. GOK w Sadownem odwiedzili przedstawiciele Komendy Powiatowej Policji w W\u0119growie: sier\u017c. Monika Ksi\u0119\u017copolska z Wydzia\u0142u Prewencji oraz st. asp. Marek Adamczuk i st. sier\u017c. Rafa\u0142 Ryczkowski z Wydzia\u0142u Ruchu Drogowego. Przekazane uczestnikom zaj\u0119\u0107 informacje utrwalone zosta\u0142y w ramach zaj\u0119\u0107 plastycznych, kt\u00f3rych celem by\u0142o zaprojektowanie plakatu pt. \u201eJestem bezpieczny na drodze\u201d, a kt\u00f3re fachowym okiem nadzorowa\u0142 instruktor GOK p. Barbara Stanis\u0142awczyk. Jej pomys\u0142y plastyczne wszyscy mogli pozna\u0107 r\u00f3wnie\u017c <strong>nast\u0119pnego, \u201ewalentynkowego\u201d dnia<\/strong>, gdy zaj\u0119cia plastyczno \u2013 techniczne przerodzi\u0142y si\u0119 w warsztaty tworzenia niespotykanych ozd\u00f3b przypominaj\u0105cych o najbli\u017cszych sercu osobach. W takim dniu znalaz\u0142o si\u0119 te\u017c miejsce na wzmocnienie kondycji fizycznej uczestnik\u00f3w zaj\u0119\u0107. Kilkugodzinne \u0107wiczenia sportowe, gry zespo\u0142owe, r\u00f3wnie\u017c z cz\u0142onkami rodziny, w sadowie\u0144skiej\u00a0 Hali Sportowej da\u0142y mo\u017cliwo\u015b\u0107 wy\u0142adowania nadmiaru energii, ale te\u017c utrwala\u0142y zasady pracy zespo\u0142owej i kszta\u0142towania zdrowego stylu \u017cycia poprzez sport.<\/p>\n<p><strong>Dzie\u0144 kontaktu z przyrod\u0105 to \u015broda.<\/strong> Polana Ko\u0142a \u0141owieckiego \u015aw. Huberta w Sadownem zape\u0142ni\u0142a si\u0119 poszukiwaczami trop\u00f3w le\u015bnych zwierz\u0105t, mi\u0142o\u015bnikami gier i zabaw na \u015bwie\u017cym powietrzu, a zw\u0142aszcza \u015bniegu. Opr\u00f3cz poznania najcz\u0119\u015bciej wyst\u0119puj\u0105cych w naszych lasach gatunk\u00f3w dzikich zwierz\u0105t, ich sposobu od\u017cywiania i ciekawostek z \u017cycia gatunk\u00f3w, uczestnicy zaj\u0119\u0107 mieli mo\u017cliwo\u015b\u0107 przygotowania dla nich posi\u0142ku, kt\u00f3ry umieszczono w zlokalizowanych nieopodal pa\u015bnikach. O uzupe\u0142nieniu w\u0142asnej energii, traconej podczas zabaw na \u015bniegu i wsp\u00f3lnego lepienia ba\u0142wana (<span style=\"color: #0000ff;\"><a style=\"color: #0000ff;\" href=\"https:\/\/youtu.be\/XzXp9kL9EuU\" target=\"_blank\" rel=\"noopener noreferrer\"><strong>zobacz film&gt;&gt;&gt;<\/strong><\/a><\/span>), r\u00f3wnie\u017c nie zapomniano \u2013 uzupe\u0142ni\u0142y te braki pieczone kie\u0142baski. Ch\u0142\u00f3d tak\u017ce nie by\u0142 straszny, bo niwelowa\u0142o go ognisko, wok\u00f3\u0142 kt\u00f3rego \u201ebiesiadnicy\u201d pod okiem instruktor\u00f3w GOK prowadzili o\u017cywione dyskusje o mo\u017cliwo\u015bciach zagospodarowania wolnego czasu, zabaw w gronie rodziny i w grupach r\u00f3wie\u015bniczych.<\/p>\n<p>\u201eTeatralne ABC\u201d to ju\u017c kolejne zaj\u0119cia promuj\u0105ce zagospodarowanie we w\u0142a\u015bciwy spos\u00f3b wolnego czasu, a co wa\u017cne \u2013 w licznej grupie, kt\u00f3ra wsp\u00f3\u0142pracuje ze sob\u0105. Co to jest teatr, jak nale\u017cy si\u0119 zachowywa\u0107 podczas pobytu w nim, ale nie tylko, jakie znamy formy teatralne i wreszcie \u2013 co to jest scenariusz i np. rekwizyty teatralne, jak zosta\u0107 aktorem, jak dobrze bawi\u0107 si\u0119 w teatr? O tym wszystkim licznemu gronu uczestnik\u00f3w zaj\u0119\u0107 w <strong>czwartkowe po\u0142udnie<\/strong> opowiedzia\u0142a p. Danuta Chyli\u0144ska. Nie sko\u0144czy\u0142o si\u0119 oczywi\u015bcie na samej teorii, ale te\u017c wsp\u00f3lnie przygotowywano s\u0142owniczek teatralny, dobierano do przygotowanych scenek garderob\u0119, a tak\u017ce improwizowano kr\u00f3tkie wyst\u0119py aktor\u00f3w \u2013 w r\u00f3\u017cnych formach teatralnych. Najzabawniejsze jednak by\u0142o pozowanie do zdj\u0119\u0107 na tzw. \u00a0\u201e\u015bciance\u201d w dobranej do swoich upodoba\u0144 garderobie. Wsp\u00f3lna zabawa w teatr to idealna forma kszta\u0142towania nawyku wsp\u00f3\u0142pracy w ma\u0142ej grupie, ustalania r\u00f3l i scenariusza post\u0119powania. To tak\u017ce najprostszy spos\u00f3b na kontakt z kultur\u0105 i sztuk\u0105, kt\u00f3re kszta\u0142tuj\u0105 postawy i staj\u0105 si\u0119 elementami profilaktyki stylu \u017cycia, r\u00f3wnie\u017c dla ca\u0142ych rodzin.<\/p>\n<p><strong>Ostatni dzie\u0144<\/strong> pierwszego tygodnia ferii jest r\u00f3wnie\u017c nagrod\u0105 dla wszystkich, kt\u00f3rzy ch\u0119tnie brali udzia\u0142 w ca\u0142otygodniowych zaj\u0119ciach Gminnego O\u015brodka Kultury. By\u0142 to wyjazd autokarowy na kryte lodowisko w Mi\u0144sku Mazowieckim. G\u0142\u00f3wnym jego celem by\u0142a wsp\u00f3lna zabawa, ale te\u017c poznanie nowych miejsc, najbli\u017cszego otoczenia, okolicy.<\/p>\n<p><strong>Program \u201eSmak \u017cycia\u201d sprawdza si\u0119, o czym \u015bwiadczy liczba jego uczestnik\u00f3w.<\/strong> To by\u0142 tylko pierwszy tydzie\u0144 wakacji, ale drugi b\u0119dzie r\u00f3wnie ciekawy \u2013 wsp\u00f3lne, \u201ezdrowe\u201d gotowanie, ciekawe zaj\u0119cia plastyczne, warsztaty profilaktyczne i\u2026 przedstawienia teatralne, a tak\u017ce \u2013 bal karnawa\u0142owy. Zach\u0119camy do udzia\u0142u w tych zaj\u0119ciach, kt\u00f3re przygotowali dla nas: Gminny O\u015brodek Kultury w Sadownem, Gminna Komisja Rozwi\u0105zywania Problem\u00f3w Alkoholowych i Gminnym O\u015brodkiem Pomocy Spo\u0142ecznej w Sadownem.<\/p>\n<p><a href=\"https:\/\/photos.app.goo.gl\/d3exUHHqeLvDuH397\" target=\"_blank\" rel=\"noopener noreferrer\"><span style=\"color: #0000ff;\"><strong>Zdj\u0119cia w galerii Google&gt;&gt;&gt;<\/strong><\/span><\/a><\/p>\n<p><strong>Tekst:<\/strong> S\u0142awek Chyli\u0144ski<\/p>\n<p><strong>Foto:<\/strong> GOK Sadowne\/S\u0142awek Chyli\u0144ski<\/p>\n","protected":false},"excerpt":{"rendered":"<p>Nie tak dawno rozpoczynali\u015bmy ferie zimowe, a tu ju\u017c p\u00f3\u0142metek. Co\u00a0 si\u0119 dzia\u0142o w tym czasie w Sadownem?<\/p>\n","protected":false},"author":1,"featured_media":0,"comment_status":"closed","ping_status":"closed","sticky":false,"template":"","format":"standard","meta":{"footnotes":""},"categories":[5,91,6],"tags":[2335,169],"class_list":["post-14923","post","type-post","status-publish","format-standard","hentry","category-newsy","category-gminny-osrodek-kultury","category-kultura-rozrywka-edukacja","tag-ferie-zimowe-2017-w-sadownem","tag-gminny-osrodek-kultury-w-sadownem"],"views":3296,"_links":{"self":[{"href":"http:\/\/info.sadowne.pl\/index.php?rest_route=\/wp\/v2\/posts\/14923","targetHints":{"allow":["GET"]}}],"collection":[{"href":"http:\/\/info.sadowne.pl\/index.php?rest_route=\/wp\/v2\/posts"}],"about":[{"href":"http:\/\/info.sadowne.pl\/index.php?rest_route=\/wp\/v2\/types\/post"}],"author":[{"embeddable":true,"href":"http:\/\/info.sadowne.pl\/index.php?rest_route=\/wp\/v2\/users\/1"}],"replies":[{"embeddable":true,"href":"http:\/\/info.sadowne.pl\/index.php?rest_route=%2Fwp%2Fv2%2Fcomments&post=14923"}],"version-history":[{"count":4,"href":"http:\/\/info.sadowne.pl\/index.php?rest_route=\/wp\/v2\/posts\/14923\/revisions"}],"predecessor-version":[{"id":23162,"href":"http:\/\/info.sadowne.pl\/index.php?rest_route=\/wp\/v2\/posts\/14923\/revisions\/23162"}],"wp:attachment":[{"href":"http:\/\/info.sadowne.pl\/index.php?rest_route=%2Fwp%2Fv2%2Fmedia&parent=14923"}],"wp:term":[{"taxonomy":"category","embeddable":true,"href":"http:\/\/info.sadowne.pl\/index.php?rest_route=%2Fwp%2Fv2%2Fcategories&post=14923"},{"taxonomy":"post_tag","embeddable":true,"href":"http:\/\/info.sadowne.pl\/index.php?rest_route=%2Fwp%2Fv2%2Ftags&post=14923"}],"curies":[{"name":"wp","href":"https:\/\/api.w.org\/{rel}","templated":true}]}}