{"id":14935,"date":"2017-02-19T22:47:52","date_gmt":"2017-02-19T21:47:52","guid":{"rendered":"http:\/\/www.infosadowne.boo.pl\/?p=14935"},"modified":"2017-02-19T22:47:52","modified_gmt":"2017-02-19T21:47:52","slug":"ania-w-biegu-wedla-najlepsza","status":"publish","type":"post","link":"http:\/\/info.sadowne.pl\/?p=14935","title":{"rendered":"Ania w Biegu Wedla najlepsza"},"content":{"rendered":"<p><strong><img loading=\"lazy\" decoding=\"async\" class=\"alignleft size-thumbnail wp-image-14944\" src=\"http:\/\/www.info.sadowne.pl\/wp-content\/uploads\/2017\/02\/2017.02.19.18-180x130.jpg\" alt=\"\" width=\"180\" height=\"130\" \/>Popularny \u201eSkaryszak\u201d 18 lutego wype\u0142ni\u0142 si\u0119 biegaczami. <\/strong><strong>W biegu na 9 km w\u015br\u00f3d pa\u0144 najlepsza okaza\u0142a si\u0119 wicemistrzyni polski w maratonie Anna Szyszka, kt\u00f3ra na mecie zameldowa\u0142a si\u0119 z czasem 34:15.<\/strong><!--more--><\/p>\n<p>Drugim miejscem ponownie musia\u0142a zadowoli\u0107 si\u0119 Justyna \u015aliwiak (37:03). Natomiast trzecia by\u0142a Natalia Sadowska ( 38:31).<\/p>\n<p>\u2013 <em>To m\u00f3j pierwszy start w Biegu Wedla. Ju\u017c widz\u0119, \u017ce b\u0119dzie du\u017co czekolady. Bardzo mnie to cieszy. Musz\u0119 przyzna\u0107, \u017ce jestem \u0142asuchem (\u015bmiech). Ostatni raz startowa\u0142am w zawodach w Biegu Chomicz\u00f3wki (drugie miejsce na 15 km -red). Chcia\u0142am wi\u0119c sprawdzi\u0107 swoj\u0105 dyspozycj\u0119. By\u0142 to dla mnie dobry trening. Bieg\u0142am bardziej na samopoczucie i nie patrzy\u0142am na czas. Liczy\u0142am, \u017ce warunki b\u0119d\u0105 lepsze, bo by\u0142o troch\u0119 \u015blisko. Bieg\u0142am w zwyk\u0142ych start\u00f3wkach<\/em> \u2013 m\u00f3wi\u0142a po biegu Anna Szyszka.<\/p>\n<p>12. Bieg Wedla na dystansie 9 km zaliczany by\u0142 do Ligi Festiwalu Bieg\u00f3w w klasyfikacji \u201eNajlepszy biegacz 5-10-15\u201d. Fina\u0142 rywalizacji odb\u0119dzie si\u0119 Krynicy Zdroju podczas 8. PKO Festiwalu Biegowego. Impreza odb\u0119dzie si\u0119 w dniach od 8 do 10 wrze\u015bnia 2017.<\/p>\n\n\t\t<style type=\"text\/css\">\n\t\t\t#gallery-1 {\n\t\t\t\tmargin: auto;\n\t\t\t}\n\t\t\t#gallery-1 .gallery-item {\n\t\t\t\tfloat: left;\n\t\t\t\tmargin-top: 10px;\n\t\t\t\ttext-align: center;\n\t\t\t\twidth: 33%;\n\t\t\t}\n\t\t\t#gallery-1 img {\n\t\t\t\tborder: 2px solid #cfcfcf;\n\t\t\t}\n\t\t\t#gallery-1 .gallery-caption {\n\t\t\t\tmargin-left: 0;\n\t\t\t}\n\t\t\t\/* see gallery_shortcode() in wp-includes\/media.php *\/\n\t\t<\/style>\n\t\t<div id='gallery-1' class='gallery galleryid-14935 gallery-columns-3 gallery-size-thumbnail'><dl class='gallery-item'>\n\t\t\t<dt class='gallery-icon landscape'>\n\t\t\t\t<a href='http:\/\/info.sadowne.pl\/wp-content\/uploads\/2017\/02\/2017.02.19.11.jpg'><img loading=\"lazy\" decoding=\"async\" width=\"180\" height=\"130\" src=\"http:\/\/info.sadowne.pl\/wp-content\/uploads\/2017\/02\/2017.02.19.11-180x130.jpg\" class=\"attachment-thumbnail size-thumbnail\" alt=\"\" \/><\/a>\n\t\t\t<\/dt><\/dl><dl class='gallery-item'>\n\t\t\t<dt class='gallery-icon portrait'>\n\t\t\t\t<a href='http:\/\/info.sadowne.pl\/wp-content\/uploads\/2017\/02\/2017.02.19.12.jpg'><img loading=\"lazy\" decoding=\"async\" width=\"180\" height=\"130\" src=\"http:\/\/info.sadowne.pl\/wp-content\/uploads\/2017\/02\/2017.02.19.12-180x130.jpg\" class=\"attachment-thumbnail size-thumbnail\" alt=\"\" \/><\/a>\n\t\t\t<\/dt><\/dl><dl class='gallery-item'>\n\t\t\t<dt class='gallery-icon landscape'>\n\t\t\t\t<a href='http:\/\/info.sadowne.pl\/wp-content\/uploads\/2017\/02\/2017.02.19.13.jpg'><img loading=\"lazy\" decoding=\"async\" width=\"180\" height=\"130\" src=\"http:\/\/info.sadowne.pl\/wp-content\/uploads\/2017\/02\/2017.02.19.13-180x130.jpg\" class=\"attachment-thumbnail size-thumbnail\" alt=\"\" \/><\/a>\n\t\t\t<\/dt><\/dl><br style=\"clear: both\" \/><dl class='gallery-item'>\n\t\t\t<dt class='gallery-icon landscape'>\n\t\t\t\t<a href='http:\/\/info.sadowne.pl\/wp-content\/uploads\/2017\/02\/2017.02.19.14.jpg'><img loading=\"lazy\" decoding=\"async\" width=\"180\" height=\"130\" src=\"http:\/\/info.sadowne.pl\/wp-content\/uploads\/2017\/02\/2017.02.19.14-180x130.jpg\" class=\"attachment-thumbnail size-thumbnail\" alt=\"\" \/><\/a>\n\t\t\t<\/dt><\/dl><dl class='gallery-item'>\n\t\t\t<dt class='gallery-icon portrait'>\n\t\t\t\t<a href='http:\/\/info.sadowne.pl\/wp-content\/uploads\/2017\/02\/2017.02.19.15.jpg'><img loading=\"lazy\" decoding=\"async\" width=\"180\" height=\"130\" src=\"http:\/\/info.sadowne.pl\/wp-content\/uploads\/2017\/02\/2017.02.19.15-180x130.jpg\" class=\"attachment-thumbnail size-thumbnail\" alt=\"\" \/><\/a>\n\t\t\t<\/dt><\/dl><dl class='gallery-item'>\n\t\t\t<dt class='gallery-icon landscape'>\n\t\t\t\t<a href='http:\/\/info.sadowne.pl\/wp-content\/uploads\/2017\/02\/2017.02.19.16.jpg'><img loading=\"lazy\" decoding=\"async\" width=\"180\" height=\"130\" src=\"http:\/\/info.sadowne.pl\/wp-content\/uploads\/2017\/02\/2017.02.19.16-180x130.jpg\" class=\"attachment-thumbnail size-thumbnail\" alt=\"\" srcset=\"http:\/\/info.sadowne.pl\/wp-content\/uploads\/2017\/02\/2017.02.19.16-180x130.jpg 180w, http:\/\/info.sadowne.pl\/wp-content\/uploads\/2017\/02\/2017.02.19.16-300x215.jpg 300w, http:\/\/info.sadowne.pl\/wp-content\/uploads\/2017\/02\/2017.02.19.16.jpg 425w\" sizes=\"auto, (max-width: 180px) 100vw, 180px\" \/><\/a>\n\t\t\t<\/dt><\/dl><br style=\"clear: both\" \/><dl class='gallery-item'>\n\t\t\t<dt class='gallery-icon portrait'>\n\t\t\t\t<a href='http:\/\/info.sadowne.pl\/wp-content\/uploads\/2017\/02\/2017.02.19.17.jpg'><img loading=\"lazy\" decoding=\"async\" width=\"180\" height=\"130\" src=\"http:\/\/info.sadowne.pl\/wp-content\/uploads\/2017\/02\/2017.02.19.17-180x130.jpg\" class=\"attachment-thumbnail size-thumbnail\" alt=\"\" \/><\/a>\n\t\t\t<\/dt><\/dl><dl class='gallery-item'>\n\t\t\t<dt class='gallery-icon landscape'>\n\t\t\t\t<a href='http:\/\/info.sadowne.pl\/wp-content\/uploads\/2017\/02\/2017.02.19.18.jpg'><img loading=\"lazy\" decoding=\"async\" width=\"180\" height=\"130\" src=\"http:\/\/info.sadowne.pl\/wp-content\/uploads\/2017\/02\/2017.02.19.18-180x130.jpg\" class=\"attachment-thumbnail size-thumbnail\" alt=\"\" \/><\/a>\n\t\t\t<\/dt><\/dl>\n\t\t\t<br style='clear: both' \/>\n\t\t<\/div>\n\n<p><strong>Foto:<\/strong> Anna Szyszka<\/p>\n<p><strong>\u0179r\u00f3d\u0142o:<\/strong> <a href=\"http:\/\/www.festiwalbiegowy.pl\">www.festiwalbiegowy.pl<\/a><\/p>\n","protected":false},"excerpt":{"rendered":"<p>Popularny \u201eSkaryszak\u201d 18 lutego wype\u0142ni\u0142 si\u0119 biegaczami. W biegu na 9 km w\u015br\u00f3d pa\u0144 najlepsza okaza\u0142a si\u0119 wicemistrzyni polski w maratonie Anna Szyszka, kt\u00f3ra na mecie zameldowa\u0142a si\u0119 z czasem 34:15.<\/p>\n","protected":false},"author":1,"featured_media":0,"comment_status":"closed","ping_status":"closed","sticky":false,"template":"","format":"standard","meta":{"footnotes":""},"categories":[5,2135,7],"tags":[2349,734,1590],"class_list":["post-14935","post","type-post","status-publish","format-standard","hentry","category-newsy","category-bieganie","category-sport","tag-12-bieg-wedla-w-warszawie","tag-anna-szyszka","tag-bieganie"],"views":3375,"_links":{"self":[{"href":"http:\/\/info.sadowne.pl\/index.php?rest_route=\/wp\/v2\/posts\/14935","targetHints":{"allow":["GET"]}}],"collection":[{"href":"http:\/\/info.sadowne.pl\/index.php?rest_route=\/wp\/v2\/posts"}],"about":[{"href":"http:\/\/info.sadowne.pl\/index.php?rest_route=\/wp\/v2\/types\/post"}],"author":[{"embeddable":true,"href":"http:\/\/info.sadowne.pl\/index.php?rest_route=\/wp\/v2\/users\/1"}],"replies":[{"embeddable":true,"href":"http:\/\/info.sadowne.pl\/index.php?rest_route=%2Fwp%2Fv2%2Fcomments&post=14935"}],"version-history":[{"count":1,"href":"http:\/\/info.sadowne.pl\/index.php?rest_route=\/wp\/v2\/posts\/14935\/revisions"}],"predecessor-version":[{"id":14946,"href":"http:\/\/info.sadowne.pl\/index.php?rest_route=\/wp\/v2\/posts\/14935\/revisions\/14946"}],"wp:attachment":[{"href":"http:\/\/info.sadowne.pl\/index.php?rest_route=%2Fwp%2Fv2%2Fmedia&parent=14935"}],"wp:term":[{"taxonomy":"category","embeddable":true,"href":"http:\/\/info.sadowne.pl\/index.php?rest_route=%2Fwp%2Fv2%2Fcategories&post=14935"},{"taxonomy":"post_tag","embeddable":true,"href":"http:\/\/info.sadowne.pl\/index.php?rest_route=%2Fwp%2Fv2%2Ftags&post=14935"}],"curies":[{"name":"wp","href":"https:\/\/api.w.org\/{rel}","templated":true}]}}