{"id":15241,"date":"2017-03-23T15:10:36","date_gmt":"2017-03-23T14:10:36","guid":{"rendered":"http:\/\/www.infosadowne.boo.pl\/?p=15241"},"modified":"2017-03-23T15:18:30","modified_gmt":"2017-03-23T14:18:30","slug":"tylko-sadowne-profilaktyka-stoi","status":"publish","type":"post","link":"http:\/\/info.sadowne.pl\/?p=15241","title":{"rendered":"Tylko Sadowne profilaktyk\u0105 stoi?"},"content":{"rendered":"<p><strong><a href=\"http:\/\/www.info.sadowne.pl\/wp-content\/uploads\/2017\/03\/2017.03.23.1.jpg\" target=\"_blank\"><img loading=\"lazy\" decoding=\"async\" class=\"alignleft wp-image-15243 size-thumbnail\" src=\"http:\/\/www.info.sadowne.pl\/wp-content\/uploads\/2017\/03\/2017.03.23.1-180x130.jpg\" alt=\"\" width=\"180\" height=\"130\" \/><\/a>22 marca przedstawiciele organizator\u00f3w tegorocznych ferii zimowych w Sadownem z r\u0105k Wojewody Mazowieckiego odebrali oficjalne podzi\u0119kowanie.<\/strong><!--more--><\/p>\n<p>W przeddzie\u0144 ferii zimowych 2017 na Mazowszu Wojewoda Mazowiecki, wsp\u00f3lnie z Mazowieckim Kuratorem O\u015bwiaty, Mazowieckim Komendantem Wojew\u00f3dzkim Policji i Komendantem Sto\u0142ecznym Policji, og\u0142osi\u0142 konkurs na najciekawsz\u0105 inicjatyw\u0119 profilaktyczno \u2013 edukacyjn\u0105 dotycz\u0105c\u0105 bezpiecze\u0144stwa dzieci i m\u0142odzie\u017cy w czasie tych ferii zimowych.<\/p>\n<p><a href=\"http:\/\/www.info.sadowne.pl\/wp-content\/uploads\/2017\/03\/2017.03.23.2.jpg\" target=\"_blank\"><img loading=\"lazy\" decoding=\"async\" class=\"alignright wp-image-15244 size-thumbnail\" src=\"http:\/\/www.info.sadowne.pl\/wp-content\/uploads\/2017\/03\/2017.03.23.2-180x130.jpg\" alt=\"\" width=\"180\" height=\"130\" \/><\/a>Z uwagi na to, i\u017c Gminny O\u015brodek Kultury w Sadownem, we wsp\u00f3\u0142pracy z Gminn\u0105 Komisj\u0105 Rozwi\u0105zywania Problem\u00f3w Alkoholowych i Gminnym O\u015brodkiem Pomocy Spo\u0142ecznej w Sadownem, przygotowa\u0142 na okres ferii dla dzieci ze szk\u00f3l z terenu Gminy program profilaktyczny zatytu\u0142owany \u201eSmak \u017cycia\u201d, postanowiono przyst\u0105pi\u0107 do og\u0142oszonego konkursu.<\/p>\n<p>O realizacji programu \u201eSmak \u017cycia\u201d w Naszej Gminie pisali\u015bmy na \u0142amach INFO Sadowne w artyku\u0142ach: <span style=\"color: #0000ff;\"><a style=\"color: #0000ff;\" href=\"http:\/\/www.info.sadowne.pl\/?p=14923\" target=\"_blank\"><strong>\u201eMin\u0105\u0142 tydzie\u0144 ferii\u201d<\/strong><\/a><\/span> i <span style=\"color: #0000ff;\"><a style=\"color: #0000ff;\" href=\"http:\/\/www.info.sadowne.pl\/?p=14993\" target=\"_blank\"><strong>\u201eII tydzie\u0144 ferii w Sadownem\u201d<\/strong><\/a><\/span>. Sprawozdanie z tych dzia\u0142a\u0144, zgodnie z regulaminem, przes\u0142ano do organizatora konkursu.<\/p>\n<p><strong><a href=\"http:\/\/www.info.sadowne.pl\/wp-content\/uploads\/2017\/03\/2017.03.23.3.jpg\" target=\"_blank\"><img loading=\"lazy\" decoding=\"async\" class=\"alignleft wp-image-15245 size-thumbnail\" src=\"http:\/\/www.info.sadowne.pl\/wp-content\/uploads\/2017\/03\/2017.03.23.3-180x130.jpg\" alt=\"\" width=\"180\" height=\"130\" \/><\/a>22 marca w Mazowieckim Urz\u0119dzie Wojew\u00f3dzkim w Warszawie odby\u0142o si\u0119 uroczyste podsumowanie konkursu \u2013 Sadowne reprezentowa\u0142y Panie: Ewa Pi\u00f3rkowska i Barbara Stanis\u0142awczyk. <\/strong><\/p>\n<p>Jak si\u0119 okazuje, organizatorzy przygotowali tylko jedn\u0105 nagrod\u0119 dla g\u0142\u00f3wnego laureata, kt\u00f3rym zosta\u0142o Publiczne Gimnazjum nr 1 im. Klaudyny Potockiej w Pu\u0142tusku. Powo\u0142ana Komisja konkursowa w ocenie 28. przyj\u0119tych projekt\u00f3w bra\u0142a pod uwag\u0119: ich innowacyjno\u015b\u0107 i pomys\u0142owo\u015b\u0107, uniwersalno\u015b\u0107, promocj\u0119 zdrowego stylu \u017cycia wolnego od uzale\u017cnie\u0144, agresji i przemocy, a tak\u017ce przekazywanie element\u00f3w wiedzy wiktymologicznej. Dodatkowo pod uwag\u0119 brano wsp\u00f3\u0142prac\u0119 z partnerami spo\u0142ecznymi, instytucjami i organizacjami, kt\u00f3re w\u015br\u00f3d ustawowych lub statutowych dzia\u0142a\u0144 wpisane maj\u0105 zadania z obszaru bezpiecze\u0144stwa, profilaktyki i promocj\u0119 szeroko poj\u0119tego bezpiecze\u0144stwa.<\/p>\n<p><strong><a href=\"http:\/\/www.info.sadowne.pl\/wp-content\/uploads\/2017\/03\/2017.03.23.5.jpg\" target=\"_blank\"><img loading=\"lazy\" decoding=\"async\" class=\"alignright wp-image-15246 size-medium\" src=\"http:\/\/www.info.sadowne.pl\/wp-content\/uploads\/2017\/03\/2017.03.23.5-218x300.jpg\" alt=\"\" width=\"218\" height=\"300\" srcset=\"http:\/\/info.sadowne.pl\/wp-content\/uploads\/2017\/03\/2017.03.23.5-218x300.jpg 218w, http:\/\/info.sadowne.pl\/wp-content\/uploads\/2017\/03\/2017.03.23.5.jpg 578w\" sizes=\"auto, (max-width: 218px) 100vw, 218px\" \/><\/a>Sadowie\u0144ski projekt oceniono wysoko i nasze przedstawicielki za jego realizacj\u0119 otrzyma\u0142y specjalne podzi\u0119kowanie z r\u0105k organizator\u00f3w:<\/strong> Wojewody Mazowieckiego Zdzis\u0142awa Sipiery, Mazowieckiego Kurator O\u015bwiaty Aurelii Micha\u0142owskiej, Zast\u0119pca Komendanta Wojew\u00f3dzkiego Policji insp. Marka \u015awiszcza i p.o. Komendanta Sto\u0142ecznego Policji m\u0142. insp. Rafa\u0142a Kubickiego.<\/p>\n<p><strong>Gratulujemy!<\/strong> Dziwne jest tylko, \u017ce\u2026 jak si\u0119 okazuje, w naszym powiecie tylko Sadowne profilaktyk\u0105 stoi \u2013 jako jedyni z powiatu w\u0119growskiego wzi\u0119li\u015bmy udzia\u0142 w tym konkursie, a chyba wszystkim le\u017cy na sercu dobro naszych dzieci.<\/p>\n<p><strong>Tekst:<\/strong> S\u0142awek Chyli\u0144ski<\/p>\n<p><strong>Foto:<\/strong> GOK Sadowne<\/p>\n<p><strong>\u0179<\/strong><strong>r\u00f3d\u0142o:<\/strong> <a href=\"http:\/\/www.mazowiecke.pl\" target=\"_blank\">www.mazowiecke.pl<\/a><\/p>\n","protected":false},"excerpt":{"rendered":"<p>22 marca przedstawiciele organizator\u00f3w tegorocznych ferii zimowych w Sadownem z r\u0105k Wojewody Mazowieckiego odebrali oficjalne podzi\u0119kowanie.<\/p>\n","protected":false},"author":1,"featured_media":0,"comment_status":"closed","ping_status":"closed","sticky":false,"template":"","format":"standard","meta":{"footnotes":""},"categories":[5,91,6],"tags":[125,169,2324],"class_list":["post-15241","post","type-post","status-publish","format-standard","hentry","category-newsy","category-gminny-osrodek-kultury","category-kultura-rozrywka-edukacja","tag-gminna-komisja-rozwiazywania-problemow-alkoholowych-w-sadownem","tag-gminny-osrodek-kultury-w-sadownem","tag-konkurs-na-ferie-zimowe-2017"],"views":2794,"_links":{"self":[{"href":"http:\/\/info.sadowne.pl\/index.php?rest_route=\/wp\/v2\/posts\/15241","targetHints":{"allow":["GET"]}}],"collection":[{"href":"http:\/\/info.sadowne.pl\/index.php?rest_route=\/wp\/v2\/posts"}],"about":[{"href":"http:\/\/info.sadowne.pl\/index.php?rest_route=\/wp\/v2\/types\/post"}],"author":[{"embeddable":true,"href":"http:\/\/info.sadowne.pl\/index.php?rest_route=\/wp\/v2\/users\/1"}],"replies":[{"embeddable":true,"href":"http:\/\/info.sadowne.pl\/index.php?rest_route=%2Fwp%2Fv2%2Fcomments&post=15241"}],"version-history":[{"count":2,"href":"http:\/\/info.sadowne.pl\/index.php?rest_route=\/wp\/v2\/posts\/15241\/revisions"}],"predecessor-version":[{"id":15249,"href":"http:\/\/info.sadowne.pl\/index.php?rest_route=\/wp\/v2\/posts\/15241\/revisions\/15249"}],"wp:attachment":[{"href":"http:\/\/info.sadowne.pl\/index.php?rest_route=%2Fwp%2Fv2%2Fmedia&parent=15241"}],"wp:term":[{"taxonomy":"category","embeddable":true,"href":"http:\/\/info.sadowne.pl\/index.php?rest_route=%2Fwp%2Fv2%2Fcategories&post=15241"},{"taxonomy":"post_tag","embeddable":true,"href":"http:\/\/info.sadowne.pl\/index.php?rest_route=%2Fwp%2Fv2%2Ftags&post=15241"}],"curies":[{"name":"wp","href":"https:\/\/api.w.org\/{rel}","templated":true}]}}