{"id":15250,"date":"2017-03-23T18:07:12","date_gmt":"2017-03-23T17:07:12","guid":{"rendered":"http:\/\/www.infosadowne.boo.pl\/?p=15250"},"modified":"2017-03-23T18:07:12","modified_gmt":"2017-03-23T17:07:12","slug":"wiosna-juz","status":"publish","type":"post","link":"http:\/\/info.sadowne.pl\/?p=15250","title":{"rendered":"Wiosna ju\u017c&#8230;"},"content":{"rendered":"<p><strong><a href=\"http:\/\/www.info.sadowne.pl\/wp-content\/uploads\/2017\/03\/2017.03.23.11.jpg\" target=\"_blank\"><img loading=\"lazy\" decoding=\"async\" class=\"alignleft wp-image-15252 size-thumbnail\" src=\"http:\/\/www.info.sadowne.pl\/wp-content\/uploads\/2017\/03\/2017.03.23.11-180x130.jpg\" alt=\"\" width=\"180\" height=\"130\" \/><\/a>W Grabinach wiosna ju\u017c pewna!<\/strong><!--more--><\/p>\n<p>22 marca Zesp\u00f3\u0142 Szkolno \u2013 Przedszkolny w Grabinach \u015bwi\u0119towa\u0142 nadej\u015bcie wiosny.<\/p>\n<p><a href=\"http:\/\/www.info.sadowne.pl\/wp-content\/uploads\/2017\/03\/2017.03.23.12.jpg\" target=\"_blank\"><img loading=\"lazy\" decoding=\"async\" class=\"alignright wp-image-15253 size-thumbnail\" src=\"http:\/\/www.info.sadowne.pl\/wp-content\/uploads\/2017\/03\/2017.03.23.12-180x130.jpg\" alt=\"\" width=\"180\" height=\"130\" \/><\/a><em>Wszyscy uczniowie ubrani byli w stroje z wiosennym akcentem kolorystycznym. Wiosn\u0119 powitali\u015bmy piosenkami i wierszami w wykonaniu przedszkolak\u00f3w, uczni\u00f3w klasy \u201e0\u201d i uczni\u00f3w klas I-VI.<\/em><\/p>\n<p><em><a href=\"http:\/\/www.info.sadowne.pl\/wp-content\/uploads\/2017\/03\/2017.03.23.13.jpg\" target=\"_blank\"><img loading=\"lazy\" decoding=\"async\" class=\"alignleft wp-image-15254 size-thumbnail\" src=\"http:\/\/www.info.sadowne.pl\/wp-content\/uploads\/2017\/03\/2017.03.23.13-180x130.jpg\" alt=\"\" width=\"180\" height=\"130\" \/><\/a>Potem wszyscy zebrali\u015bmy si\u0119 przed szko\u0142\u0105 i wyruszyli\u015bmy nad najbli\u017csz\u0105 rzeczk\u0119, aby tam po\u017cegna\u0107 si\u0119 z Marzann\u0105 \u2013 symbolem odchodz\u0105cej zimy.<\/em><\/p>\n<p><strong>Wi\u0119cej na stronie <span style=\"color: #0000ff;\"><a style=\"color: #0000ff;\" href=\"http:\/\/www.zspgrabiny.pl\" target=\"_blank\">Zespo\u0142u Szkolno \u2013 Przedszkolnego w Grabinach&gt;&gt;&gt;<\/a><\/span><\/strong><\/p>\n<p><strong>\u0179r\u00f3d\u0142o:<\/strong> <a href=\"http:\/\/www.zspgrabiny.pl\" target=\"_blank\">www.zspgrabiny.pl<\/a><\/p>\n","protected":false},"excerpt":{"rendered":"<p>W Grabinach wiosna ju\u017c pewna!<\/p>\n","protected":false},"author":1,"featured_media":0,"comment_status":"closed","ping_status":"closed","sticky":false,"template":"","format":"standard","meta":{"footnotes":""},"categories":[5,1752,1120],"tags":[2382,2289],"class_list":["post-15250","post","type-post","status-publish","format-standard","hentry","category-newsy","category-edukacja","category-zespol-szkolno-przedszkolny-w-grabinach","tag-powitanie-wiosny-w-grabinach","tag-zespol-szkolno-przedszkolny-w-grabinach"],"views":2781,"_links":{"self":[{"href":"http:\/\/info.sadowne.pl\/index.php?rest_route=\/wp\/v2\/posts\/15250","targetHints":{"allow":["GET"]}}],"collection":[{"href":"http:\/\/info.sadowne.pl\/index.php?rest_route=\/wp\/v2\/posts"}],"about":[{"href":"http:\/\/info.sadowne.pl\/index.php?rest_route=\/wp\/v2\/types\/post"}],"author":[{"embeddable":true,"href":"http:\/\/info.sadowne.pl\/index.php?rest_route=\/wp\/v2\/users\/1"}],"replies":[{"embeddable":true,"href":"http:\/\/info.sadowne.pl\/index.php?rest_route=%2Fwp%2Fv2%2Fcomments&post=15250"}],"version-history":[{"count":1,"href":"http:\/\/info.sadowne.pl\/index.php?rest_route=\/wp\/v2\/posts\/15250\/revisions"}],"predecessor-version":[{"id":15256,"href":"http:\/\/info.sadowne.pl\/index.php?rest_route=\/wp\/v2\/posts\/15250\/revisions\/15256"}],"wp:attachment":[{"href":"http:\/\/info.sadowne.pl\/index.php?rest_route=%2Fwp%2Fv2%2Fmedia&parent=15250"}],"wp:term":[{"taxonomy":"category","embeddable":true,"href":"http:\/\/info.sadowne.pl\/index.php?rest_route=%2Fwp%2Fv2%2Fcategories&post=15250"},{"taxonomy":"post_tag","embeddable":true,"href":"http:\/\/info.sadowne.pl\/index.php?rest_route=%2Fwp%2Fv2%2Ftags&post=15250"}],"curies":[{"name":"wp","href":"https:\/\/api.w.org\/{rel}","templated":true}]}}